{"id":2758,"date":"2023-10-20T06:03:44","date_gmt":"2023-10-20T06:03:44","guid":{"rendered":"http:\/\/knjiznice.nsk.hr\/senj\/?p=2758"},"modified":"2023-10-20T06:03:44","modified_gmt":"2023-10-20T06:03:44","slug":"predstavljanje-knjige-krunoslava-raca-tragom-medvjeda-najava","status":"publish","type":"post","link":"https:\/\/knjiznice.nsk.hr\/senj\/predstavljanje-knjige-krunoslava-raca-tragom-medvjeda-najava\/","title":{"rendered":"PREDSTAVLJANJE KNJIGE KRUNOSLAVA RACA TRAGOM MEDVJEDA-najava"},"content":{"rendered":"<p>U SKLOPU MJESECA HRVATSKE KNJIGE<br \/>\nGRADSKA KNJI\u017dNICA SENJ<br \/>\nPOZIVA VAS NA<br \/>\nPREDSTAVLJANJE KNJIGE KRUNOSLAVA RACA<br \/>\nTRAGOM MEDVJEDA<\/p>\n<p>GRADSKA KNJI\u017dNICA SENJ, \u010cETVRTAK, 26.LISTOPADA 2023. U 18 SATI<\/p>\n<p>Autor, Krunoslav Rac, zaljubljenik u prirodu, odli\u010dni promatra\u010d i fotograf slo\u017eio je izvanredni materijal za ovu knjigu. Rijetko se ima u rukama toliko neposredan i zanimljiv tekst savr\u0161eno popra\u0107en izvornim snimkama. Knjiga je i svojevrsna autobiografija pisca koji otvoreno opisuje svoje po\u010detne spoznaje o medvjedima i susrete sa njima, prvo u uto\u010di\u0161tu u Kuterevu, a odmah potom i u slobodnoj prirodi.<br \/>\nOdli\u010dan izbor opisanih do\u017eivljaja i ilustracija jedinstvenim snimkama, vrijedna je bilje\u0161ka o trenutku o\u010duvanosti na\u0161e prirodne ba\u0161tine i ujedno zalog da se to osjetljivo stanje odr\u017ei i za budu\u0107e generacije u vrijeme kad na\u0161a vrsta nemilice uni\u0161tava planet Zemlju. <\/p>\n<p> VESELIMO SE VA\u0160EM DOLASKU!<\/p>\n","protected":false},"excerpt":{"rendered":"<p>U SKLOPU MJESECA HRVATSKE KNJIGE GRADSKA KNJI\u017dNICA SENJ POZIVA VAS NA PREDSTAVLJANJE KNJIGE KRUNOSLAVA RACA TRAGOM MEDVJEDA GRADSKA KNJI\u017dNICA SENJ, \u010cETVRTAK, 26.LISTOPADA 2023. U 18 SATI Autor, Krunoslav Rac, zaljubljenik u prirodu, odli\u010dni promatra\u010d i fotograf slo\u017eio je izvanredni materijal za ovu knjigu. Rijetko se ima u rukama toliko neposredan i zanimljiv tekst savr\u0161eno popra\u0107en [&hellip;]<\/p>\n","protected":false},"author":58,"featured_media":2759,"comment_status":"closed","ping_status":"closed","sticky":false,"template":"","format":"standard","meta":{"ngg_post_thumbnail":0},"categories":[8],"tags":[],"yoast_head":"<!-- This site is optimized with the Yoast SEO plugin v16.4 - https:\/\/yoast.com\/wordpress\/plugins\/seo\/ -->\n<meta name=\"robots\" content=\"index, follow, max-snippet:-1, max-image-preview:large, max-video-preview:-1\" \/>\n<link rel=\"canonical\" href=\"http:\/\/knjiznice.nsk.hr\/senj\/predstavljanje-knjige-krunoslava-raca-tragom-medvjeda-najava\/\" \/>\n<meta property=\"og:locale\" content=\"hr_HR\" \/>\n<meta property=\"og:type\" content=\"article\" \/>\n<meta property=\"og:title\" content=\"PREDSTAVLJANJE KNJIGE KRUNOSLAVA RACA TRAGOM MEDVJEDA-najava - Gradska knji\u017enica Senj\" \/>\n<meta property=\"og:description\" content=\"U SKLOPU MJESECA HRVATSKE KNJIGE GRADSKA KNJI\u017dNICA SENJ POZIVA VAS NA PREDSTAVLJANJE KNJIGE KRUNOSLAVA RACA TRAGOM MEDVJEDA GRADSKA KNJI\u017dNICA SENJ, \u010cETVRTAK, 26.LISTOPADA 2023. U 18 SATI Autor, Krunoslav Rac, zaljubljenik u prirodu, odli\u010dni promatra\u010d i fotograf slo\u017eio je izvanredni materijal za ovu knjigu. Rijetko se ima u rukama toliko neposredan i zanimljiv tekst savr\u0161eno popra\u0107en [&hellip;]\" \/>\n<meta property=\"og:url\" content=\"http:\/\/knjiznice.nsk.hr\/senj\/predstavljanje-knjige-krunoslava-raca-tragom-medvjeda-najava\/\" \/>\n<meta property=\"og:site_name\" content=\"Gradska knji\u017enica Senj\" \/>\n<meta property=\"article:publisher\" content=\"http:\/\/facebook.com\/Gradska-knji%c5%benica-SENJ\" \/>\n<meta property=\"article:published_time\" content=\"2023-10-20T06:03:44+00:00\" \/>\n<meta property=\"og:image\" content=\"http:\/\/knjiznice.nsk.hr\/senj\/wp-content\/uploads\/sites\/60\/2023\/10\/Medvjed-KB-naslovnica-lowres-scaled.jpg\" \/>\n\t<meta property=\"og:image:width\" content=\"1828\" \/>\n\t<meta property=\"og:image:height\" content=\"2560\" \/>\n<meta name=\"twitter:label1\" content=\"Procijenjeno vrijeme \u010ditanja\" \/>\n\t<meta name=\"twitter:data1\" content=\"1 minuta\" \/>\n<script type=\"application\/ld+json\" class=\"yoast-schema-graph\">{\"@context\":\"https:\/\/schema.org\",\"@graph\":[{\"@type\":\"WebSite\",\"@id\":\"https:\/\/knjiznice.nsk.hr\/senj\/#website\",\"url\":\"https:\/\/knjiznice.nsk.hr\/senj\/\",\"name\":\"Gradska knji\\u017enica Senj\",\"description\":\"S vama od 1835. godine\",\"potentialAction\":[{\"@type\":\"SearchAction\",\"target\":\"https:\/\/knjiznice.nsk.hr\/senj\/?s={search_term_string}\",\"query-input\":\"required name=search_term_string\"}],\"inLanguage\":\"hr\"},{\"@type\":\"ImageObject\",\"@id\":\"http:\/\/knjiznice.nsk.hr\/senj\/predstavljanje-knjige-krunoslava-raca-tragom-medvjeda-najava\/#primaryimage\",\"inLanguage\":\"hr\",\"url\":\"https:\/\/knjiznice.nsk.hr\/senj\/wp-content\/uploads\/sites\/60\/2023\/10\/Medvjed-KB-naslovnica-lowres-scaled.jpg\",\"contentUrl\":\"https:\/\/knjiznice.nsk.hr\/senj\/wp-content\/uploads\/sites\/60\/2023\/10\/Medvjed-KB-naslovnica-lowres-scaled.jpg\",\"width\":1828,\"height\":2560},{\"@type\":\"WebPage\",\"@id\":\"http:\/\/knjiznice.nsk.hr\/senj\/predstavljanje-knjige-krunoslava-raca-tragom-medvjeda-najava\/#webpage\",\"url\":\"http:\/\/knjiznice.nsk.hr\/senj\/predstavljanje-knjige-krunoslava-raca-tragom-medvjeda-najava\/\",\"name\":\"PREDSTAVLJANJE KNJIGE KRUNOSLAVA RACA TRAGOM MEDVJEDA-najava - Gradska knji\\u017enica Senj\",\"isPartOf\":{\"@id\":\"https:\/\/knjiznice.nsk.hr\/senj\/#website\"},\"primaryImageOfPage\":{\"@id\":\"http:\/\/knjiznice.nsk.hr\/senj\/predstavljanje-knjige-krunoslava-raca-tragom-medvjeda-najava\/#primaryimage\"},\"datePublished\":\"2023-10-20T06:03:44+00:00\",\"dateModified\":\"2023-10-20T06:03:44+00:00\",\"author\":{\"@id\":\"https:\/\/knjiznice.nsk.hr\/senj\/#\/schema\/person\/c6b0893cdaca205d44fe2c322c042ac7\"},\"breadcrumb\":{\"@id\":\"http:\/\/knjiznice.nsk.hr\/senj\/predstavljanje-knjige-krunoslava-raca-tragom-medvjeda-najava\/#breadcrumb\"},\"inLanguage\":\"hr\",\"potentialAction\":[{\"@type\":\"ReadAction\",\"target\":[\"http:\/\/knjiznice.nsk.hr\/senj\/predstavljanje-knjige-krunoslava-raca-tragom-medvjeda-najava\/\"]}]},{\"@type\":\"BreadcrumbList\",\"@id\":\"http:\/\/knjiznice.nsk.hr\/senj\/predstavljanje-knjige-krunoslava-raca-tragom-medvjeda-najava\/#breadcrumb\",\"itemListElement\":[{\"@type\":\"ListItem\",\"position\":1,\"item\":{\"@type\":\"WebPage\",\"@id\":\"https:\/\/knjiznice.nsk.hr\/senj\/\",\"url\":\"https:\/\/knjiznice.nsk.hr\/senj\/\",\"name\":\"Po\\u010detna stranica\"}},{\"@type\":\"ListItem\",\"position\":2,\"item\":{\"@id\":\"http:\/\/knjiznice.nsk.hr\/senj\/predstavljanje-knjige-krunoslava-raca-tragom-medvjeda-najava\/#webpage\"}}]},{\"@type\":\"Person\",\"@id\":\"https:\/\/knjiznice.nsk.hr\/senj\/#\/schema\/person\/c6b0893cdaca205d44fe2c322c042ac7\",\"name\":\"senj\",\"image\":{\"@type\":\"ImageObject\",\"@id\":\"https:\/\/knjiznice.nsk.hr\/senj\/#personlogo\",\"inLanguage\":\"hr\",\"url\":\"https:\/\/secure.gravatar.com\/avatar\/b00e8e1a99b5ba41772fe68c6bcfd17c?s=96&d=mm&r=g\",\"contentUrl\":\"https:\/\/secure.gravatar.com\/avatar\/b00e8e1a99b5ba41772fe68c6bcfd17c?s=96&d=mm&r=g\",\"caption\":\"senj\"}}]}<\/script>\n<!-- \/ Yoast SEO plugin. -->","_links":{"self":[{"href":"https:\/\/knjiznice.nsk.hr\/senj\/wp-json\/wp\/v2\/posts\/2758"}],"collection":[{"href":"https:\/\/knjiznice.nsk.hr\/senj\/wp-json\/wp\/v2\/posts"}],"about":[{"href":"https:\/\/knjiznice.nsk.hr\/senj\/wp-json\/wp\/v2\/types\/post"}],"author":[{"embeddable":true,"href":"https:\/\/knjiznice.nsk.hr\/senj\/wp-json\/wp\/v2\/users\/58"}],"replies":[{"embeddable":true,"href":"https:\/\/knjiznice.nsk.hr\/senj\/wp-json\/wp\/v2\/comments?post=2758"}],"version-history":[{"count":1,"href":"https:\/\/knjiznice.nsk.hr\/senj\/wp-json\/wp\/v2\/posts\/2758\/revisions"}],"predecessor-version":[{"id":2760,"href":"https:\/\/knjiznice.nsk.hr\/senj\/wp-json\/wp\/v2\/posts\/2758\/revisions\/2760"}],"wp:featuredmedia":[{"embeddable":true,"href":"https:\/\/knjiznice.nsk.hr\/senj\/wp-json\/wp\/v2\/media\/2759"}],"wp:attachment":[{"href":"https:\/\/knjiznice.nsk.hr\/senj\/wp-json\/wp\/v2\/media?parent=2758"}],"wp:term":[{"taxonomy":"category","embeddable":true,"href":"https:\/\/knjiznice.nsk.hr\/senj\/wp-json\/wp\/v2\/categories?post=2758"},{"taxonomy":"post_tag","embeddable":true,"href":"https:\/\/knjiznice.nsk.hr\/senj\/wp-json\/wp\/v2\/tags?post=2758"}],"curies":[{"name":"wp","href":"https:\/\/api.w.org\/{rel}","templated":true}]}}