{"id":2744,"date":"2023-08-28T06:05:26","date_gmt":"2023-08-28T06:05:26","guid":{"rendered":"http:\/\/knjiznice.nsk.hr\/senj\/?p=2744"},"modified":"2023-08-28T06:05:48","modified_gmt":"2023-08-28T06:05:48","slug":"drugi-senjski-storystelling-festival","status":"publish","type":"post","link":"https:\/\/knjiznice.nsk.hr\/senj\/drugi-senjski-storystelling-festival\/","title":{"rendered":"DRUGI SENJSKI STORYTELLING FESTIVAL"},"content":{"rendered":"<p>Bilo je tu kraljevni, mudraca,kraljeva \u2026 i raznih drugih likova putem kojih su poslane sna\u017ene poruke iz \u017eivota, a sve se odvijalo u iznimnom prostoru atrija senjskog Gradskog muzeja pred mnogobrojnom publikom koja je do\u0161la na 2. Senjski storytelling festival. I ove su ga godine organizirali Gradska knji\u017enica Senj, Gradski muzej Senj i Ileana Tomljanovi\u0107 , a ovogodi\u0161nji Festival nosio je naziv  \u201eOtklju\u010daj pri\u010du\u201c.<br \/>\nA otklju\u010dano je puno pou\u010dnih pri\u010da koje su ispri\u010dali ponajbolje hrvatske pripovjeda\u010dice Marica Duspara, Srebrenka Peregrin, Dijana Zori\u0107, Jadranka Dunatov, Nina Dokoza i doma\u0107ica Ileana Tomljanovi\u0107.<br \/>\nIspred organizatora prisutne je pozdravila i najavila pripovjeda\u010de ravnateljica senjske knji\u017enice prof. Ana Prpi\u0107 Rogi\u0107 i istaknula kako ponukani dobrim reakcijama na lanjski festival i ove godine nastavljaju s pripovijedanjem.<br \/>\n-Znamo da dobre pri\u010de nemaju uzrastom definiranu publiku, a ovogodi\u0161nji festival poklonit \u0107emo na\u0161im odraslim gostima, mamama, tatama, bakama, djedovima. Kao i lani, za mjesto pripovijedanja izabrali smo \u010darobni atrij senjskog muzeja. Pri\u010de su neizostavni dio svake kulture i neovisno o tome koliko smo tehnolo\u0161ki napredovali, utkane su u nas, ba\u0161 kao i na\u0161i temelji, uvijek im se vra\u0107amo. Pri\u010danje, pripovijedanje, \u010ditanje va\u017ene su osobnom rastu i razvoju svakog pojedinca. \u0160ire vokabular,razvijaju ma\u0161tu, poti\u010du kriti\u010dko mi\u0161ljenje. I zato je va\u017eno da \u010ditaju i slu\u0161aju pri\u010de i djeca, ali i odrasli. Pri\u010de hrane du\u0161u i otvaraju nam srca. Svatko od nas ima svoju pri\u010du, samo je treba otklju\u010dati\u201c kazala je ravnateljica Prpi\u0107-Rogi\u0107 i prepustila pripovjeda\u010dima otklju\u010davanje pri\u010da koje je publika pratila s pa\u017enjom  i u\u017eivala u  gotovo dvosatnim pri\u010dama. <\/p>\n","protected":false},"excerpt":{"rendered":"<p>Bilo je tu kraljevni, mudraca,kraljeva \u2026 i raznih drugih likova putem kojih su poslane sna\u017ene poruke iz \u017eivota, a sve se odvijalo u iznimnom prostoru atrija senjskog Gradskog muzeja pred mnogobrojnom publikom koja je do\u0161la na 2. Senjski storytelling festival. I ove su ga godine organizirali Gradska knji\u017enica Senj, Gradski muzej Senj i Ileana Tomljanovi\u0107 [&hellip;]<\/p>\n","protected":false},"author":58,"featured_media":2745,"comment_status":"closed","ping_status":"closed","sticky":false,"template":"","format":"standard","meta":{"ngg_post_thumbnail":0},"categories":[8],"tags":[],"yoast_head":"<!-- This site is optimized with the Yoast SEO plugin v16.4 - https:\/\/yoast.com\/wordpress\/plugins\/seo\/ -->\n<meta name=\"robots\" content=\"index, follow, max-snippet:-1, max-image-preview:large, max-video-preview:-1\" \/>\n<link rel=\"canonical\" href=\"https:\/\/knjiznice.nsk.hr\/senj\/drugi-senjski-storystelling-festival\/\" \/>\n<meta property=\"og:locale\" content=\"hr_HR\" \/>\n<meta property=\"og:type\" content=\"article\" \/>\n<meta property=\"og:title\" content=\"DRUGI SENJSKI STORYTELLING FESTIVAL - Gradska knji\u017enica Senj\" \/>\n<meta property=\"og:description\" content=\"Bilo je tu kraljevni, mudraca,kraljeva \u2026 i raznih drugih likova putem kojih su poslane sna\u017ene poruke iz \u017eivota, a sve se odvijalo u iznimnom prostoru atrija senjskog Gradskog muzeja pred mnogobrojnom publikom koja je do\u0161la na 2. Senjski storytelling festival. I ove su ga godine organizirali Gradska knji\u017enica Senj, Gradski muzej Senj i Ileana Tomljanovi\u0107 [&hellip;]\" \/>\n<meta property=\"og:url\" content=\"https:\/\/knjiznice.nsk.hr\/senj\/drugi-senjski-storystelling-festival\/\" \/>\n<meta property=\"og:site_name\" content=\"Gradska knji\u017enica Senj\" \/>\n<meta property=\"article:publisher\" content=\"http:\/\/facebook.com\/Gradska-knji%c5%benica-SENJ\" \/>\n<meta property=\"article:published_time\" content=\"2023-08-28T06:05:26+00:00\" \/>\n<meta property=\"article:modified_time\" content=\"2023-08-28T06:05:48+00:00\" \/>\n<meta property=\"og:image\" content=\"http:\/\/knjiznice.nsk.hr\/senj\/wp-content\/uploads\/sites\/60\/2023\/08\/IMG-706c607b1d1b73c92f7311e880078e0a-V.jpg\" \/>\n\t<meta property=\"og:image:width\" content=\"1600\" \/>\n\t<meta property=\"og:image:height\" content=\"1200\" \/>\n<meta name=\"twitter:label1\" content=\"Procijenjeno vrijeme \u010ditanja\" \/>\n\t<meta name=\"twitter:data1\" content=\"1 minuta\" \/>\n<script type=\"application\/ld+json\" class=\"yoast-schema-graph\">{\"@context\":\"https:\/\/schema.org\",\"@graph\":[{\"@type\":\"WebSite\",\"@id\":\"https:\/\/knjiznice.nsk.hr\/senj\/#website\",\"url\":\"https:\/\/knjiznice.nsk.hr\/senj\/\",\"name\":\"Gradska knji\\u017enica Senj\",\"description\":\"S vama od 1835. godine\",\"potentialAction\":[{\"@type\":\"SearchAction\",\"target\":\"https:\/\/knjiznice.nsk.hr\/senj\/?s={search_term_string}\",\"query-input\":\"required name=search_term_string\"}],\"inLanguage\":\"hr\"},{\"@type\":\"ImageObject\",\"@id\":\"https:\/\/knjiznice.nsk.hr\/senj\/drugi-senjski-storystelling-festival\/#primaryimage\",\"inLanguage\":\"hr\",\"url\":\"https:\/\/knjiznice.nsk.hr\/senj\/wp-content\/uploads\/sites\/60\/2023\/08\/IMG-706c607b1d1b73c92f7311e880078e0a-V.jpg\",\"contentUrl\":\"https:\/\/knjiznice.nsk.hr\/senj\/wp-content\/uploads\/sites\/60\/2023\/08\/IMG-706c607b1d1b73c92f7311e880078e0a-V.jpg\",\"width\":1600,\"height\":1200},{\"@type\":\"WebPage\",\"@id\":\"https:\/\/knjiznice.nsk.hr\/senj\/drugi-senjski-storystelling-festival\/#webpage\",\"url\":\"https:\/\/knjiznice.nsk.hr\/senj\/drugi-senjski-storystelling-festival\/\",\"name\":\"DRUGI SENJSKI STORYTELLING FESTIVAL - Gradska knji\\u017enica Senj\",\"isPartOf\":{\"@id\":\"https:\/\/knjiznice.nsk.hr\/senj\/#website\"},\"primaryImageOfPage\":{\"@id\":\"https:\/\/knjiznice.nsk.hr\/senj\/drugi-senjski-storystelling-festival\/#primaryimage\"},\"datePublished\":\"2023-08-28T06:05:26+00:00\",\"dateModified\":\"2023-08-28T06:05:48+00:00\",\"author\":{\"@id\":\"https:\/\/knjiznice.nsk.hr\/senj\/#\/schema\/person\/c6b0893cdaca205d44fe2c322c042ac7\"},\"breadcrumb\":{\"@id\":\"https:\/\/knjiznice.nsk.hr\/senj\/drugi-senjski-storystelling-festival\/#breadcrumb\"},\"inLanguage\":\"hr\",\"potentialAction\":[{\"@type\":\"ReadAction\",\"target\":[\"https:\/\/knjiznice.nsk.hr\/senj\/drugi-senjski-storystelling-festival\/\"]}]},{\"@type\":\"BreadcrumbList\",\"@id\":\"https:\/\/knjiznice.nsk.hr\/senj\/drugi-senjski-storystelling-festival\/#breadcrumb\",\"itemListElement\":[{\"@type\":\"ListItem\",\"position\":1,\"item\":{\"@type\":\"WebPage\",\"@id\":\"https:\/\/knjiznice.nsk.hr\/senj\/\",\"url\":\"https:\/\/knjiznice.nsk.hr\/senj\/\",\"name\":\"Po\\u010detna stranica\"}},{\"@type\":\"ListItem\",\"position\":2,\"item\":{\"@id\":\"https:\/\/knjiznice.nsk.hr\/senj\/drugi-senjski-storystelling-festival\/#webpage\"}}]},{\"@type\":\"Person\",\"@id\":\"https:\/\/knjiznice.nsk.hr\/senj\/#\/schema\/person\/c6b0893cdaca205d44fe2c322c042ac7\",\"name\":\"senj\",\"image\":{\"@type\":\"ImageObject\",\"@id\":\"https:\/\/knjiznice.nsk.hr\/senj\/#personlogo\",\"inLanguage\":\"hr\",\"url\":\"https:\/\/secure.gravatar.com\/avatar\/b00e8e1a99b5ba41772fe68c6bcfd17c?s=96&d=mm&r=g\",\"contentUrl\":\"https:\/\/secure.gravatar.com\/avatar\/b00e8e1a99b5ba41772fe68c6bcfd17c?s=96&d=mm&r=g\",\"caption\":\"senj\"}}]}<\/script>\n<!-- \/ Yoast SEO plugin. -->","_links":{"self":[{"href":"https:\/\/knjiznice.nsk.hr\/senj\/wp-json\/wp\/v2\/posts\/2744"}],"collection":[{"href":"https:\/\/knjiznice.nsk.hr\/senj\/wp-json\/wp\/v2\/posts"}],"about":[{"href":"https:\/\/knjiznice.nsk.hr\/senj\/wp-json\/wp\/v2\/types\/post"}],"author":[{"embeddable":true,"href":"https:\/\/knjiznice.nsk.hr\/senj\/wp-json\/wp\/v2\/users\/58"}],"replies":[{"embeddable":true,"href":"https:\/\/knjiznice.nsk.hr\/senj\/wp-json\/wp\/v2\/comments?post=2744"}],"version-history":[{"count":2,"href":"https:\/\/knjiznice.nsk.hr\/senj\/wp-json\/wp\/v2\/posts\/2744\/revisions"}],"predecessor-version":[{"id":2747,"href":"https:\/\/knjiznice.nsk.hr\/senj\/wp-json\/wp\/v2\/posts\/2744\/revisions\/2747"}],"wp:featuredmedia":[{"embeddable":true,"href":"https:\/\/knjiznice.nsk.hr\/senj\/wp-json\/wp\/v2\/media\/2745"}],"wp:attachment":[{"href":"https:\/\/knjiznice.nsk.hr\/senj\/wp-json\/wp\/v2\/media?parent=2744"}],"wp:term":[{"taxonomy":"category","embeddable":true,"href":"https:\/\/knjiznice.nsk.hr\/senj\/wp-json\/wp\/v2\/categories?post=2744"},{"taxonomy":"post_tag","embeddable":true,"href":"https:\/\/knjiznice.nsk.hr\/senj\/wp-json\/wp\/v2\/tags?post=2744"}],"curies":[{"name":"wp","href":"https:\/\/api.w.org\/{rel}","templated":true}]}}