{"id":2724,"date":"2023-07-26T11:57:56","date_gmt":"2023-07-26T11:57:56","guid":{"rendered":"http:\/\/knjiznice.nsk.hr\/senj\/?p=2724"},"modified":"2023-07-26T11:57:56","modified_gmt":"2023-07-26T11:57:56","slug":"cetvrta-srijeda-za-5-2023-g","status":"publish","type":"post","link":"https:\/\/knjiznice.nsk.hr\/senj\/cetvrta-srijeda-za-5-2023-g\/","title":{"rendered":"\u010cETVRTA \u201eSRIJEDA ZA 5\u201c 2023.g"},"content":{"rendered":"<p>\u010cETVRTA \u201eSRIJEDA ZA 5\u201c- \u201eSPOMENICI U KOLA\u017dU\u201c<br \/>\nDanas, 26.7.2023.godine u gradskoj je knji\u017enici odr\u017eana \u010detvrta ovogodi\u0161nja \u201eSrijeda za 5\u201c. Radi se o likovnim radionicama za djecu uzrasta od 4 do 10 godina, a vodi ih umjetnica Zrinka Ostovi\u0107 na Dje\u010djem odjelu Gradske knji\u017enice Senj.<br \/>\nOvoga puta tema su bili senjski spomenici i kao najva\u017eniji su izdvojeni tvr\u0111ava Nehaj i Velika vrata. Nakon razgovora o tim na\u0161im predivnim senjskim simbolima, uslijedila je izrada istih u tehnici kola\u017ea novinama. Djeca su prvo usitnila novinski papir i od tih sitnih dijelova slagali kulu Nehaj i Velika vrata. Rezultat su predivne dvije slike zavi\u010dajne tematike. Uz to, djeci je nagla\u0161ena i va\u017enost recikliranja, tj. sama su se uvjerila kako od starih novina mogu nastati novi lijepi radovi.<br \/>\nDjeca su se lijepo zabavila i sura\u0111ivala s voditeljicom Ostovi\u0107.<br \/>\nOvo je bila ujedno i posljednja ovogodi\u0161nja ljetna radionica. Zahvaljujemo se djeci na dolasku i puno hvala i na\u0161oj Zrinki na divnoj suradnji!<br \/>\nVidimo se i dogodine!<\/p>\n","protected":false},"excerpt":{"rendered":"<p>\u010cETVRTA \u201eSRIJEDA ZA 5\u201c- \u201eSPOMENICI U KOLA\u017dU\u201c Danas, 26.7.2023.godine u gradskoj je knji\u017enici odr\u017eana \u010detvrta ovogodi\u0161nja \u201eSrijeda za 5\u201c. Radi se o likovnim radionicama za djecu uzrasta od 4 do 10 godina, a vodi ih umjetnica Zrinka Ostovi\u0107 na Dje\u010djem odjelu Gradske knji\u017enice Senj. Ovoga puta tema su bili senjski spomenici i kao najva\u017eniji su [&hellip;]<\/p>\n","protected":false},"author":58,"featured_media":2725,"comment_status":"closed","ping_status":"closed","sticky":false,"template":"","format":"standard","meta":{"ngg_post_thumbnail":0},"categories":[8],"tags":[],"yoast_head":"<!-- This site is optimized with the Yoast SEO plugin v16.4 - https:\/\/yoast.com\/wordpress\/plugins\/seo\/ -->\n<meta name=\"robots\" content=\"index, follow, max-snippet:-1, max-image-preview:large, max-video-preview:-1\" \/>\n<link rel=\"canonical\" href=\"https:\/\/knjiznice.nsk.hr\/senj\/cetvrta-srijeda-za-5-2023-g\/\" \/>\n<meta property=\"og:locale\" content=\"hr_HR\" \/>\n<meta property=\"og:type\" content=\"article\" \/>\n<meta property=\"og:title\" content=\"\u010cETVRTA \u201eSRIJEDA ZA 5\u201c 2023.g - Gradska knji\u017enica Senj\" \/>\n<meta property=\"og:description\" content=\"\u010cETVRTA \u201eSRIJEDA ZA 5\u201c- \u201eSPOMENICI U KOLA\u017dU\u201c Danas, 26.7.2023.godine u gradskoj je knji\u017enici odr\u017eana \u010detvrta ovogodi\u0161nja \u201eSrijeda za 5\u201c. Radi se o likovnim radionicama za djecu uzrasta od 4 do 10 godina, a vodi ih umjetnica Zrinka Ostovi\u0107 na Dje\u010djem odjelu Gradske knji\u017enice Senj. Ovoga puta tema su bili senjski spomenici i kao najva\u017eniji su [&hellip;]\" \/>\n<meta property=\"og:url\" content=\"https:\/\/knjiznice.nsk.hr\/senj\/cetvrta-srijeda-za-5-2023-g\/\" \/>\n<meta property=\"og:site_name\" content=\"Gradska knji\u017enica Senj\" \/>\n<meta property=\"article:publisher\" content=\"http:\/\/facebook.com\/Gradska-knji%c5%benica-SENJ\" \/>\n<meta property=\"article:published_time\" content=\"2023-07-26T11:57:56+00:00\" \/>\n<meta property=\"og:image\" content=\"http:\/\/knjiznice.nsk.hr\/senj\/wp-content\/uploads\/sites\/60\/2023\/07\/20230726_111437.jpg\" \/>\n\t<meta property=\"og:image:width\" content=\"1000\" \/>\n\t<meta property=\"og:image:height\" content=\"563\" \/>\n<meta name=\"twitter:label1\" content=\"Procijenjeno vrijeme \u010ditanja\" \/>\n\t<meta name=\"twitter:data1\" content=\"1 minuta\" \/>\n<script type=\"application\/ld+json\" class=\"yoast-schema-graph\">{\"@context\":\"https:\/\/schema.org\",\"@graph\":[{\"@type\":\"WebSite\",\"@id\":\"https:\/\/knjiznice.nsk.hr\/senj\/#website\",\"url\":\"https:\/\/knjiznice.nsk.hr\/senj\/\",\"name\":\"Gradska knji\\u017enica Senj\",\"description\":\"S vama od 1835. godine\",\"potentialAction\":[{\"@type\":\"SearchAction\",\"target\":\"https:\/\/knjiznice.nsk.hr\/senj\/?s={search_term_string}\",\"query-input\":\"required name=search_term_string\"}],\"inLanguage\":\"hr\"},{\"@type\":\"ImageObject\",\"@id\":\"https:\/\/knjiznice.nsk.hr\/senj\/cetvrta-srijeda-za-5-2023-g\/#primaryimage\",\"inLanguage\":\"hr\",\"url\":\"https:\/\/knjiznice.nsk.hr\/senj\/wp-content\/uploads\/sites\/60\/2023\/07\/20230726_111437.jpg\",\"contentUrl\":\"https:\/\/knjiznice.nsk.hr\/senj\/wp-content\/uploads\/sites\/60\/2023\/07\/20230726_111437.jpg\",\"width\":1000,\"height\":563},{\"@type\":\"WebPage\",\"@id\":\"https:\/\/knjiznice.nsk.hr\/senj\/cetvrta-srijeda-za-5-2023-g\/#webpage\",\"url\":\"https:\/\/knjiznice.nsk.hr\/senj\/cetvrta-srijeda-za-5-2023-g\/\",\"name\":\"\\u010cETVRTA \\u201eSRIJEDA ZA 5\\u201c 2023.g - Gradska knji\\u017enica Senj\",\"isPartOf\":{\"@id\":\"https:\/\/knjiznice.nsk.hr\/senj\/#website\"},\"primaryImageOfPage\":{\"@id\":\"https:\/\/knjiznice.nsk.hr\/senj\/cetvrta-srijeda-za-5-2023-g\/#primaryimage\"},\"datePublished\":\"2023-07-26T11:57:56+00:00\",\"dateModified\":\"2023-07-26T11:57:56+00:00\",\"author\":{\"@id\":\"https:\/\/knjiznice.nsk.hr\/senj\/#\/schema\/person\/c6b0893cdaca205d44fe2c322c042ac7\"},\"breadcrumb\":{\"@id\":\"https:\/\/knjiznice.nsk.hr\/senj\/cetvrta-srijeda-za-5-2023-g\/#breadcrumb\"},\"inLanguage\":\"hr\",\"potentialAction\":[{\"@type\":\"ReadAction\",\"target\":[\"https:\/\/knjiznice.nsk.hr\/senj\/cetvrta-srijeda-za-5-2023-g\/\"]}]},{\"@type\":\"BreadcrumbList\",\"@id\":\"https:\/\/knjiznice.nsk.hr\/senj\/cetvrta-srijeda-za-5-2023-g\/#breadcrumb\",\"itemListElement\":[{\"@type\":\"ListItem\",\"position\":1,\"item\":{\"@type\":\"WebPage\",\"@id\":\"https:\/\/knjiznice.nsk.hr\/senj\/\",\"url\":\"https:\/\/knjiznice.nsk.hr\/senj\/\",\"name\":\"Po\\u010detna stranica\"}},{\"@type\":\"ListItem\",\"position\":2,\"item\":{\"@id\":\"https:\/\/knjiznice.nsk.hr\/senj\/cetvrta-srijeda-za-5-2023-g\/#webpage\"}}]},{\"@type\":\"Person\",\"@id\":\"https:\/\/knjiznice.nsk.hr\/senj\/#\/schema\/person\/c6b0893cdaca205d44fe2c322c042ac7\",\"name\":\"senj\",\"image\":{\"@type\":\"ImageObject\",\"@id\":\"https:\/\/knjiznice.nsk.hr\/senj\/#personlogo\",\"inLanguage\":\"hr\",\"url\":\"https:\/\/secure.gravatar.com\/avatar\/b00e8e1a99b5ba41772fe68c6bcfd17c?s=96&d=mm&r=g\",\"contentUrl\":\"https:\/\/secure.gravatar.com\/avatar\/b00e8e1a99b5ba41772fe68c6bcfd17c?s=96&d=mm&r=g\",\"caption\":\"senj\"}}]}<\/script>\n<!-- \/ Yoast SEO plugin. -->","_links":{"self":[{"href":"https:\/\/knjiznice.nsk.hr\/senj\/wp-json\/wp\/v2\/posts\/2724"}],"collection":[{"href":"https:\/\/knjiznice.nsk.hr\/senj\/wp-json\/wp\/v2\/posts"}],"about":[{"href":"https:\/\/knjiznice.nsk.hr\/senj\/wp-json\/wp\/v2\/types\/post"}],"author":[{"embeddable":true,"href":"https:\/\/knjiznice.nsk.hr\/senj\/wp-json\/wp\/v2\/users\/58"}],"replies":[{"embeddable":true,"href":"https:\/\/knjiznice.nsk.hr\/senj\/wp-json\/wp\/v2\/comments?post=2724"}],"version-history":[{"count":1,"href":"https:\/\/knjiznice.nsk.hr\/senj\/wp-json\/wp\/v2\/posts\/2724\/revisions"}],"predecessor-version":[{"id":2726,"href":"https:\/\/knjiznice.nsk.hr\/senj\/wp-json\/wp\/v2\/posts\/2724\/revisions\/2726"}],"wp:featuredmedia":[{"embeddable":true,"href":"https:\/\/knjiznice.nsk.hr\/senj\/wp-json\/wp\/v2\/media\/2725"}],"wp:attachment":[{"href":"https:\/\/knjiznice.nsk.hr\/senj\/wp-json\/wp\/v2\/media?parent=2724"}],"wp:term":[{"taxonomy":"category","embeddable":true,"href":"https:\/\/knjiznice.nsk.hr\/senj\/wp-json\/wp\/v2\/categories?post=2724"},{"taxonomy":"post_tag","embeddable":true,"href":"https:\/\/knjiznice.nsk.hr\/senj\/wp-json\/wp\/v2\/tags?post=2724"}],"curies":[{"name":"wp","href":"https:\/\/api.w.org\/{rel}","templated":true}]}}