{"id":2718,"date":"2023-07-19T14:41:05","date_gmt":"2023-07-19T14:41:05","guid":{"rendered":"http:\/\/knjiznice.nsk.hr\/senj\/?p=2718"},"modified":"2023-07-19T14:41:05","modified_gmt":"2023-07-19T14:41:05","slug":"treca-srijeda-za-5-svi-smo-mi-superjunaci","status":"publish","type":"post","link":"https:\/\/knjiznice.nsk.hr\/senj\/treca-srijeda-za-5-svi-smo-mi-superjunaci\/","title":{"rendered":"TRE\u0106A \u201eSRIJEDA ZA 5\u201c- \u201eSVI SMO MI SUPERJUNACI\u201c"},"content":{"rendered":"<p>Danas, 19.7.2023.godine u gradskoj je knji\u017enici odr\u017eana tre\u0107a ovogodi\u0161nja \u201eSrijeda za 5\u201c. Radi se o likovnim radionicama za djecu uzrasta od 4 do 10 godina, a vodi ih umjetnica Zrinka Ostovi\u0107 na Dje\u010djem odjelu Gradske knji\u017enice Senj.<br \/>\nOvoga puta ilustratorici Zrinki se pridru\u017eila i knji\u017eevnica za djecu Sanja Berakovi\u0107 koja je djeci pro\u010ditala svoju novu slikovnicu \u201eSuperjunak iz vrti\u0107a\u201c. Radi se o zanimljivoj i pou\u010dnoj pri\u010di koja djeci budi empatiju i nagla\u0161ava kako je biti dobar prema drugima pravo juna\u0161tvo.<br \/>\nStoga je naslov radionice glasio \u201eSVI SMO MI SUPERJUNACI\u201c jer u svima nama \u010du\u010di dobro koje moramo njegovati.<br \/>\nNakon razgovora o slikovnici, djeca su crtala sebe kao superjunaka. Nastao je cijeli niz divnih crte\u017ea. Djeca su se lijepo zabavila i sura\u0111ivala s voditeljicom Ostovi\u0107 i knji\u017eevnicom Berakovi\u0107. Hvala djeci na dolasku i vidimo se i idu\u0107e srijede.<\/p>\n","protected":false},"excerpt":{"rendered":"<p>Danas, 19.7.2023.godine u gradskoj je knji\u017enici odr\u017eana tre\u0107a ovogodi\u0161nja \u201eSrijeda za 5\u201c. Radi se o likovnim radionicama za djecu uzrasta od 4 do 10 godina, a vodi ih umjetnica Zrinka Ostovi\u0107 na Dje\u010djem odjelu Gradske knji\u017enice Senj. Ovoga puta ilustratorici Zrinki se pridru\u017eila i knji\u017eevnica za djecu Sanja Berakovi\u0107 koja je djeci pro\u010ditala svoju novu [&hellip;]<\/p>\n","protected":false},"author":58,"featured_media":2719,"comment_status":"closed","ping_status":"closed","sticky":false,"template":"","format":"standard","meta":{"ngg_post_thumbnail":0},"categories":[8],"tags":[],"yoast_head":"<!-- This site is optimized with the Yoast SEO plugin v16.4 - https:\/\/yoast.com\/wordpress\/plugins\/seo\/ -->\n<meta name=\"robots\" content=\"index, follow, max-snippet:-1, max-image-preview:large, max-video-preview:-1\" \/>\n<link rel=\"canonical\" href=\"https:\/\/knjiznice.nsk.hr\/senj\/treca-srijeda-za-5-svi-smo-mi-superjunaci\/\" \/>\n<meta property=\"og:locale\" content=\"hr_HR\" \/>\n<meta property=\"og:type\" content=\"article\" \/>\n<meta property=\"og:title\" content=\"TRE\u0106A \u201eSRIJEDA ZA 5\u201c- \u201eSVI SMO MI SUPERJUNACI\u201c - Gradska knji\u017enica Senj\" \/>\n<meta property=\"og:description\" content=\"Danas, 19.7.2023.godine u gradskoj je knji\u017enici odr\u017eana tre\u0107a ovogodi\u0161nja \u201eSrijeda za 5\u201c. Radi se o likovnim radionicama za djecu uzrasta od 4 do 10 godina, a vodi ih umjetnica Zrinka Ostovi\u0107 na Dje\u010djem odjelu Gradske knji\u017enice Senj. Ovoga puta ilustratorici Zrinki se pridru\u017eila i knji\u017eevnica za djecu Sanja Berakovi\u0107 koja je djeci pro\u010ditala svoju novu [&hellip;]\" \/>\n<meta property=\"og:url\" content=\"https:\/\/knjiznice.nsk.hr\/senj\/treca-srijeda-za-5-svi-smo-mi-superjunaci\/\" \/>\n<meta property=\"og:site_name\" content=\"Gradska knji\u017enica Senj\" \/>\n<meta property=\"article:publisher\" content=\"http:\/\/facebook.com\/Gradska-knji%c5%benica-SENJ\" \/>\n<meta property=\"article:published_time\" content=\"2023-07-19T14:41:05+00:00\" \/>\n<meta property=\"og:image\" content=\"http:\/\/knjiznice.nsk.hr\/senj\/wp-content\/uploads\/sites\/60\/2023\/07\/20230719_110733-scaled.jpg\" \/>\n\t<meta property=\"og:image:width\" content=\"2560\" \/>\n\t<meta property=\"og:image:height\" content=\"1440\" \/>\n<meta name=\"twitter:label1\" content=\"Procijenjeno vrijeme \u010ditanja\" \/>\n\t<meta name=\"twitter:data1\" content=\"1 minuta\" \/>\n<script type=\"application\/ld+json\" class=\"yoast-schema-graph\">{\"@context\":\"https:\/\/schema.org\",\"@graph\":[{\"@type\":\"WebSite\",\"@id\":\"https:\/\/knjiznice.nsk.hr\/senj\/#website\",\"url\":\"https:\/\/knjiznice.nsk.hr\/senj\/\",\"name\":\"Gradska knji\\u017enica Senj\",\"description\":\"S vama od 1835. godine\",\"potentialAction\":[{\"@type\":\"SearchAction\",\"target\":\"https:\/\/knjiznice.nsk.hr\/senj\/?s={search_term_string}\",\"query-input\":\"required name=search_term_string\"}],\"inLanguage\":\"hr\"},{\"@type\":\"ImageObject\",\"@id\":\"https:\/\/knjiznice.nsk.hr\/senj\/treca-srijeda-za-5-svi-smo-mi-superjunaci\/#primaryimage\",\"inLanguage\":\"hr\",\"url\":\"https:\/\/knjiznice.nsk.hr\/senj\/wp-content\/uploads\/sites\/60\/2023\/07\/20230719_110733-scaled.jpg\",\"contentUrl\":\"https:\/\/knjiznice.nsk.hr\/senj\/wp-content\/uploads\/sites\/60\/2023\/07\/20230719_110733-scaled.jpg\",\"width\":2560,\"height\":1440},{\"@type\":\"WebPage\",\"@id\":\"https:\/\/knjiznice.nsk.hr\/senj\/treca-srijeda-za-5-svi-smo-mi-superjunaci\/#webpage\",\"url\":\"https:\/\/knjiznice.nsk.hr\/senj\/treca-srijeda-za-5-svi-smo-mi-superjunaci\/\",\"name\":\"TRE\\u0106A \\u201eSRIJEDA ZA 5\\u201c- \\u201eSVI SMO MI SUPERJUNACI\\u201c - Gradska knji\\u017enica Senj\",\"isPartOf\":{\"@id\":\"https:\/\/knjiznice.nsk.hr\/senj\/#website\"},\"primaryImageOfPage\":{\"@id\":\"https:\/\/knjiznice.nsk.hr\/senj\/treca-srijeda-za-5-svi-smo-mi-superjunaci\/#primaryimage\"},\"datePublished\":\"2023-07-19T14:41:05+00:00\",\"dateModified\":\"2023-07-19T14:41:05+00:00\",\"author\":{\"@id\":\"https:\/\/knjiznice.nsk.hr\/senj\/#\/schema\/person\/c6b0893cdaca205d44fe2c322c042ac7\"},\"breadcrumb\":{\"@id\":\"https:\/\/knjiznice.nsk.hr\/senj\/treca-srijeda-za-5-svi-smo-mi-superjunaci\/#breadcrumb\"},\"inLanguage\":\"hr\",\"potentialAction\":[{\"@type\":\"ReadAction\",\"target\":[\"https:\/\/knjiznice.nsk.hr\/senj\/treca-srijeda-za-5-svi-smo-mi-superjunaci\/\"]}]},{\"@type\":\"BreadcrumbList\",\"@id\":\"https:\/\/knjiznice.nsk.hr\/senj\/treca-srijeda-za-5-svi-smo-mi-superjunaci\/#breadcrumb\",\"itemListElement\":[{\"@type\":\"ListItem\",\"position\":1,\"item\":{\"@type\":\"WebPage\",\"@id\":\"https:\/\/knjiznice.nsk.hr\/senj\/\",\"url\":\"https:\/\/knjiznice.nsk.hr\/senj\/\",\"name\":\"Po\\u010detna stranica\"}},{\"@type\":\"ListItem\",\"position\":2,\"item\":{\"@id\":\"https:\/\/knjiznice.nsk.hr\/senj\/treca-srijeda-za-5-svi-smo-mi-superjunaci\/#webpage\"}}]},{\"@type\":\"Person\",\"@id\":\"https:\/\/knjiznice.nsk.hr\/senj\/#\/schema\/person\/c6b0893cdaca205d44fe2c322c042ac7\",\"name\":\"senj\",\"image\":{\"@type\":\"ImageObject\",\"@id\":\"https:\/\/knjiznice.nsk.hr\/senj\/#personlogo\",\"inLanguage\":\"hr\",\"url\":\"https:\/\/secure.gravatar.com\/avatar\/b00e8e1a99b5ba41772fe68c6bcfd17c?s=96&d=mm&r=g\",\"contentUrl\":\"https:\/\/secure.gravatar.com\/avatar\/b00e8e1a99b5ba41772fe68c6bcfd17c?s=96&d=mm&r=g\",\"caption\":\"senj\"}}]}<\/script>\n<!-- \/ Yoast SEO plugin. -->","_links":{"self":[{"href":"https:\/\/knjiznice.nsk.hr\/senj\/wp-json\/wp\/v2\/posts\/2718"}],"collection":[{"href":"https:\/\/knjiznice.nsk.hr\/senj\/wp-json\/wp\/v2\/posts"}],"about":[{"href":"https:\/\/knjiznice.nsk.hr\/senj\/wp-json\/wp\/v2\/types\/post"}],"author":[{"embeddable":true,"href":"https:\/\/knjiznice.nsk.hr\/senj\/wp-json\/wp\/v2\/users\/58"}],"replies":[{"embeddable":true,"href":"https:\/\/knjiznice.nsk.hr\/senj\/wp-json\/wp\/v2\/comments?post=2718"}],"version-history":[{"count":1,"href":"https:\/\/knjiznice.nsk.hr\/senj\/wp-json\/wp\/v2\/posts\/2718\/revisions"}],"predecessor-version":[{"id":2720,"href":"https:\/\/knjiznice.nsk.hr\/senj\/wp-json\/wp\/v2\/posts\/2718\/revisions\/2720"}],"wp:featuredmedia":[{"embeddable":true,"href":"https:\/\/knjiznice.nsk.hr\/senj\/wp-json\/wp\/v2\/media\/2719"}],"wp:attachment":[{"href":"https:\/\/knjiznice.nsk.hr\/senj\/wp-json\/wp\/v2\/media?parent=2718"}],"wp:term":[{"taxonomy":"category","embeddable":true,"href":"https:\/\/knjiznice.nsk.hr\/senj\/wp-json\/wp\/v2\/categories?post=2718"},{"taxonomy":"post_tag","embeddable":true,"href":"https:\/\/knjiznice.nsk.hr\/senj\/wp-json\/wp\/v2\/tags?post=2718"}],"curies":[{"name":"wp","href":"https:\/\/api.w.org\/{rel}","templated":true}]}}