{"id":2714,"date":"2023-07-12T18:12:34","date_gmt":"2023-07-12T18:12:34","guid":{"rendered":"http:\/\/knjiznice.nsk.hr\/senj\/?p=2714"},"modified":"2023-07-12T18:12:34","modified_gmt":"2023-07-12T18:12:34","slug":"druga-srijeda-za-5-sto-cu-biti-kad-odrastem","status":"publish","type":"post","link":"https:\/\/knjiznice.nsk.hr\/senj\/druga-srijeda-za-5-sto-cu-biti-kad-odrastem\/","title":{"rendered":"DRUGA \u201eSRIJEDA ZA 5\u201c- \u201e\u0160TO \u0106U BITI KAD ODRASTEM?\u201c"},"content":{"rendered":"<p>DRUGA \u201eSRIJEDA ZA 5\u201c- \u201e\u0160TO \u0106U BITI KAD ODRASTEM?\u201c<br \/>\nDanas, 12.7.2023.godine u gradskoj je knji\u017enici odr\u017eana druga ovogodi\u0161nja \u201eSrijeda za 5\u201c. Radi se o likovnim radionicama za djecu uzrasta od 4 do 10 godina, a vodi ih umjetnica Zrinka Ostovi\u0107 na Dje\u010djem odjelu Gradske knji\u017enice Senj.<br \/>\nNaziv ovotjedne radionice glasio je \u201e\u0160TO \u0106U BITI KAD ODRASTEM?\u201c. S djecom se razgovaralo o zanimanjima koja im se svi\u0111aju kao i o zanimanjima i poslovima njihovih roditelja.<br \/>\nZatim su posebno nagla\u0161ena vrlo va\u017ena zanimanja u hitnim slu\u017ebama koje nam poma\u017eu tijekom cijele godine, a pogotovo ljeti kao \u0161to su vatrogasci, policija, hitna pomo\u0107 i HGSS. Djeca su izrezivala pripremljene lutke na kartonima te uniforme vatrogasaca. Odora vatrogasca se izrezala te su lutke uz mnogo truda malih ruku bile obu\u010dene. Na kraju radionice sve je vrvilo vatrogascima, a roditeljima preporu\u010damo link na kojem mogu skinuti i isprintati lutkice i odore policajca, lije\u010dnika i HGSS-a kako bi se djeca i mogla i kod ku\u0107e zabaviti off-line:<br \/>\nhttps:\/\/cro-si-safe.eu\/wp-content\/uploads\/2023\/06\/ZARA-RADNI-LISTICI-HR.pdf<br \/>\nDjeca su se lijepo zabavila i sura\u0111ivala s voditeljicom Ostovi\u0107. Hvala djeci na dolasku i vidimo se i idu\u0107e srijede.<\/p>\n","protected":false},"excerpt":{"rendered":"<p>DRUGA \u201eSRIJEDA ZA 5\u201c- \u201e\u0160TO \u0106U BITI KAD ODRASTEM?\u201c Danas, 12.7.2023.godine u gradskoj je knji\u017enici odr\u017eana druga ovogodi\u0161nja \u201eSrijeda za 5\u201c. Radi se o likovnim radionicama za djecu uzrasta od 4 do 10 godina, a vodi ih umjetnica Zrinka Ostovi\u0107 na Dje\u010djem odjelu Gradske knji\u017enice Senj. Naziv ovotjedne radionice glasio je \u201e\u0160TO \u0106U BITI KAD [&hellip;]<\/p>\n","protected":false},"author":58,"featured_media":2715,"comment_status":"closed","ping_status":"closed","sticky":false,"template":"","format":"standard","meta":{"ngg_post_thumbnail":0},"categories":[8],"tags":[],"yoast_head":"<!-- This site is optimized with the Yoast SEO plugin v16.4 - https:\/\/yoast.com\/wordpress\/plugins\/seo\/ -->\n<meta name=\"robots\" content=\"index, follow, max-snippet:-1, max-image-preview:large, max-video-preview:-1\" \/>\n<link rel=\"canonical\" href=\"https:\/\/knjiznice.nsk.hr\/senj\/druga-srijeda-za-5-sto-cu-biti-kad-odrastem\/\" \/>\n<meta property=\"og:locale\" content=\"hr_HR\" \/>\n<meta property=\"og:type\" content=\"article\" \/>\n<meta property=\"og:title\" content=\"DRUGA \u201eSRIJEDA ZA 5\u201c- \u201e\u0160TO \u0106U BITI KAD ODRASTEM?\u201c - Gradska knji\u017enica Senj\" \/>\n<meta property=\"og:description\" content=\"DRUGA \u201eSRIJEDA ZA 5\u201c- \u201e\u0160TO \u0106U BITI KAD ODRASTEM?\u201c Danas, 12.7.2023.godine u gradskoj je knji\u017enici odr\u017eana druga ovogodi\u0161nja \u201eSrijeda za 5\u201c. Radi se o likovnim radionicama za djecu uzrasta od 4 do 10 godina, a vodi ih umjetnica Zrinka Ostovi\u0107 na Dje\u010djem odjelu Gradske knji\u017enice Senj. Naziv ovotjedne radionice glasio je \u201e\u0160TO \u0106U BITI KAD [&hellip;]\" \/>\n<meta property=\"og:url\" content=\"https:\/\/knjiznice.nsk.hr\/senj\/druga-srijeda-za-5-sto-cu-biti-kad-odrastem\/\" \/>\n<meta property=\"og:site_name\" content=\"Gradska knji\u017enica Senj\" \/>\n<meta property=\"article:publisher\" content=\"http:\/\/facebook.com\/Gradska-knji%c5%benica-SENJ\" \/>\n<meta property=\"article:published_time\" content=\"2023-07-12T18:12:34+00:00\" \/>\n<meta property=\"og:image\" content=\"http:\/\/knjiznice.nsk.hr\/senj\/wp-content\/uploads\/sites\/60\/2023\/07\/IMG-55726b89038f431727aa490c8e3c5684-V.jpg\" \/>\n\t<meta property=\"og:image:width\" content=\"1600\" \/>\n\t<meta property=\"og:image:height\" content=\"1200\" \/>\n<meta name=\"twitter:label1\" content=\"Procijenjeno vrijeme \u010ditanja\" \/>\n\t<meta name=\"twitter:data1\" content=\"1 minuta\" \/>\n<script type=\"application\/ld+json\" class=\"yoast-schema-graph\">{\"@context\":\"https:\/\/schema.org\",\"@graph\":[{\"@type\":\"WebSite\",\"@id\":\"https:\/\/knjiznice.nsk.hr\/senj\/#website\",\"url\":\"https:\/\/knjiznice.nsk.hr\/senj\/\",\"name\":\"Gradska knji\\u017enica Senj\",\"description\":\"S vama od 1835. godine\",\"potentialAction\":[{\"@type\":\"SearchAction\",\"target\":\"https:\/\/knjiznice.nsk.hr\/senj\/?s={search_term_string}\",\"query-input\":\"required name=search_term_string\"}],\"inLanguage\":\"hr\"},{\"@type\":\"ImageObject\",\"@id\":\"https:\/\/knjiznice.nsk.hr\/senj\/druga-srijeda-za-5-sto-cu-biti-kad-odrastem\/#primaryimage\",\"inLanguage\":\"hr\",\"url\":\"https:\/\/knjiznice.nsk.hr\/senj\/wp-content\/uploads\/sites\/60\/2023\/07\/IMG-55726b89038f431727aa490c8e3c5684-V.jpg\",\"contentUrl\":\"https:\/\/knjiznice.nsk.hr\/senj\/wp-content\/uploads\/sites\/60\/2023\/07\/IMG-55726b89038f431727aa490c8e3c5684-V.jpg\",\"width\":1600,\"height\":1200},{\"@type\":\"WebPage\",\"@id\":\"https:\/\/knjiznice.nsk.hr\/senj\/druga-srijeda-za-5-sto-cu-biti-kad-odrastem\/#webpage\",\"url\":\"https:\/\/knjiznice.nsk.hr\/senj\/druga-srijeda-za-5-sto-cu-biti-kad-odrastem\/\",\"name\":\"DRUGA \\u201eSRIJEDA ZA 5\\u201c- \\u201e\\u0160TO \\u0106U BITI KAD ODRASTEM?\\u201c - Gradska knji\\u017enica Senj\",\"isPartOf\":{\"@id\":\"https:\/\/knjiznice.nsk.hr\/senj\/#website\"},\"primaryImageOfPage\":{\"@id\":\"https:\/\/knjiznice.nsk.hr\/senj\/druga-srijeda-za-5-sto-cu-biti-kad-odrastem\/#primaryimage\"},\"datePublished\":\"2023-07-12T18:12:34+00:00\",\"dateModified\":\"2023-07-12T18:12:34+00:00\",\"author\":{\"@id\":\"https:\/\/knjiznice.nsk.hr\/senj\/#\/schema\/person\/c6b0893cdaca205d44fe2c322c042ac7\"},\"breadcrumb\":{\"@id\":\"https:\/\/knjiznice.nsk.hr\/senj\/druga-srijeda-za-5-sto-cu-biti-kad-odrastem\/#breadcrumb\"},\"inLanguage\":\"hr\",\"potentialAction\":[{\"@type\":\"ReadAction\",\"target\":[\"https:\/\/knjiznice.nsk.hr\/senj\/druga-srijeda-za-5-sto-cu-biti-kad-odrastem\/\"]}]},{\"@type\":\"BreadcrumbList\",\"@id\":\"https:\/\/knjiznice.nsk.hr\/senj\/druga-srijeda-za-5-sto-cu-biti-kad-odrastem\/#breadcrumb\",\"itemListElement\":[{\"@type\":\"ListItem\",\"position\":1,\"item\":{\"@type\":\"WebPage\",\"@id\":\"https:\/\/knjiznice.nsk.hr\/senj\/\",\"url\":\"https:\/\/knjiznice.nsk.hr\/senj\/\",\"name\":\"Po\\u010detna stranica\"}},{\"@type\":\"ListItem\",\"position\":2,\"item\":{\"@id\":\"https:\/\/knjiznice.nsk.hr\/senj\/druga-srijeda-za-5-sto-cu-biti-kad-odrastem\/#webpage\"}}]},{\"@type\":\"Person\",\"@id\":\"https:\/\/knjiznice.nsk.hr\/senj\/#\/schema\/person\/c6b0893cdaca205d44fe2c322c042ac7\",\"name\":\"senj\",\"image\":{\"@type\":\"ImageObject\",\"@id\":\"https:\/\/knjiznice.nsk.hr\/senj\/#personlogo\",\"inLanguage\":\"hr\",\"url\":\"https:\/\/secure.gravatar.com\/avatar\/b00e8e1a99b5ba41772fe68c6bcfd17c?s=96&d=mm&r=g\",\"contentUrl\":\"https:\/\/secure.gravatar.com\/avatar\/b00e8e1a99b5ba41772fe68c6bcfd17c?s=96&d=mm&r=g\",\"caption\":\"senj\"}}]}<\/script>\n<!-- \/ Yoast SEO plugin. -->","_links":{"self":[{"href":"https:\/\/knjiznice.nsk.hr\/senj\/wp-json\/wp\/v2\/posts\/2714"}],"collection":[{"href":"https:\/\/knjiznice.nsk.hr\/senj\/wp-json\/wp\/v2\/posts"}],"about":[{"href":"https:\/\/knjiznice.nsk.hr\/senj\/wp-json\/wp\/v2\/types\/post"}],"author":[{"embeddable":true,"href":"https:\/\/knjiznice.nsk.hr\/senj\/wp-json\/wp\/v2\/users\/58"}],"replies":[{"embeddable":true,"href":"https:\/\/knjiznice.nsk.hr\/senj\/wp-json\/wp\/v2\/comments?post=2714"}],"version-history":[{"count":1,"href":"https:\/\/knjiznice.nsk.hr\/senj\/wp-json\/wp\/v2\/posts\/2714\/revisions"}],"predecessor-version":[{"id":2716,"href":"https:\/\/knjiznice.nsk.hr\/senj\/wp-json\/wp\/v2\/posts\/2714\/revisions\/2716"}],"wp:featuredmedia":[{"embeddable":true,"href":"https:\/\/knjiznice.nsk.hr\/senj\/wp-json\/wp\/v2\/media\/2715"}],"wp:attachment":[{"href":"https:\/\/knjiznice.nsk.hr\/senj\/wp-json\/wp\/v2\/media?parent=2714"}],"wp:term":[{"taxonomy":"category","embeddable":true,"href":"https:\/\/knjiznice.nsk.hr\/senj\/wp-json\/wp\/v2\/categories?post=2714"},{"taxonomy":"post_tag","embeddable":true,"href":"https:\/\/knjiznice.nsk.hr\/senj\/wp-json\/wp\/v2\/tags?post=2714"}],"curies":[{"name":"wp","href":"https:\/\/api.w.org\/{rel}","templated":true}]}}