{"id":2702,"date":"2023-07-05T18:08:54","date_gmt":"2023-07-05T18:08:54","guid":{"rendered":"http:\/\/knjiznice.nsk.hr\/senj\/?p=2702"},"modified":"2023-07-05T18:08:54","modified_gmt":"2023-07-05T18:08:54","slug":"prva-srijeda-za-5-2023-g","status":"publish","type":"post","link":"https:\/\/knjiznice.nsk.hr\/senj\/prva-srijeda-za-5-2023-g\/","title":{"rendered":"PRVA &#8220;SRIJEDA ZA 5&#8221; 2023.g"},"content":{"rendered":"<p>PRVA \u201eSRIJEDA ZA 5\u201c-\u201eDO\u0110I U SENJ\u201c<br \/>\nDanas, 5.7.2023.godine u gradskoj je knji\u017enici odr\u017eana prva ovogodi\u0161nja \u201eSrijeda za 5\u201c. Radi se o likovnim radionicama za djecu uzrasta od 4 do 10 godina, a vodi ih umjetnica Zrinka Ostovi\u0107 na Dje\u010djem odjelu Gradske knji\u017enice Senj.<br \/>\nNaziv ovotjedne radionice glasio je \u201eDo\u0111i u Senj\u201c. Djeca su kroz igru i razgovor osmislila plakat za turiste koji do\u0111u u njihov grad. Crtalo se, razgovaralo, lijepilo, pisalo i rezalo. Bilo je kreativno, zabavno i pou\u010dno. Rezultat susreta je krasan info plakat koji posjetiteljima Senja sugerira \u0161to raditi, a \u0161to ne smiju raditi u gradu pod Nehajem. Primjerice, poru\u010duju im da se kupaju i u\u017eivaju u gradu te posjete Kulu Nehaj, ali ne smiju bacati sme\u0107e i zagra\u0111ivati prirodu i more. Svi zajedno moramo \u010duvati i paziti na\u0161 Senj.<br \/>\nDjeca su se lijepo zabavila i sura\u0111ivala s voditeljicom Ostovi\u0107. Hvala djeci na dolasku i vidimo se i idu\u0107e srijede.<\/p>\n","protected":false},"excerpt":{"rendered":"<p>PRVA \u201eSRIJEDA ZA 5\u201c-\u201eDO\u0110I U SENJ\u201c Danas, 5.7.2023.godine u gradskoj je knji\u017enici odr\u017eana prva ovogodi\u0161nja \u201eSrijeda za 5\u201c. Radi se o likovnim radionicama za djecu uzrasta od 4 do 10 godina, a vodi ih umjetnica Zrinka Ostovi\u0107 na Dje\u010djem odjelu Gradske knji\u017enice Senj. Naziv ovotjedne radionice glasio je \u201eDo\u0111i u Senj\u201c. Djeca su kroz igru [&hellip;]<\/p>\n","protected":false},"author":58,"featured_media":2703,"comment_status":"closed","ping_status":"closed","sticky":false,"template":"","format":"standard","meta":{"ngg_post_thumbnail":0},"categories":[8],"tags":[],"yoast_head":"<!-- This site is optimized with the Yoast SEO plugin v16.4 - https:\/\/yoast.com\/wordpress\/plugins\/seo\/ -->\n<meta name=\"robots\" content=\"index, follow, max-snippet:-1, max-image-preview:large, max-video-preview:-1\" \/>\n<link rel=\"canonical\" href=\"https:\/\/knjiznice.nsk.hr\/senj\/prva-srijeda-za-5-2023-g\/\" \/>\n<meta property=\"og:locale\" content=\"hr_HR\" \/>\n<meta property=\"og:type\" content=\"article\" \/>\n<meta property=\"og:title\" content=\"PRVA &quot;SRIJEDA ZA 5&quot; 2023.g - Gradska knji\u017enica Senj\" \/>\n<meta property=\"og:description\" content=\"PRVA \u201eSRIJEDA ZA 5\u201c-\u201eDO\u0110I U SENJ\u201c Danas, 5.7.2023.godine u gradskoj je knji\u017enici odr\u017eana prva ovogodi\u0161nja \u201eSrijeda za 5\u201c. Radi se o likovnim radionicama za djecu uzrasta od 4 do 10 godina, a vodi ih umjetnica Zrinka Ostovi\u0107 na Dje\u010djem odjelu Gradske knji\u017enice Senj. Naziv ovotjedne radionice glasio je \u201eDo\u0111i u Senj\u201c. Djeca su kroz igru [&hellip;]\" \/>\n<meta property=\"og:url\" content=\"https:\/\/knjiznice.nsk.hr\/senj\/prva-srijeda-za-5-2023-g\/\" \/>\n<meta property=\"og:site_name\" content=\"Gradska knji\u017enica Senj\" \/>\n<meta property=\"article:publisher\" content=\"http:\/\/facebook.com\/Gradska-knji%c5%benica-SENJ\" \/>\n<meta property=\"article:published_time\" content=\"2023-07-05T18:08:54+00:00\" \/>\n<meta property=\"og:image\" content=\"http:\/\/knjiznice.nsk.hr\/senj\/wp-content\/uploads\/sites\/60\/2023\/07\/IMG-5c3b3f5aa0fa6dfe6e3ddd2175e16f41-V.jpg\" \/>\n\t<meta property=\"og:image:width\" content=\"1600\" \/>\n\t<meta property=\"og:image:height\" content=\"1200\" \/>\n<meta name=\"twitter:label1\" content=\"Procijenjeno vrijeme \u010ditanja\" \/>\n\t<meta name=\"twitter:data1\" content=\"1 minuta\" \/>\n<script type=\"application\/ld+json\" class=\"yoast-schema-graph\">{\"@context\":\"https:\/\/schema.org\",\"@graph\":[{\"@type\":\"WebSite\",\"@id\":\"http:\/\/knjiznice.nsk.hr\/senj\/#website\",\"url\":\"http:\/\/knjiznice.nsk.hr\/senj\/\",\"name\":\"Gradska knji\\u017enica Senj\",\"description\":\"S vama od 1835. godine\",\"potentialAction\":[{\"@type\":\"SearchAction\",\"target\":\"http:\/\/knjiznice.nsk.hr\/senj\/?s={search_term_string}\",\"query-input\":\"required name=search_term_string\"}],\"inLanguage\":\"hr\"},{\"@type\":\"ImageObject\",\"@id\":\"https:\/\/knjiznice.nsk.hr\/senj\/prva-srijeda-za-5-2023-g\/#primaryimage\",\"inLanguage\":\"hr\",\"url\":\"https:\/\/knjiznice.nsk.hr\/senj\/wp-content\/uploads\/sites\/60\/2023\/07\/IMG-5c3b3f5aa0fa6dfe6e3ddd2175e16f41-V.jpg\",\"contentUrl\":\"https:\/\/knjiznice.nsk.hr\/senj\/wp-content\/uploads\/sites\/60\/2023\/07\/IMG-5c3b3f5aa0fa6dfe6e3ddd2175e16f41-V.jpg\",\"width\":1600,\"height\":1200},{\"@type\":\"WebPage\",\"@id\":\"https:\/\/knjiznice.nsk.hr\/senj\/prva-srijeda-za-5-2023-g\/#webpage\",\"url\":\"https:\/\/knjiznice.nsk.hr\/senj\/prva-srijeda-za-5-2023-g\/\",\"name\":\"PRVA \\\"SRIJEDA ZA 5\\\" 2023.g - Gradska knji\\u017enica Senj\",\"isPartOf\":{\"@id\":\"http:\/\/knjiznice.nsk.hr\/senj\/#website\"},\"primaryImageOfPage\":{\"@id\":\"https:\/\/knjiznice.nsk.hr\/senj\/prva-srijeda-za-5-2023-g\/#primaryimage\"},\"datePublished\":\"2023-07-05T18:08:54+00:00\",\"dateModified\":\"2023-07-05T18:08:54+00:00\",\"author\":{\"@id\":\"http:\/\/knjiznice.nsk.hr\/senj\/#\/schema\/person\/c6b0893cdaca205d44fe2c322c042ac7\"},\"breadcrumb\":{\"@id\":\"https:\/\/knjiznice.nsk.hr\/senj\/prva-srijeda-za-5-2023-g\/#breadcrumb\"},\"inLanguage\":\"hr\",\"potentialAction\":[{\"@type\":\"ReadAction\",\"target\":[\"https:\/\/knjiznice.nsk.hr\/senj\/prva-srijeda-za-5-2023-g\/\"]}]},{\"@type\":\"BreadcrumbList\",\"@id\":\"https:\/\/knjiznice.nsk.hr\/senj\/prva-srijeda-za-5-2023-g\/#breadcrumb\",\"itemListElement\":[{\"@type\":\"ListItem\",\"position\":1,\"item\":{\"@type\":\"WebPage\",\"@id\":\"http:\/\/knjiznice.nsk.hr\/senj\/\",\"url\":\"http:\/\/knjiznice.nsk.hr\/senj\/\",\"name\":\"Po\\u010detna stranica\"}},{\"@type\":\"ListItem\",\"position\":2,\"item\":{\"@id\":\"https:\/\/knjiznice.nsk.hr\/senj\/prva-srijeda-za-5-2023-g\/#webpage\"}}]},{\"@type\":\"Person\",\"@id\":\"http:\/\/knjiznice.nsk.hr\/senj\/#\/schema\/person\/c6b0893cdaca205d44fe2c322c042ac7\",\"name\":\"senj\",\"image\":{\"@type\":\"ImageObject\",\"@id\":\"http:\/\/knjiznice.nsk.hr\/senj\/#personlogo\",\"inLanguage\":\"hr\",\"url\":\"https:\/\/secure.gravatar.com\/avatar\/b00e8e1a99b5ba41772fe68c6bcfd17c?s=96&d=mm&r=g\",\"contentUrl\":\"https:\/\/secure.gravatar.com\/avatar\/b00e8e1a99b5ba41772fe68c6bcfd17c?s=96&d=mm&r=g\",\"caption\":\"senj\"}}]}<\/script>\n<!-- \/ Yoast SEO plugin. -->","_links":{"self":[{"href":"https:\/\/knjiznice.nsk.hr\/senj\/wp-json\/wp\/v2\/posts\/2702"}],"collection":[{"href":"https:\/\/knjiznice.nsk.hr\/senj\/wp-json\/wp\/v2\/posts"}],"about":[{"href":"https:\/\/knjiznice.nsk.hr\/senj\/wp-json\/wp\/v2\/types\/post"}],"author":[{"embeddable":true,"href":"https:\/\/knjiznice.nsk.hr\/senj\/wp-json\/wp\/v2\/users\/58"}],"replies":[{"embeddable":true,"href":"https:\/\/knjiznice.nsk.hr\/senj\/wp-json\/wp\/v2\/comments?post=2702"}],"version-history":[{"count":1,"href":"https:\/\/knjiznice.nsk.hr\/senj\/wp-json\/wp\/v2\/posts\/2702\/revisions"}],"predecessor-version":[{"id":2704,"href":"https:\/\/knjiznice.nsk.hr\/senj\/wp-json\/wp\/v2\/posts\/2702\/revisions\/2704"}],"wp:featuredmedia":[{"embeddable":true,"href":"https:\/\/knjiznice.nsk.hr\/senj\/wp-json\/wp\/v2\/media\/2703"}],"wp:attachment":[{"href":"https:\/\/knjiznice.nsk.hr\/senj\/wp-json\/wp\/v2\/media?parent=2702"}],"wp:term":[{"taxonomy":"category","embeddable":true,"href":"https:\/\/knjiznice.nsk.hr\/senj\/wp-json\/wp\/v2\/categories?post=2702"},{"taxonomy":"post_tag","embeddable":true,"href":"https:\/\/knjiznice.nsk.hr\/senj\/wp-json\/wp\/v2\/tags?post=2702"}],"curies":[{"name":"wp","href":"https:\/\/api.w.org\/{rel}","templated":true}]}}