{"id":2677,"date":"2023-06-16T05:53:23","date_gmt":"2023-06-16T05:53:23","guid":{"rendered":"http:\/\/knjiznice.nsk.hr\/senj\/?p=2677"},"modified":"2023-06-16T05:53:23","modified_gmt":"2023-06-16T05:53:23","slug":"poziv-na-maturantsku-izlozbu","status":"publish","type":"post","link":"https:\/\/knjiznice.nsk.hr\/senj\/poziv-na-maturantsku-izlozbu\/","title":{"rendered":"POZIV NA MATURANTSKU IZLO\u017dBU"},"content":{"rendered":"<p>Gradska knji\u017enica Senj i Klub maturanata senjske gimnazije<br \/>\npozivaju Vas na<br \/>\ntradicionalnu izlo\u017ebu<\/p>\n<p>\u201eSLIKA SENJSKOG MATURANTA\u201c<br \/>\nSAMOSTALNA IZLO\u017dBA MILE TOMLJANOVI\u0106A-LUCE POD NAZIVOM<br \/>\n\u201eZA SVAKOGA PONE\u0160TO\u201c<\/p>\n<p>Ove godine u sklopu Dana maturanata senjske gimnazije i  tradicionalne izlo\u017ebe \u201eSlika senjskog maturanta\u201c svoje radove izla\u017ee Mile Tomljanovi\u0107-Luce. <\/p>\n<p>Prigodan program otvorenja uljep\u0161an svirkom Bonace odr\u017eat \u0107e se u subotu, 24. lipnja 2023. godine s po\u010detkom u 9 sati.<\/p>\n<p>Do\u0111ite i u\u017eivajte u izlo\u017ebi omiljenog senjskog slikara koji je priredio za svakoga pone\u0161to.<\/p>\n<p>Veselimo se Va\u0161em dolasku!<\/p>\n","protected":false},"excerpt":{"rendered":"<p>Gradska knji\u017enica Senj i Klub maturanata senjske gimnazije pozivaju Vas na tradicionalnu izlo\u017ebu \u201eSLIKA SENJSKOG MATURANTA\u201c SAMOSTALNA IZLO\u017dBA MILE TOMLJANOVI\u0106A-LUCE POD NAZIVOM \u201eZA SVAKOGA PONE\u0160TO\u201c Ove godine u sklopu Dana maturanata senjske gimnazije i tradicionalne izlo\u017ebe \u201eSlika senjskog maturanta\u201c svoje radove izla\u017ee Mile Tomljanovi\u0107-Luce. Prigodan program otvorenja uljep\u0161an svirkom Bonace odr\u017eat \u0107e se u subotu, [&hellip;]<\/p>\n","protected":false},"author":58,"featured_media":2678,"comment_status":"closed","ping_status":"closed","sticky":false,"template":"","format":"standard","meta":{"ngg_post_thumbnail":0},"categories":[8],"tags":[],"yoast_head":"<!-- This site is optimized with the Yoast SEO plugin v16.4 - https:\/\/yoast.com\/wordpress\/plugins\/seo\/ -->\n<meta name=\"robots\" content=\"index, follow, max-snippet:-1, max-image-preview:large, max-video-preview:-1\" \/>\n<link rel=\"canonical\" href=\"https:\/\/knjiznice.nsk.hr\/senj\/poziv-na-maturantsku-izlozbu\/\" \/>\n<meta property=\"og:locale\" content=\"hr_HR\" \/>\n<meta property=\"og:type\" content=\"article\" \/>\n<meta property=\"og:title\" content=\"POZIV NA MATURANTSKU IZLO\u017dBU - Gradska knji\u017enica Senj\" \/>\n<meta property=\"og:description\" content=\"Gradska knji\u017enica Senj i Klub maturanata senjske gimnazije pozivaju Vas na tradicionalnu izlo\u017ebu \u201eSLIKA SENJSKOG MATURANTA\u201c SAMOSTALNA IZLO\u017dBA MILE TOMLJANOVI\u0106A-LUCE POD NAZIVOM \u201eZA SVAKOGA PONE\u0160TO\u201c Ove godine u sklopu Dana maturanata senjske gimnazije i tradicionalne izlo\u017ebe \u201eSlika senjskog maturanta\u201c svoje radove izla\u017ee Mile Tomljanovi\u0107-Luce. Prigodan program otvorenja uljep\u0161an svirkom Bonace odr\u017eat \u0107e se u subotu, [&hellip;]\" \/>\n<meta property=\"og:url\" content=\"https:\/\/knjiznice.nsk.hr\/senj\/poziv-na-maturantsku-izlozbu\/\" \/>\n<meta property=\"og:site_name\" content=\"Gradska knji\u017enica Senj\" \/>\n<meta property=\"article:publisher\" content=\"http:\/\/facebook.com\/Gradska-knji%c5%benica-SENJ\" \/>\n<meta property=\"article:published_time\" content=\"2023-06-16T05:53:23+00:00\" \/>\n<meta property=\"og:image\" content=\"http:\/\/knjiznice.nsk.hr\/senj\/wp-content\/uploads\/sites\/60\/2023\/06\/IMG-e99420a6e2b5b5acd30cad594bc9989b-V.jpg\" \/>\n\t<meta property=\"og:image:width\" content=\"1200\" \/>\n\t<meta property=\"og:image:height\" content=\"989\" \/>\n<script type=\"application\/ld+json\" class=\"yoast-schema-graph\">{\"@context\":\"https:\/\/schema.org\",\"@graph\":[{\"@type\":\"WebSite\",\"@id\":\"https:\/\/knjiznice.nsk.hr\/senj\/#website\",\"url\":\"https:\/\/knjiznice.nsk.hr\/senj\/\",\"name\":\"Gradska knji\\u017enica Senj\",\"description\":\"S vama od 1835. godine\",\"potentialAction\":[{\"@type\":\"SearchAction\",\"target\":\"https:\/\/knjiznice.nsk.hr\/senj\/?s={search_term_string}\",\"query-input\":\"required name=search_term_string\"}],\"inLanguage\":\"hr\"},{\"@type\":\"ImageObject\",\"@id\":\"https:\/\/knjiznice.nsk.hr\/senj\/poziv-na-maturantsku-izlozbu\/#primaryimage\",\"inLanguage\":\"hr\",\"url\":\"https:\/\/knjiznice.nsk.hr\/senj\/wp-content\/uploads\/sites\/60\/2023\/06\/IMG-e99420a6e2b5b5acd30cad594bc9989b-V.jpg\",\"contentUrl\":\"https:\/\/knjiznice.nsk.hr\/senj\/wp-content\/uploads\/sites\/60\/2023\/06\/IMG-e99420a6e2b5b5acd30cad594bc9989b-V.jpg\",\"width\":1200,\"height\":989},{\"@type\":\"WebPage\",\"@id\":\"https:\/\/knjiznice.nsk.hr\/senj\/poziv-na-maturantsku-izlozbu\/#webpage\",\"url\":\"https:\/\/knjiznice.nsk.hr\/senj\/poziv-na-maturantsku-izlozbu\/\",\"name\":\"POZIV NA MATURANTSKU IZLO\\u017dBU - Gradska knji\\u017enica Senj\",\"isPartOf\":{\"@id\":\"https:\/\/knjiznice.nsk.hr\/senj\/#website\"},\"primaryImageOfPage\":{\"@id\":\"https:\/\/knjiznice.nsk.hr\/senj\/poziv-na-maturantsku-izlozbu\/#primaryimage\"},\"datePublished\":\"2023-06-16T05:53:23+00:00\",\"dateModified\":\"2023-06-16T05:53:23+00:00\",\"author\":{\"@id\":\"https:\/\/knjiznice.nsk.hr\/senj\/#\/schema\/person\/c6b0893cdaca205d44fe2c322c042ac7\"},\"breadcrumb\":{\"@id\":\"https:\/\/knjiznice.nsk.hr\/senj\/poziv-na-maturantsku-izlozbu\/#breadcrumb\"},\"inLanguage\":\"hr\",\"potentialAction\":[{\"@type\":\"ReadAction\",\"target\":[\"https:\/\/knjiznice.nsk.hr\/senj\/poziv-na-maturantsku-izlozbu\/\"]}]},{\"@type\":\"BreadcrumbList\",\"@id\":\"https:\/\/knjiznice.nsk.hr\/senj\/poziv-na-maturantsku-izlozbu\/#breadcrumb\",\"itemListElement\":[{\"@type\":\"ListItem\",\"position\":1,\"item\":{\"@type\":\"WebPage\",\"@id\":\"https:\/\/knjiznice.nsk.hr\/senj\/\",\"url\":\"https:\/\/knjiznice.nsk.hr\/senj\/\",\"name\":\"Po\\u010detna stranica\"}},{\"@type\":\"ListItem\",\"position\":2,\"item\":{\"@id\":\"https:\/\/knjiznice.nsk.hr\/senj\/poziv-na-maturantsku-izlozbu\/#webpage\"}}]},{\"@type\":\"Person\",\"@id\":\"https:\/\/knjiznice.nsk.hr\/senj\/#\/schema\/person\/c6b0893cdaca205d44fe2c322c042ac7\",\"name\":\"senj\",\"image\":{\"@type\":\"ImageObject\",\"@id\":\"https:\/\/knjiznice.nsk.hr\/senj\/#personlogo\",\"inLanguage\":\"hr\",\"url\":\"https:\/\/secure.gravatar.com\/avatar\/b00e8e1a99b5ba41772fe68c6bcfd17c?s=96&d=mm&r=g\",\"contentUrl\":\"https:\/\/secure.gravatar.com\/avatar\/b00e8e1a99b5ba41772fe68c6bcfd17c?s=96&d=mm&r=g\",\"caption\":\"senj\"}}]}<\/script>\n<!-- \/ Yoast SEO plugin. -->","_links":{"self":[{"href":"https:\/\/knjiznice.nsk.hr\/senj\/wp-json\/wp\/v2\/posts\/2677"}],"collection":[{"href":"https:\/\/knjiznice.nsk.hr\/senj\/wp-json\/wp\/v2\/posts"}],"about":[{"href":"https:\/\/knjiznice.nsk.hr\/senj\/wp-json\/wp\/v2\/types\/post"}],"author":[{"embeddable":true,"href":"https:\/\/knjiznice.nsk.hr\/senj\/wp-json\/wp\/v2\/users\/58"}],"replies":[{"embeddable":true,"href":"https:\/\/knjiznice.nsk.hr\/senj\/wp-json\/wp\/v2\/comments?post=2677"}],"version-history":[{"count":1,"href":"https:\/\/knjiznice.nsk.hr\/senj\/wp-json\/wp\/v2\/posts\/2677\/revisions"}],"predecessor-version":[{"id":2679,"href":"https:\/\/knjiznice.nsk.hr\/senj\/wp-json\/wp\/v2\/posts\/2677\/revisions\/2679"}],"wp:featuredmedia":[{"embeddable":true,"href":"https:\/\/knjiznice.nsk.hr\/senj\/wp-json\/wp\/v2\/media\/2678"}],"wp:attachment":[{"href":"https:\/\/knjiznice.nsk.hr\/senj\/wp-json\/wp\/v2\/media?parent=2677"}],"wp:term":[{"taxonomy":"category","embeddable":true,"href":"https:\/\/knjiznice.nsk.hr\/senj\/wp-json\/wp\/v2\/categories?post=2677"},{"taxonomy":"post_tag","embeddable":true,"href":"https:\/\/knjiznice.nsk.hr\/senj\/wp-json\/wp\/v2\/tags?post=2677"}],"curies":[{"name":"wp","href":"https:\/\/api.w.org\/{rel}","templated":true}]}}