{"id":2673,"date":"2023-05-19T06:52:10","date_gmt":"2023-05-19T06:52:10","guid":{"rendered":"http:\/\/knjiznice.nsk.hr\/senj\/?p=2673"},"modified":"2023-05-19T06:52:10","modified_gmt":"2023-05-19T06:52:10","slug":"izlozba-20-godisnjica-utrke-uspon-na-zavizan","status":"publish","type":"post","link":"https:\/\/knjiznice.nsk.hr\/senj\/izlozba-20-godisnjica-utrke-uspon-na-zavizan\/","title":{"rendered":"Izlo\u017eba 20.godi\u0161njica utrke Uspon na Zavi\u017ean"},"content":{"rendered":"<p>U \u010detvrtak, 18.svibnja u Gradskoj knji\u017enici Senj otvorena je izlo\u017eba fotografija pod nazivom 20. godi\u0161njica utrke Uspon na Zavi\u017ean.<\/p>\n<p>-Kad neka manifestacija po\u017eivi i za\u017eivi toliko godina, onda znamo da se radi o kvalitetnom i popularnom projektu. Izlo\u017eba koju ve\u010deras otvaramo je dokumentarna fotoretrospektiva svih 20 godina koliko i utrka Uspon na Zavi\u017ean postoji. Svjedo\u010di o kvaliteti organizacije te velikom interesu sudionika za Utrku na koju mo\u017eemo biti ponosni jer je uistinu popularan turisti\u010dko-sportski doga\u0111aj, rekla je uvodno moderatorica programa ravnateljica Gradske knji\u017enice Senj Ana Prpi\u0107 Rogi\u0107 pozdraviv\u0161i i predstavnike organizatora utrke, a to su Brdsko-biciklisti\u010dki klub Senj, JU NP Sjeverni Velebit, TZ Grada Senja i JU PP Velebit te Grad Senj kao pokrovitelj utrke.<\/p>\n<p>Brdsko biciklisti\u010dki klub Senj osnovan je 2004. godine s ciljem okupljanja djece, mlade\u017ei i ostalih gra\u0111ana zainteresiranih za rekreacijsku i natjecateljsku vo\u017enju bicikla te sudjelovanje na regionalnim, dr\u017eavnim i me\u0111unarodnim natjecanjima u brdskom biciklizmu.<br \/>\n\u010clanovi sudjeluju na utrkama, maratonima i biciklijadama, a ovisno o vremenskim prilikama i interesu \u010dlanova organiziraju se brojne biciklisti\u010dke vo\u017enje, poglavito na cijelom podru\u010dju<br \/>\ngrada Senja. U vi\u0161e navrata \u010dlanovi su odr\u017eali predavanja u osnovnoj \u0161koli u Senju na temu biciklizma i koristi od istoga. Tako\u0111er, vidno je zamjetan pove\u0107an interes za vo\u017enju biciklom gra\u0111ana Senja i tra\u017eenje informacija istih prilikom nabave bicikala, ostale biciklisti\u010dke opreme i kori\u0161tenja ozna\u010denih i neozna\u010denih biciklisti\u010dkih staza kojih je sve vi\u0161e.<br \/>\nPosebno treba istaknuti \u010dlana Kluba Vladimira Bezjaka, velikog zaljubljenika u biciklizam, koji je zbog ostvarenih odli\u010dnih rezultata nastupaju\u0107i na biciklisti\u010dkim utrkama i maratonima \u0161irom Hrvatske u vrlo jakoj konkurenciji, progla\u0161en najboljim sporta\u0161em Grada Senja za 2014. godinu.<br \/>\nIpak, najva\u017enija aktivnost Kluba je suorganizacija ve\u0107 legendarne rekreativne biciklisti\u010dke utrke Uspon na Zavi\u017ean (od 0 do 1594 m n.v.) koja se ove godine slavi 20.ro\u0111endan.Start utrke je u Senju, cilj na Zavi\u017eanu, a staza je duga\u010dka 38 km. Postoji i kra\u0107a varijanta utrke sa startom u Oltarima (950 m n.v.), a od 2018.god.taj start je premje\u0161ten u mjesto Krasno (800 m.n.v.) sa stazom du\u017eine 20 km i ciljem na Zavi\u017eanu.  Na utrci svake godine sudjeluje cca 400 biciklista (s oba starta), a ista ima me\u0111unarodni karakter, te je vrlo zahtjevna za vo\u017enju, poglavito sa starta u Senju pa istu mogu zavr\u0161iti samo najspremniji biciklisti.<br \/>\nOve godine jubilarna 20. utrka \u0107e se odr\u017eati 24.lipnja, a novost je da \u0107e dan prije utrke, 23.lipnja BBK Senj pripremiti \u201emalu\u201c utrku za najmla\u0111e (\u0161kolski uzrast od 1-4 razreda osn.\u0161kole), prezentaciju bicikala i biciklisti\u010dke opreme, servis bicikala za posjetitelje, obilazak novih staza na podru\u010dju grada Senja.  <\/p>\n<p>Okupljenima se obratio predsjednik Brdsko-biciklisti\u010dkog kluba Senj Dario \u0160toki\u0107 zahvaliv\u0161i se svima koji su uklju\u010deni u dosada\u0161nji rad Kluba.<br \/>\n-Ova izlo\u017eba prikazuje povijest i razvoj sportskog i rekreativnog biciklizma na podru\u010dju grada Senja i zadovoljstvo ju je pogledati.<br \/>\n20 godina za jednu rekreativnu biciklisti\u010dku utrku nije mala stvar. Zahvaljuju\u0107i izazovnom polo\u017eaju, prirodnoj raznolikosti, zdravoj klimi te prate\u0107oj infrastrukturi Uspon na Zavi\u017ean je omiljena utrka svih generacija biciklista i rekreativaca. Raduje nas veliki interes za utrku koja je je ujedno i velika promocija na\u0161eg grada. Veselimo se i ovogodi\u0161njoj, jubilarnoj utrci, a cilj svega je, kao i uvijek, dru\u017eenje, dobra zabava uz popularizaciju biciklizma i fizi\u010dke aktivnosti, rekao je me\u0111u ostalim \u0160toki\u0107.<\/p>\n<p>U ime ostalih suorganizatora utrke okupljenima se obratila ravnateljica JU NP Sjeverni Velebit Irena Glavi\u010di\u0107 Serti\u0107 istaknuv\u0161i ponos \u0161to je i Park dio ove lijepe turisti\u010dko-sportske pri\u010de i zahvaliv\u0161i svima koji u njoj sudjeluju.<br \/>\nIzlo\u017ebu je otvorio gradona\u010delnik Grada Senja Jurica Tomljanovi\u0107 po\u017eeljev\u0161i Klubu i utrci Uspon na Zavi\u017ean jo\u0161 mnogo lijepih jubileja i uspjeha.<br \/>\nZa glazbeni dio programa pobrinula se klapa Senjkinje.<br \/>\nIzlo\u017eba je otvorena sve do 18.lipnja i mo\u017ee se razgledati u radno vrijeme knji\u017enice. <\/p>\n<p>Gradska knji\u017enica Senj od srca zahvaljuje:<br \/>\nDariju \u0160toki\u0107u i BBK-u Senj<br \/>\nIreni Glavi\u010di\u0107 Serti\u0107 i JU NP-u Sjeverni Velebit<br \/>\nGradona\u010delniku Jurici Tomljanovi\u0107u<br \/>\nKlapi Senjkinje<br \/>\nPublici na dolasku<br \/>\nMedijima na pra\u0107enju<\/p>\n","protected":false},"excerpt":{"rendered":"<p>U \u010detvrtak, 18.svibnja u Gradskoj knji\u017enici Senj otvorena je izlo\u017eba fotografija pod nazivom 20. godi\u0161njica utrke Uspon na Zavi\u017ean. -Kad neka manifestacija po\u017eivi i za\u017eivi toliko godina, onda znamo da se radi o kvalitetnom i popularnom projektu. Izlo\u017eba koju ve\u010deras otvaramo je dokumentarna fotoretrospektiva svih 20 godina koliko i utrka Uspon na Zavi\u017ean postoji. Svjedo\u010di [&hellip;]<\/p>\n","protected":false},"author":58,"featured_media":2674,"comment_status":"closed","ping_status":"closed","sticky":false,"template":"","format":"standard","meta":{"ngg_post_thumbnail":0},"categories":[8],"tags":[],"yoast_head":"<!-- This site is optimized with the Yoast SEO plugin v16.4 - https:\/\/yoast.com\/wordpress\/plugins\/seo\/ -->\n<meta name=\"robots\" content=\"index, follow, max-snippet:-1, max-image-preview:large, max-video-preview:-1\" \/>\n<link rel=\"canonical\" href=\"http:\/\/knjiznice.nsk.hr\/senj\/izlozba-20-godisnjica-utrke-uspon-na-zavizan\/\" \/>\n<meta property=\"og:locale\" content=\"hr_HR\" \/>\n<meta property=\"og:type\" content=\"article\" \/>\n<meta property=\"og:title\" content=\"Izlo\u017eba 20.godi\u0161njica utrke Uspon na Zavi\u017ean - Gradska knji\u017enica Senj\" \/>\n<meta property=\"og:description\" content=\"U \u010detvrtak, 18.svibnja u Gradskoj knji\u017enici Senj otvorena je izlo\u017eba fotografija pod nazivom 20. godi\u0161njica utrke Uspon na Zavi\u017ean. -Kad neka manifestacija po\u017eivi i za\u017eivi toliko godina, onda znamo da se radi o kvalitetnom i popularnom projektu. Izlo\u017eba koju ve\u010deras otvaramo je dokumentarna fotoretrospektiva svih 20 godina koliko i utrka Uspon na Zavi\u017ean postoji. Svjedo\u010di [&hellip;]\" \/>\n<meta property=\"og:url\" content=\"http:\/\/knjiznice.nsk.hr\/senj\/izlozba-20-godisnjica-utrke-uspon-na-zavizan\/\" \/>\n<meta property=\"og:site_name\" content=\"Gradska knji\u017enica Senj\" \/>\n<meta property=\"article:publisher\" content=\"http:\/\/facebook.com\/Gradska-knji%c5%benica-SENJ\" \/>\n<meta property=\"article:published_time\" content=\"2023-05-19T06:52:10+00:00\" \/>\n<meta property=\"og:image\" content=\"http:\/\/knjiznice.nsk.hr\/senj\/wp-content\/uploads\/sites\/60\/2023\/05\/IMG-7bf3a1985e4966f5ea06b64e6432ce4b-V.jpg\" \/>\n\t<meta property=\"og:image:width\" content=\"1600\" \/>\n\t<meta property=\"og:image:height\" content=\"1200\" \/>\n<meta name=\"twitter:label1\" content=\"Procijenjeno vrijeme \u010ditanja\" \/>\n\t<meta name=\"twitter:data1\" content=\"4 minute\" \/>\n<script type=\"application\/ld+json\" class=\"yoast-schema-graph\">{\"@context\":\"https:\/\/schema.org\",\"@graph\":[{\"@type\":\"WebSite\",\"@id\":\"https:\/\/knjiznice.nsk.hr\/senj\/#website\",\"url\":\"https:\/\/knjiznice.nsk.hr\/senj\/\",\"name\":\"Gradska knji\\u017enica Senj\",\"description\":\"S vama od 1835. godine\",\"potentialAction\":[{\"@type\":\"SearchAction\",\"target\":\"https:\/\/knjiznice.nsk.hr\/senj\/?s={search_term_string}\",\"query-input\":\"required name=search_term_string\"}],\"inLanguage\":\"hr\"},{\"@type\":\"ImageObject\",\"@id\":\"http:\/\/knjiznice.nsk.hr\/senj\/izlozba-20-godisnjica-utrke-uspon-na-zavizan\/#primaryimage\",\"inLanguage\":\"hr\",\"url\":\"https:\/\/knjiznice.nsk.hr\/senj\/wp-content\/uploads\/sites\/60\/2023\/05\/IMG-7bf3a1985e4966f5ea06b64e6432ce4b-V.jpg\",\"contentUrl\":\"https:\/\/knjiznice.nsk.hr\/senj\/wp-content\/uploads\/sites\/60\/2023\/05\/IMG-7bf3a1985e4966f5ea06b64e6432ce4b-V.jpg\",\"width\":1600,\"height\":1200},{\"@type\":\"WebPage\",\"@id\":\"http:\/\/knjiznice.nsk.hr\/senj\/izlozba-20-godisnjica-utrke-uspon-na-zavizan\/#webpage\",\"url\":\"http:\/\/knjiznice.nsk.hr\/senj\/izlozba-20-godisnjica-utrke-uspon-na-zavizan\/\",\"name\":\"Izlo\\u017eba 20.godi\\u0161njica utrke Uspon na Zavi\\u017ean - Gradska knji\\u017enica Senj\",\"isPartOf\":{\"@id\":\"https:\/\/knjiznice.nsk.hr\/senj\/#website\"},\"primaryImageOfPage\":{\"@id\":\"http:\/\/knjiznice.nsk.hr\/senj\/izlozba-20-godisnjica-utrke-uspon-na-zavizan\/#primaryimage\"},\"datePublished\":\"2023-05-19T06:52:10+00:00\",\"dateModified\":\"2023-05-19T06:52:10+00:00\",\"author\":{\"@id\":\"https:\/\/knjiznice.nsk.hr\/senj\/#\/schema\/person\/c6b0893cdaca205d44fe2c322c042ac7\"},\"breadcrumb\":{\"@id\":\"http:\/\/knjiznice.nsk.hr\/senj\/izlozba-20-godisnjica-utrke-uspon-na-zavizan\/#breadcrumb\"},\"inLanguage\":\"hr\",\"potentialAction\":[{\"@type\":\"ReadAction\",\"target\":[\"http:\/\/knjiznice.nsk.hr\/senj\/izlozba-20-godisnjica-utrke-uspon-na-zavizan\/\"]}]},{\"@type\":\"BreadcrumbList\",\"@id\":\"http:\/\/knjiznice.nsk.hr\/senj\/izlozba-20-godisnjica-utrke-uspon-na-zavizan\/#breadcrumb\",\"itemListElement\":[{\"@type\":\"ListItem\",\"position\":1,\"item\":{\"@type\":\"WebPage\",\"@id\":\"https:\/\/knjiznice.nsk.hr\/senj\/\",\"url\":\"https:\/\/knjiznice.nsk.hr\/senj\/\",\"name\":\"Po\\u010detna stranica\"}},{\"@type\":\"ListItem\",\"position\":2,\"item\":{\"@id\":\"http:\/\/knjiznice.nsk.hr\/senj\/izlozba-20-godisnjica-utrke-uspon-na-zavizan\/#webpage\"}}]},{\"@type\":\"Person\",\"@id\":\"https:\/\/knjiznice.nsk.hr\/senj\/#\/schema\/person\/c6b0893cdaca205d44fe2c322c042ac7\",\"name\":\"senj\",\"image\":{\"@type\":\"ImageObject\",\"@id\":\"https:\/\/knjiznice.nsk.hr\/senj\/#personlogo\",\"inLanguage\":\"hr\",\"url\":\"https:\/\/secure.gravatar.com\/avatar\/b00e8e1a99b5ba41772fe68c6bcfd17c?s=96&d=mm&r=g\",\"contentUrl\":\"https:\/\/secure.gravatar.com\/avatar\/b00e8e1a99b5ba41772fe68c6bcfd17c?s=96&d=mm&r=g\",\"caption\":\"senj\"}}]}<\/script>\n<!-- \/ Yoast SEO plugin. -->","_links":{"self":[{"href":"https:\/\/knjiznice.nsk.hr\/senj\/wp-json\/wp\/v2\/posts\/2673"}],"collection":[{"href":"https:\/\/knjiznice.nsk.hr\/senj\/wp-json\/wp\/v2\/posts"}],"about":[{"href":"https:\/\/knjiznice.nsk.hr\/senj\/wp-json\/wp\/v2\/types\/post"}],"author":[{"embeddable":true,"href":"https:\/\/knjiznice.nsk.hr\/senj\/wp-json\/wp\/v2\/users\/58"}],"replies":[{"embeddable":true,"href":"https:\/\/knjiznice.nsk.hr\/senj\/wp-json\/wp\/v2\/comments?post=2673"}],"version-history":[{"count":1,"href":"https:\/\/knjiznice.nsk.hr\/senj\/wp-json\/wp\/v2\/posts\/2673\/revisions"}],"predecessor-version":[{"id":2675,"href":"https:\/\/knjiznice.nsk.hr\/senj\/wp-json\/wp\/v2\/posts\/2673\/revisions\/2675"}],"wp:featuredmedia":[{"embeddable":true,"href":"https:\/\/knjiznice.nsk.hr\/senj\/wp-json\/wp\/v2\/media\/2674"}],"wp:attachment":[{"href":"https:\/\/knjiznice.nsk.hr\/senj\/wp-json\/wp\/v2\/media?parent=2673"}],"wp:term":[{"taxonomy":"category","embeddable":true,"href":"https:\/\/knjiznice.nsk.hr\/senj\/wp-json\/wp\/v2\/categories?post=2673"},{"taxonomy":"post_tag","embeddable":true,"href":"https:\/\/knjiznice.nsk.hr\/senj\/wp-json\/wp\/v2\/tags?post=2673"}],"curies":[{"name":"wp","href":"https:\/\/api.w.org\/{rel}","templated":true}]}}