{"id":2621,"date":"2023-02-22T07:22:40","date_gmt":"2023-02-22T07:22:40","guid":{"rendered":"http:\/\/knjiznice.nsk.hr\/senj\/?p=2621"},"modified":"2023-02-22T07:22:40","modified_gmt":"2023-02-22T07:22:40","slug":"22-2-obiljezavanje-dana-hrvatske-glagoljice-i-glagoljastva","status":"publish","type":"post","link":"https:\/\/knjiznice.nsk.hr\/senj\/22-2-obiljezavanje-dana-hrvatske-glagoljice-i-glagoljastva\/","title":{"rendered":"22.2.-OBILJE\u017dAVANJE DANA HRVATSKE GLAGOLJICE I GLAGOLJA\u0160TVA"},"content":{"rendered":"<p>U organizaciji Gradske knji\u017enice Senj i Srednje \u0161kole Pavla Rittera Vitezovi\u0107a Senj u senjskoj je knji\u017enici obilje\u017een 22.velja\u010de-Dan hrvatske glagoljice i glagolja\u0161tva.<br \/>\n -Prva hrvatska knjiga na glagoljici \u2013 Misal po zakonu rimskog dvora \u2013 tiskana je 22. velja\u010de 1483. godine i zbog toga se toga nadnevka obilje\u017eava Dan hrvatske glagoljice i glagolja\u0161tva. Spomendan je proglasio Hrvatski sabor na inicijativu Instituta za hrvatski jezik i jezikoslovlje koji je time \u017eelio skrenuti pozornost javnosti i osvijestiti svim govornicima hrvatskoga jezika va\u017enost hrvatskog glagolji\u010dnoga pisma, njegove vrijednosti i ljepote. Hrvatska glagoljica je povijesno hrvatsko pismo, jedan od nezaobilaznih simbola nacionalnoga identiteta po kojem smo i danas prepoznatljivi i jedinstveni u Europi i svijetu.<br \/>\nMisal je najstarija hrvatska tiskana knjiga i prvi misal koji nije pisan na latinskom jeziku i pismu, ve\u0107 na hrvatskom jeziku i pismu. Misal \u202fje tiskan na glagoljici, pismu srednjovjekovne Hrvatske, prisutnomu od 9. ili 10. stolje\u0107a. Kori\u0161tena je novija\u202fuglata\u202fglagoljica, koja se razvila iz starije,\u202foble\u202fglagoljice, a \u010desto se naziva i\u202fustavnom\u202fglagoljicom zbog uspravnih i odvojenih slova, \u0161to daje dojam sve\u010danoga pisma, prikladnoga za liturgijske kodekse. Danas je sa\u010duvano samo jedanaest nepotpunih primjeraka Misala, od \u010dega se \u0161est nalazi u Hrvatskoj, a pet u inozemstvu. Dva primjerka\u202fnalaze se u Knji\u017enici HAZU-a, rekla je uvodno ravnateljica Gradske knji\u017enice Senj Ana Prpi\u0107 Rogi\u0107<br \/>\n-Godine 1455. Gutenberg izumljuje tisak-jedno od najve\u0107ih otkri\u0107a ljudske civilizacije. Hrvati ve\u0107 1483.g. tiskaju prvu glagolji\u010dnu knjigu, a 1494.g Senj, gnijezdo glagoljice, dobiva svoju tiskaru. Prvo djelo senjske glagoljske tiskare Senjski misal 1494.godine tiskao je Bla\u017e Baromi\u0107 te Silvestar Bedri\u010di\u0107 i Ga\u0161par Tur\u010di\u0107. Glagoljska tiskara u Senju radila je s prekidima od 1494. do 1508. godine. U tom razdoblju tiskano je najmanje sedam knjiga: dvije liturgijske te pet hrvatskih prijevoda popularnih teolo\u0161kih priru\u010dnika, nabo\u017eno-pou\u010dnih i knji\u017eevnih djela. Izdanja Senjske tiskare iznimno su va\u017eni spomenici za povijest hrvatskoga jezika i hrvatsku srednjovjekovnu kulturu. Svi znamo da je Senj poznat po mnogo va\u017enih stvari, tu su poznati knji\u017eevnici, bura, uskoci, mesopust, tvr\u0111ava Nehaj. A, uz bok svemu tome stoji i glagoljska tradicija kao i tiskarska tradicija po kojoj je Senj zapisan ne samo na karti Hrvatske, nego i svijeta.<br \/>\n22. velja\u010de navr\u0161ava se 540 godina od tiskanja prve hrvatske inkunabule Misala po zakonu rimskog dvora, a ove godine \u0107emo obilje\u017eiti i 529 godina od kad je iza\u0161la prva inkunabula iz Senjske glagoljske tiskare &#8211; Senjski misal iz 1494. godine. Dakle, nedugo nakon Gutenbergova otkri\u0107a tiska, Hrvatska i Senj kre\u0107u istim stopama i stvaraju dragocjene prvotiske koji su va\u017ean dio hrvatske kulture i pismenosti-istaknuo je prof. povijesti Silvije \u0160ojat.<\/p>\n<p>Nakon uvodnog dijela, odr\u017eana je prigodna radionica izrade glagolji\u010dnih slova, a u\u010deni\u010dki radovi nastali na radionici izlo\u017eeni su na Dje\u010djem odjelu Gradske knji\u017enice Senj.<\/p>\n<p>Gradska knji\u017enica Senj zahvaljuje Srednjoj \u0161koli Pavla Rittera Vitezovi\u0107a Senj, prof. \u0160ojatu i u\u010denicima na uvijek lijepoj suradnji.<\/p>\n","protected":false},"excerpt":{"rendered":"<p>U organizaciji Gradske knji\u017enice Senj i Srednje \u0161kole Pavla Rittera Vitezovi\u0107a Senj u senjskoj je knji\u017enici obilje\u017een 22.velja\u010de-Dan hrvatske glagoljice i glagolja\u0161tva. -Prva hrvatska knjiga na glagoljici \u2013 Misal po zakonu rimskog dvora \u2013 tiskana je 22. velja\u010de 1483. godine i zbog toga se toga nadnevka obilje\u017eava Dan hrvatske glagoljice i glagolja\u0161tva. Spomendan je proglasio [&hellip;]<\/p>\n","protected":false},"author":58,"featured_media":2622,"comment_status":"closed","ping_status":"closed","sticky":false,"template":"","format":"standard","meta":{"ngg_post_thumbnail":0},"categories":[8],"tags":[],"yoast_head":"<!-- This site is optimized with the Yoast SEO plugin v16.4 - https:\/\/yoast.com\/wordpress\/plugins\/seo\/ -->\n<meta name=\"robots\" content=\"index, follow, max-snippet:-1, max-image-preview:large, max-video-preview:-1\" \/>\n<link rel=\"canonical\" href=\"https:\/\/knjiznice.nsk.hr\/senj\/22-2-obiljezavanje-dana-hrvatske-glagoljice-i-glagoljastva\/\" \/>\n<meta property=\"og:locale\" content=\"hr_HR\" \/>\n<meta property=\"og:type\" content=\"article\" \/>\n<meta property=\"og:title\" content=\"22.2.-OBILJE\u017dAVANJE DANA HRVATSKE GLAGOLJICE I GLAGOLJA\u0160TVA - Gradska knji\u017enica Senj\" \/>\n<meta property=\"og:description\" content=\"U organizaciji Gradske knji\u017enice Senj i Srednje \u0161kole Pavla Rittera Vitezovi\u0107a Senj u senjskoj je knji\u017enici obilje\u017een 22.velja\u010de-Dan hrvatske glagoljice i glagolja\u0161tva. -Prva hrvatska knjiga na glagoljici \u2013 Misal po zakonu rimskog dvora \u2013 tiskana je 22. velja\u010de 1483. godine i zbog toga se toga nadnevka obilje\u017eava Dan hrvatske glagoljice i glagolja\u0161tva. Spomendan je proglasio [&hellip;]\" \/>\n<meta property=\"og:url\" content=\"https:\/\/knjiznice.nsk.hr\/senj\/22-2-obiljezavanje-dana-hrvatske-glagoljice-i-glagoljastva\/\" \/>\n<meta property=\"og:site_name\" content=\"Gradska knji\u017enica Senj\" \/>\n<meta property=\"article:publisher\" content=\"http:\/\/facebook.com\/Gradska-knji%c5%benica-SENJ\" \/>\n<meta property=\"article:published_time\" content=\"2023-02-22T07:22:40+00:00\" \/>\n<meta property=\"og:image\" content=\"http:\/\/knjiznice.nsk.hr\/senj\/wp-content\/uploads\/sites\/60\/2023\/02\/IMG-b664c4d713c999cab0b0b2b80dbd8f6a-V.jpg.resized.jpg\" \/>\n\t<meta property=\"og:image:width\" content=\"480\" \/>\n\t<meta property=\"og:image:height\" content=\"640\" \/>\n<meta name=\"twitter:label1\" content=\"Procijenjeno vrijeme \u010ditanja\" \/>\n\t<meta name=\"twitter:data1\" content=\"3 minute\" \/>\n<script type=\"application\/ld+json\" class=\"yoast-schema-graph\">{\"@context\":\"https:\/\/schema.org\",\"@graph\":[{\"@type\":\"WebSite\",\"@id\":\"https:\/\/knjiznice.nsk.hr\/senj\/#website\",\"url\":\"https:\/\/knjiznice.nsk.hr\/senj\/\",\"name\":\"Gradska knji\\u017enica Senj\",\"description\":\"S vama od 1835. godine\",\"potentialAction\":[{\"@type\":\"SearchAction\",\"target\":\"https:\/\/knjiznice.nsk.hr\/senj\/?s={search_term_string}\",\"query-input\":\"required name=search_term_string\"}],\"inLanguage\":\"hr\"},{\"@type\":\"ImageObject\",\"@id\":\"https:\/\/knjiznice.nsk.hr\/senj\/22-2-obiljezavanje-dana-hrvatske-glagoljice-i-glagoljastva\/#primaryimage\",\"inLanguage\":\"hr\",\"url\":\"https:\/\/knjiznice.nsk.hr\/senj\/wp-content\/uploads\/sites\/60\/2023\/02\/IMG-b664c4d713c999cab0b0b2b80dbd8f6a-V.jpg.resized.jpg\",\"contentUrl\":\"https:\/\/knjiznice.nsk.hr\/senj\/wp-content\/uploads\/sites\/60\/2023\/02\/IMG-b664c4d713c999cab0b0b2b80dbd8f6a-V.jpg.resized.jpg\",\"width\":480,\"height\":640},{\"@type\":\"WebPage\",\"@id\":\"https:\/\/knjiznice.nsk.hr\/senj\/22-2-obiljezavanje-dana-hrvatske-glagoljice-i-glagoljastva\/#webpage\",\"url\":\"https:\/\/knjiznice.nsk.hr\/senj\/22-2-obiljezavanje-dana-hrvatske-glagoljice-i-glagoljastva\/\",\"name\":\"22.2.-OBILJE\\u017dAVANJE DANA HRVATSKE GLAGOLJICE I GLAGOLJA\\u0160TVA - Gradska knji\\u017enica Senj\",\"isPartOf\":{\"@id\":\"https:\/\/knjiznice.nsk.hr\/senj\/#website\"},\"primaryImageOfPage\":{\"@id\":\"https:\/\/knjiznice.nsk.hr\/senj\/22-2-obiljezavanje-dana-hrvatske-glagoljice-i-glagoljastva\/#primaryimage\"},\"datePublished\":\"2023-02-22T07:22:40+00:00\",\"dateModified\":\"2023-02-22T07:22:40+00:00\",\"author\":{\"@id\":\"https:\/\/knjiznice.nsk.hr\/senj\/#\/schema\/person\/c6b0893cdaca205d44fe2c322c042ac7\"},\"breadcrumb\":{\"@id\":\"https:\/\/knjiznice.nsk.hr\/senj\/22-2-obiljezavanje-dana-hrvatske-glagoljice-i-glagoljastva\/#breadcrumb\"},\"inLanguage\":\"hr\",\"potentialAction\":[{\"@type\":\"ReadAction\",\"target\":[\"https:\/\/knjiznice.nsk.hr\/senj\/22-2-obiljezavanje-dana-hrvatske-glagoljice-i-glagoljastva\/\"]}]},{\"@type\":\"BreadcrumbList\",\"@id\":\"https:\/\/knjiznice.nsk.hr\/senj\/22-2-obiljezavanje-dana-hrvatske-glagoljice-i-glagoljastva\/#breadcrumb\",\"itemListElement\":[{\"@type\":\"ListItem\",\"position\":1,\"item\":{\"@type\":\"WebPage\",\"@id\":\"https:\/\/knjiznice.nsk.hr\/senj\/\",\"url\":\"https:\/\/knjiznice.nsk.hr\/senj\/\",\"name\":\"Po\\u010detna stranica\"}},{\"@type\":\"ListItem\",\"position\":2,\"item\":{\"@id\":\"https:\/\/knjiznice.nsk.hr\/senj\/22-2-obiljezavanje-dana-hrvatske-glagoljice-i-glagoljastva\/#webpage\"}}]},{\"@type\":\"Person\",\"@id\":\"https:\/\/knjiznice.nsk.hr\/senj\/#\/schema\/person\/c6b0893cdaca205d44fe2c322c042ac7\",\"name\":\"senj\",\"image\":{\"@type\":\"ImageObject\",\"@id\":\"https:\/\/knjiznice.nsk.hr\/senj\/#personlogo\",\"inLanguage\":\"hr\",\"url\":\"https:\/\/secure.gravatar.com\/avatar\/b00e8e1a99b5ba41772fe68c6bcfd17c?s=96&d=mm&r=g\",\"contentUrl\":\"https:\/\/secure.gravatar.com\/avatar\/b00e8e1a99b5ba41772fe68c6bcfd17c?s=96&d=mm&r=g\",\"caption\":\"senj\"}}]}<\/script>\n<!-- \/ Yoast SEO plugin. -->","_links":{"self":[{"href":"https:\/\/knjiznice.nsk.hr\/senj\/wp-json\/wp\/v2\/posts\/2621"}],"collection":[{"href":"https:\/\/knjiznice.nsk.hr\/senj\/wp-json\/wp\/v2\/posts"}],"about":[{"href":"https:\/\/knjiznice.nsk.hr\/senj\/wp-json\/wp\/v2\/types\/post"}],"author":[{"embeddable":true,"href":"https:\/\/knjiznice.nsk.hr\/senj\/wp-json\/wp\/v2\/users\/58"}],"replies":[{"embeddable":true,"href":"https:\/\/knjiznice.nsk.hr\/senj\/wp-json\/wp\/v2\/comments?post=2621"}],"version-history":[{"count":1,"href":"https:\/\/knjiznice.nsk.hr\/senj\/wp-json\/wp\/v2\/posts\/2621\/revisions"}],"predecessor-version":[{"id":2623,"href":"https:\/\/knjiznice.nsk.hr\/senj\/wp-json\/wp\/v2\/posts\/2621\/revisions\/2623"}],"wp:featuredmedia":[{"embeddable":true,"href":"https:\/\/knjiznice.nsk.hr\/senj\/wp-json\/wp\/v2\/media\/2622"}],"wp:attachment":[{"href":"https:\/\/knjiznice.nsk.hr\/senj\/wp-json\/wp\/v2\/media?parent=2621"}],"wp:term":[{"taxonomy":"category","embeddable":true,"href":"https:\/\/knjiznice.nsk.hr\/senj\/wp-json\/wp\/v2\/categories?post=2621"},{"taxonomy":"post_tag","embeddable":true,"href":"https:\/\/knjiznice.nsk.hr\/senj\/wp-json\/wp\/v2\/tags?post=2621"}],"curies":[{"name":"wp","href":"https:\/\/api.w.org\/{rel}","templated":true}]}}