{"id":2588,"date":"2022-12-22T20:22:16","date_gmt":"2022-12-22T20:22:16","guid":{"rendered":"http:\/\/knjiznice.nsk.hr\/senj\/?p=2588"},"modified":"2022-12-22T20:22:16","modified_gmt":"2022-12-22T20:22:16","slug":"predstava-za-djecu-tajna-bozicne-noci","status":"publish","type":"post","link":"https:\/\/knjiznice.nsk.hr\/senj\/predstava-za-djecu-tajna-bozicne-noci\/","title":{"rendered":"PREDSTAVA ZA DJECU \u201cTAJNA BO\u017dI\u0106NE NO\u0106I\u201d"},"content":{"rendered":"<p>U \u010detvrtak, 22. prosinca u senjskoj je knji\u017enici gostovalo kazali\u0161te Mjesec s bo\u017ei\u0107nom<br \/>\npredstavom za djecu \u201eTajna bo\u017ei\u0107ne no\u0107i\u201c<br \/>\nPredstava odi\u0161e toplinom, a govori o va\u017enosti obitelji, me\u0111usobnom po\u0161tovanju te da nas<br \/>\njedino ljubav i oprost mogu zadr\u017eati zajedno. Autor teksta je Tim Vegan, a glumili su Davor<br \/>\nKova\u010d, Lidija Kralji\u0107, Antonia \u0160a\u0161o Brkani\u0107 i Mladen Klari\u0107. Za kostime je bila zadu\u017eena<br \/>\nMarija Gra\u0161a, a scenografiju je autorski tim vrijedno radio i osmislio sam.<br \/>\nDjeca su sa zanimanjem pratila predstavu i velikim pljeskom ispratila glumce.<br \/>\nHvala kazali\u0161tu Mjesec na divnoj predstavi te djeci na dolasku i pa\u017enji.<br \/>\nOvom bo\u017ei\u0107nom predstavom zaokru\u017een je program \u201cAdvent u Gradskoj knji\u017enici Senj\u201d koji je obilovao prigodnim sadr\u017eajima za djecu-predstavama, pri\u010daonicama i likovnim radionicama. <\/p>\n","protected":false},"excerpt":{"rendered":"<p>U \u010detvrtak, 22. prosinca u senjskoj je knji\u017enici gostovalo kazali\u0161te Mjesec s bo\u017ei\u0107nom predstavom za djecu \u201eTajna bo\u017ei\u0107ne no\u0107i\u201c Predstava odi\u0161e toplinom, a govori o va\u017enosti obitelji, me\u0111usobnom po\u0161tovanju te da nas jedino ljubav i oprost mogu zadr\u017eati zajedno. Autor teksta je Tim Vegan, a glumili su Davor Kova\u010d, Lidija Kralji\u0107, Antonia \u0160a\u0161o Brkani\u0107 i [&hellip;]<\/p>\n","protected":false},"author":58,"featured_media":2589,"comment_status":"closed","ping_status":"closed","sticky":false,"template":"","format":"standard","meta":{"ngg_post_thumbnail":0},"categories":[8],"tags":[],"yoast_head":"<!-- This site is optimized with the Yoast SEO plugin v16.4 - https:\/\/yoast.com\/wordpress\/plugins\/seo\/ -->\n<meta name=\"robots\" content=\"index, follow, max-snippet:-1, max-image-preview:large, max-video-preview:-1\" \/>\n<link rel=\"canonical\" href=\"http:\/\/knjiznice.nsk.hr\/senj\/predstava-za-djecu-tajna-bozicne-noci\/\" \/>\n<meta property=\"og:locale\" content=\"hr_HR\" \/>\n<meta property=\"og:type\" content=\"article\" \/>\n<meta property=\"og:title\" content=\"PREDSTAVA ZA DJECU \u201cTAJNA BO\u017dI\u0106NE NO\u0106I\u201d - Gradska knji\u017enica Senj\" \/>\n<meta property=\"og:description\" content=\"U \u010detvrtak, 22. prosinca u senjskoj je knji\u017enici gostovalo kazali\u0161te Mjesec s bo\u017ei\u0107nom predstavom za djecu \u201eTajna bo\u017ei\u0107ne no\u0107i\u201c Predstava odi\u0161e toplinom, a govori o va\u017enosti obitelji, me\u0111usobnom po\u0161tovanju te da nas jedino ljubav i oprost mogu zadr\u017eati zajedno. Autor teksta je Tim Vegan, a glumili su Davor Kova\u010d, Lidija Kralji\u0107, Antonia \u0160a\u0161o Brkani\u0107 i [&hellip;]\" \/>\n<meta property=\"og:url\" content=\"http:\/\/knjiznice.nsk.hr\/senj\/predstava-za-djecu-tajna-bozicne-noci\/\" \/>\n<meta property=\"og:site_name\" content=\"Gradska knji\u017enica Senj\" \/>\n<meta property=\"article:publisher\" content=\"http:\/\/facebook.com\/Gradska-knji%c5%benica-SENJ\" \/>\n<meta property=\"article:published_time\" content=\"2022-12-22T20:22:16+00:00\" \/>\n<meta property=\"og:image\" content=\"http:\/\/knjiznice.nsk.hr\/senj\/wp-content\/uploads\/sites\/60\/2022\/12\/20221222_174122-scaled.jpg\" \/>\n\t<meta property=\"og:image:width\" content=\"2560\" \/>\n\t<meta property=\"og:image:height\" content=\"1440\" \/>\n<meta name=\"twitter:label1\" content=\"Procijenjeno vrijeme \u010ditanja\" \/>\n\t<meta name=\"twitter:data1\" content=\"1 minuta\" \/>\n<script type=\"application\/ld+json\" class=\"yoast-schema-graph\">{\"@context\":\"https:\/\/schema.org\",\"@graph\":[{\"@type\":\"WebSite\",\"@id\":\"https:\/\/knjiznice.nsk.hr\/senj\/#website\",\"url\":\"https:\/\/knjiznice.nsk.hr\/senj\/\",\"name\":\"Gradska knji\\u017enica Senj\",\"description\":\"S vama od 1835. godine\",\"potentialAction\":[{\"@type\":\"SearchAction\",\"target\":\"https:\/\/knjiznice.nsk.hr\/senj\/?s={search_term_string}\",\"query-input\":\"required name=search_term_string\"}],\"inLanguage\":\"hr\"},{\"@type\":\"ImageObject\",\"@id\":\"http:\/\/knjiznice.nsk.hr\/senj\/predstava-za-djecu-tajna-bozicne-noci\/#primaryimage\",\"inLanguage\":\"hr\",\"url\":\"https:\/\/knjiznice.nsk.hr\/senj\/wp-content\/uploads\/sites\/60\/2022\/12\/20221222_174122-scaled.jpg\",\"contentUrl\":\"https:\/\/knjiznice.nsk.hr\/senj\/wp-content\/uploads\/sites\/60\/2022\/12\/20221222_174122-scaled.jpg\",\"width\":2560,\"height\":1440},{\"@type\":\"WebPage\",\"@id\":\"http:\/\/knjiznice.nsk.hr\/senj\/predstava-za-djecu-tajna-bozicne-noci\/#webpage\",\"url\":\"http:\/\/knjiznice.nsk.hr\/senj\/predstava-za-djecu-tajna-bozicne-noci\/\",\"name\":\"PREDSTAVA ZA DJECU \\u201cTAJNA BO\\u017dI\\u0106NE NO\\u0106I\\u201d - Gradska knji\\u017enica Senj\",\"isPartOf\":{\"@id\":\"https:\/\/knjiznice.nsk.hr\/senj\/#website\"},\"primaryImageOfPage\":{\"@id\":\"http:\/\/knjiznice.nsk.hr\/senj\/predstava-za-djecu-tajna-bozicne-noci\/#primaryimage\"},\"datePublished\":\"2022-12-22T20:22:16+00:00\",\"dateModified\":\"2022-12-22T20:22:16+00:00\",\"author\":{\"@id\":\"https:\/\/knjiznice.nsk.hr\/senj\/#\/schema\/person\/c6b0893cdaca205d44fe2c322c042ac7\"},\"breadcrumb\":{\"@id\":\"http:\/\/knjiznice.nsk.hr\/senj\/predstava-za-djecu-tajna-bozicne-noci\/#breadcrumb\"},\"inLanguage\":\"hr\",\"potentialAction\":[{\"@type\":\"ReadAction\",\"target\":[\"http:\/\/knjiznice.nsk.hr\/senj\/predstava-za-djecu-tajna-bozicne-noci\/\"]}]},{\"@type\":\"BreadcrumbList\",\"@id\":\"http:\/\/knjiznice.nsk.hr\/senj\/predstava-za-djecu-tajna-bozicne-noci\/#breadcrumb\",\"itemListElement\":[{\"@type\":\"ListItem\",\"position\":1,\"item\":{\"@type\":\"WebPage\",\"@id\":\"https:\/\/knjiznice.nsk.hr\/senj\/\",\"url\":\"https:\/\/knjiznice.nsk.hr\/senj\/\",\"name\":\"Po\\u010detna stranica\"}},{\"@type\":\"ListItem\",\"position\":2,\"item\":{\"@id\":\"http:\/\/knjiznice.nsk.hr\/senj\/predstava-za-djecu-tajna-bozicne-noci\/#webpage\"}}]},{\"@type\":\"Person\",\"@id\":\"https:\/\/knjiznice.nsk.hr\/senj\/#\/schema\/person\/c6b0893cdaca205d44fe2c322c042ac7\",\"name\":\"senj\",\"image\":{\"@type\":\"ImageObject\",\"@id\":\"https:\/\/knjiznice.nsk.hr\/senj\/#personlogo\",\"inLanguage\":\"hr\",\"url\":\"https:\/\/secure.gravatar.com\/avatar\/b00e8e1a99b5ba41772fe68c6bcfd17c?s=96&d=mm&r=g\",\"contentUrl\":\"https:\/\/secure.gravatar.com\/avatar\/b00e8e1a99b5ba41772fe68c6bcfd17c?s=96&d=mm&r=g\",\"caption\":\"senj\"}}]}<\/script>\n<!-- \/ Yoast SEO plugin. -->","_links":{"self":[{"href":"https:\/\/knjiznice.nsk.hr\/senj\/wp-json\/wp\/v2\/posts\/2588"}],"collection":[{"href":"https:\/\/knjiznice.nsk.hr\/senj\/wp-json\/wp\/v2\/posts"}],"about":[{"href":"https:\/\/knjiznice.nsk.hr\/senj\/wp-json\/wp\/v2\/types\/post"}],"author":[{"embeddable":true,"href":"https:\/\/knjiznice.nsk.hr\/senj\/wp-json\/wp\/v2\/users\/58"}],"replies":[{"embeddable":true,"href":"https:\/\/knjiznice.nsk.hr\/senj\/wp-json\/wp\/v2\/comments?post=2588"}],"version-history":[{"count":1,"href":"https:\/\/knjiznice.nsk.hr\/senj\/wp-json\/wp\/v2\/posts\/2588\/revisions"}],"predecessor-version":[{"id":2590,"href":"https:\/\/knjiznice.nsk.hr\/senj\/wp-json\/wp\/v2\/posts\/2588\/revisions\/2590"}],"wp:featuredmedia":[{"embeddable":true,"href":"https:\/\/knjiznice.nsk.hr\/senj\/wp-json\/wp\/v2\/media\/2589"}],"wp:attachment":[{"href":"https:\/\/knjiznice.nsk.hr\/senj\/wp-json\/wp\/v2\/media?parent=2588"}],"wp:term":[{"taxonomy":"category","embeddable":true,"href":"https:\/\/knjiznice.nsk.hr\/senj\/wp-json\/wp\/v2\/categories?post=2588"},{"taxonomy":"post_tag","embeddable":true,"href":"https:\/\/knjiznice.nsk.hr\/senj\/wp-json\/wp\/v2\/tags?post=2588"}],"curies":[{"name":"wp","href":"https:\/\/api.w.org\/{rel}","templated":true}]}}