{"id":2541,"date":"2022-11-14T10:11:50","date_gmt":"2022-11-14T10:11:50","guid":{"rendered":"http:\/\/knjiznice.nsk.hr\/senj\/?p=2541"},"modified":"2022-11-14T10:11:50","modified_gmt":"2022-11-14T10:11:50","slug":"mhk-15-10-15-11-2022-g-programi-za-vrticance-i-osnovce","status":"publish","type":"post","link":"https:\/\/knjiznice.nsk.hr\/senj\/mhk-15-10-15-11-2022-g-programi-za-vrticance-i-osnovce\/","title":{"rendered":"MHK-15.10-15.11. 2022. g-programi za vrti\u0107ance i osnovce"},"content":{"rendered":"<p>Kroz cijeli Mjesec hrvatske knjige posje\u0107ivali su nas na\u0161i vrti\u0107anci i osnovci.<br \/>\nU tu svrhu organizirali smo za vrti\u0107ance program \u201e\u0160to se u knji\u017enici radi?\u201c, a za \u0161kolarce program \u201eVolim svoju knji\u017enicu\u201c. Oba programa obuhvatila su stru\u010dno vo\u0111enje i razgledavanje knji\u017enice i Dje\u010djeg odjela, a  sve s ciljem da djeca bolje upoznaju gradsku knji\u017enicu.<br \/>\nBilo nam je lijepo, dru\u017eili smo se, \u010ditali, gledali crti\u0107e. Hvala O\u0160 S.S.Kranj\u010devi\u0107a Senj i Dje\u010djem vrti\u0107u \u201eTravica\u201c Senj na lijepoj suradnji. Vidimo se i dogodine.<\/p>\n","protected":false},"excerpt":{"rendered":"<p>Kroz cijeli Mjesec hrvatske knjige posje\u0107ivali su nas na\u0161i vrti\u0107anci i osnovci. U tu svrhu organizirali smo za vrti\u0107ance program \u201e\u0160to se u knji\u017enici radi?\u201c, a za \u0161kolarce program \u201eVolim svoju knji\u017enicu\u201c. Oba programa obuhvatila su stru\u010dno vo\u0111enje i razgledavanje knji\u017enice i Dje\u010djeg odjela, a sve s ciljem da djeca bolje upoznaju gradsku knji\u017enicu. Bilo [&hellip;]<\/p>\n","protected":false},"author":58,"featured_media":2542,"comment_status":"closed","ping_status":"closed","sticky":false,"template":"","format":"standard","meta":{"ngg_post_thumbnail":0},"categories":[8],"tags":[],"yoast_head":"<!-- This site is optimized with the Yoast SEO plugin v16.4 - https:\/\/yoast.com\/wordpress\/plugins\/seo\/ -->\n<meta name=\"robots\" content=\"index, follow, max-snippet:-1, max-image-preview:large, max-video-preview:-1\" \/>\n<link rel=\"canonical\" href=\"https:\/\/knjiznice.nsk.hr\/senj\/mhk-15-10-15-11-2022-g-programi-za-vrticance-i-osnovce\/\" \/>\n<meta property=\"og:locale\" content=\"hr_HR\" \/>\n<meta property=\"og:type\" content=\"article\" \/>\n<meta property=\"og:title\" content=\"MHK-15.10-15.11. 2022. g-programi za vrti\u0107ance i osnovce - Gradska knji\u017enica Senj\" \/>\n<meta property=\"og:description\" content=\"Kroz cijeli Mjesec hrvatske knjige posje\u0107ivali su nas na\u0161i vrti\u0107anci i osnovci. U tu svrhu organizirali smo za vrti\u0107ance program \u201e\u0160to se u knji\u017enici radi?\u201c, a za \u0161kolarce program \u201eVolim svoju knji\u017enicu\u201c. Oba programa obuhvatila su stru\u010dno vo\u0111enje i razgledavanje knji\u017enice i Dje\u010djeg odjela, a sve s ciljem da djeca bolje upoznaju gradsku knji\u017enicu. Bilo [&hellip;]\" \/>\n<meta property=\"og:url\" content=\"https:\/\/knjiznice.nsk.hr\/senj\/mhk-15-10-15-11-2022-g-programi-za-vrticance-i-osnovce\/\" \/>\n<meta property=\"og:site_name\" content=\"Gradska knji\u017enica Senj\" \/>\n<meta property=\"article:publisher\" content=\"http:\/\/facebook.com\/Gradska-knji%c5%benica-SENJ\" \/>\n<meta property=\"article:published_time\" content=\"2022-11-14T10:11:50+00:00\" \/>\n<meta property=\"og:image\" content=\"http:\/\/knjiznice.nsk.hr\/senj\/wp-content\/uploads\/sites\/60\/2022\/11\/IMG-93a180f1229b51a147e22cfe6dbed953-V.jpg.resized.jpg\" \/>\n\t<meta property=\"og:image:width\" content=\"600\" \/>\n\t<meta property=\"og:image:height\" content=\"800\" \/>\n<script type=\"application\/ld+json\" class=\"yoast-schema-graph\">{\"@context\":\"https:\/\/schema.org\",\"@graph\":[{\"@type\":\"WebSite\",\"@id\":\"http:\/\/knjiznice.nsk.hr\/senj\/#website\",\"url\":\"http:\/\/knjiznice.nsk.hr\/senj\/\",\"name\":\"Gradska knji\\u017enica Senj\",\"description\":\"S vama od 1835. godine\",\"potentialAction\":[{\"@type\":\"SearchAction\",\"target\":\"http:\/\/knjiznice.nsk.hr\/senj\/?s={search_term_string}\",\"query-input\":\"required name=search_term_string\"}],\"inLanguage\":\"hr\"},{\"@type\":\"ImageObject\",\"@id\":\"https:\/\/knjiznice.nsk.hr\/senj\/mhk-15-10-15-11-2022-g-programi-za-vrticance-i-osnovce\/#primaryimage\",\"inLanguage\":\"hr\",\"url\":\"https:\/\/knjiznice.nsk.hr\/senj\/wp-content\/uploads\/sites\/60\/2022\/11\/IMG-93a180f1229b51a147e22cfe6dbed953-V.jpg.resized.jpg\",\"contentUrl\":\"https:\/\/knjiznice.nsk.hr\/senj\/wp-content\/uploads\/sites\/60\/2022\/11\/IMG-93a180f1229b51a147e22cfe6dbed953-V.jpg.resized.jpg\",\"width\":600,\"height\":800},{\"@type\":\"WebPage\",\"@id\":\"https:\/\/knjiznice.nsk.hr\/senj\/mhk-15-10-15-11-2022-g-programi-za-vrticance-i-osnovce\/#webpage\",\"url\":\"https:\/\/knjiznice.nsk.hr\/senj\/mhk-15-10-15-11-2022-g-programi-za-vrticance-i-osnovce\/\",\"name\":\"MHK-15.10-15.11. 2022. g-programi za vrti\\u0107ance i osnovce - Gradska knji\\u017enica Senj\",\"isPartOf\":{\"@id\":\"http:\/\/knjiznice.nsk.hr\/senj\/#website\"},\"primaryImageOfPage\":{\"@id\":\"https:\/\/knjiznice.nsk.hr\/senj\/mhk-15-10-15-11-2022-g-programi-za-vrticance-i-osnovce\/#primaryimage\"},\"datePublished\":\"2022-11-14T10:11:50+00:00\",\"dateModified\":\"2022-11-14T10:11:50+00:00\",\"author\":{\"@id\":\"http:\/\/knjiznice.nsk.hr\/senj\/#\/schema\/person\/c6b0893cdaca205d44fe2c322c042ac7\"},\"breadcrumb\":{\"@id\":\"https:\/\/knjiznice.nsk.hr\/senj\/mhk-15-10-15-11-2022-g-programi-za-vrticance-i-osnovce\/#breadcrumb\"},\"inLanguage\":\"hr\",\"potentialAction\":[{\"@type\":\"ReadAction\",\"target\":[\"https:\/\/knjiznice.nsk.hr\/senj\/mhk-15-10-15-11-2022-g-programi-za-vrticance-i-osnovce\/\"]}]},{\"@type\":\"BreadcrumbList\",\"@id\":\"https:\/\/knjiznice.nsk.hr\/senj\/mhk-15-10-15-11-2022-g-programi-za-vrticance-i-osnovce\/#breadcrumb\",\"itemListElement\":[{\"@type\":\"ListItem\",\"position\":1,\"item\":{\"@type\":\"WebPage\",\"@id\":\"http:\/\/knjiznice.nsk.hr\/senj\/\",\"url\":\"http:\/\/knjiznice.nsk.hr\/senj\/\",\"name\":\"Po\\u010detna stranica\"}},{\"@type\":\"ListItem\",\"position\":2,\"item\":{\"@id\":\"https:\/\/knjiznice.nsk.hr\/senj\/mhk-15-10-15-11-2022-g-programi-za-vrticance-i-osnovce\/#webpage\"}}]},{\"@type\":\"Person\",\"@id\":\"http:\/\/knjiznice.nsk.hr\/senj\/#\/schema\/person\/c6b0893cdaca205d44fe2c322c042ac7\",\"name\":\"senj\",\"image\":{\"@type\":\"ImageObject\",\"@id\":\"http:\/\/knjiznice.nsk.hr\/senj\/#personlogo\",\"inLanguage\":\"hr\",\"url\":\"https:\/\/secure.gravatar.com\/avatar\/b00e8e1a99b5ba41772fe68c6bcfd17c?s=96&d=mm&r=g\",\"contentUrl\":\"https:\/\/secure.gravatar.com\/avatar\/b00e8e1a99b5ba41772fe68c6bcfd17c?s=96&d=mm&r=g\",\"caption\":\"senj\"}}]}<\/script>\n<!-- \/ Yoast SEO plugin. -->","_links":{"self":[{"href":"https:\/\/knjiznice.nsk.hr\/senj\/wp-json\/wp\/v2\/posts\/2541"}],"collection":[{"href":"https:\/\/knjiznice.nsk.hr\/senj\/wp-json\/wp\/v2\/posts"}],"about":[{"href":"https:\/\/knjiznice.nsk.hr\/senj\/wp-json\/wp\/v2\/types\/post"}],"author":[{"embeddable":true,"href":"https:\/\/knjiznice.nsk.hr\/senj\/wp-json\/wp\/v2\/users\/58"}],"replies":[{"embeddable":true,"href":"https:\/\/knjiznice.nsk.hr\/senj\/wp-json\/wp\/v2\/comments?post=2541"}],"version-history":[{"count":1,"href":"https:\/\/knjiznice.nsk.hr\/senj\/wp-json\/wp\/v2\/posts\/2541\/revisions"}],"predecessor-version":[{"id":2543,"href":"https:\/\/knjiznice.nsk.hr\/senj\/wp-json\/wp\/v2\/posts\/2541\/revisions\/2543"}],"wp:featuredmedia":[{"embeddable":true,"href":"https:\/\/knjiznice.nsk.hr\/senj\/wp-json\/wp\/v2\/media\/2542"}],"wp:attachment":[{"href":"https:\/\/knjiznice.nsk.hr\/senj\/wp-json\/wp\/v2\/media?parent=2541"}],"wp:term":[{"taxonomy":"category","embeddable":true,"href":"https:\/\/knjiznice.nsk.hr\/senj\/wp-json\/wp\/v2\/categories?post=2541"},{"taxonomy":"post_tag","embeddable":true,"href":"https:\/\/knjiznice.nsk.hr\/senj\/wp-json\/wp\/v2\/tags?post=2541"}],"curies":[{"name":"wp","href":"https:\/\/api.w.org\/{rel}","templated":true}]}}