{"id":2446,"date":"2022-07-25T07:55:06","date_gmt":"2022-07-25T07:55:06","guid":{"rendered":"http:\/\/knjiznice.nsk.hr\/senj\/?p=2446"},"modified":"2022-07-25T07:55:06","modified_gmt":"2022-07-25T07:55:06","slug":"kazalisna-predstava-nemas-pojma-grizlijane","status":"publish","type":"post","link":"https:\/\/knjiznice.nsk.hr\/senj\/kazalisna-predstava-nemas-pojma-grizlijane\/","title":{"rendered":"KAZALI\u0160NA PREDSTAVA \u201eNEMA\u0160 POJMA, GRIZLIJANE\u201c"},"content":{"rendered":"<p>Protekli petak, 22. srpnja na na\u0161em Dje\u010djem odjelu gostovalo je kazali\u0161te \u201eSmje\u0161ko\u201c s hit predstavom za djecu \u201eNema\u0161 pojma, Grizlijane\u201c<br \/>\nPredstava je  nastala na predlo\u0161ku knjige \u201cNema\u0161 pojma, Grizlijane!\u201d, jednog od omiljenih lektirnih naslova, te je ujedno i jedan od najpopularnijih naslova poznate spisateljice A. \u0110oki\u0107-Pongra\u0161i\u0107.<br \/>\nPredstava je mali mjuzikl za djecu, a govori o razma\u017eenom i nespretnom medvjedi\u0107u kojeg je cijeli \u017eivot hranila njegova mama, pa sam ni\u0161ta nije znao napraviti. Ipak, jednom kada je krenuo u svijet, malo po malo sve je nau\u010dio.<br \/>\nU predstavi su glumili Mirko Iliba\u0161i\u0107, Monika Berberovi\u0107 i Lidija Kralji\u0107, a redateljica predstave je Ivana Pero\u0161.<br \/>\nDje\u010dji odjel bio je dupkom pun djece koja su s rado\u0161\u0107u pratila predstavu i glumce ispratila s velikim pljeskom<\/p>\n","protected":false},"excerpt":{"rendered":"<p>Protekli petak, 22. srpnja na na\u0161em Dje\u010djem odjelu gostovalo je kazali\u0161te \u201eSmje\u0161ko\u201c s hit predstavom za djecu \u201eNema\u0161 pojma, Grizlijane\u201c Predstava je nastala na predlo\u0161ku knjige \u201cNema\u0161 pojma, Grizlijane!\u201d, jednog od omiljenih lektirnih naslova, te je ujedno i jedan od najpopularnijih naslova poznate spisateljice A. \u0110oki\u0107-Pongra\u0161i\u0107. Predstava je mali mjuzikl za djecu, a govori o [&hellip;]<\/p>\n","protected":false},"author":58,"featured_media":2447,"comment_status":"closed","ping_status":"closed","sticky":false,"template":"","format":"standard","meta":{"ngg_post_thumbnail":0},"categories":[8],"tags":[],"yoast_head":"<!-- This site is optimized with the Yoast SEO plugin v16.4 - https:\/\/yoast.com\/wordpress\/plugins\/seo\/ -->\n<meta name=\"robots\" content=\"index, follow, max-snippet:-1, max-image-preview:large, max-video-preview:-1\" \/>\n<link rel=\"canonical\" href=\"http:\/\/knjiznice.nsk.hr\/senj\/kazalisna-predstava-nemas-pojma-grizlijane\/\" \/>\n<meta property=\"og:locale\" content=\"hr_HR\" \/>\n<meta property=\"og:type\" content=\"article\" \/>\n<meta property=\"og:title\" content=\"KAZALI\u0160NA PREDSTAVA \u201eNEMA\u0160 POJMA, GRIZLIJANE\u201c - Gradska knji\u017enica Senj\" \/>\n<meta property=\"og:description\" content=\"Protekli petak, 22. srpnja na na\u0161em Dje\u010djem odjelu gostovalo je kazali\u0161te \u201eSmje\u0161ko\u201c s hit predstavom za djecu \u201eNema\u0161 pojma, Grizlijane\u201c Predstava je nastala na predlo\u0161ku knjige \u201cNema\u0161 pojma, Grizlijane!\u201d, jednog od omiljenih lektirnih naslova, te je ujedno i jedan od najpopularnijih naslova poznate spisateljice A. \u0110oki\u0107-Pongra\u0161i\u0107. Predstava je mali mjuzikl za djecu, a govori o [&hellip;]\" \/>\n<meta property=\"og:url\" content=\"http:\/\/knjiznice.nsk.hr\/senj\/kazalisna-predstava-nemas-pojma-grizlijane\/\" \/>\n<meta property=\"og:site_name\" content=\"Gradska knji\u017enica Senj\" \/>\n<meta property=\"article:publisher\" content=\"http:\/\/facebook.com\/Gradska-knji%c5%benica-SENJ\" \/>\n<meta property=\"article:published_time\" content=\"2022-07-25T07:55:06+00:00\" \/>\n<meta property=\"og:image\" content=\"http:\/\/knjiznice.nsk.hr\/senj\/wp-content\/uploads\/sites\/60\/2022\/07\/t.jpg\" \/>\n\t<meta property=\"og:image:width\" content=\"2048\" \/>\n\t<meta property=\"og:image:height\" content=\"1152\" \/>\n<meta name=\"twitter:label1\" content=\"Procijenjeno vrijeme \u010ditanja\" \/>\n\t<meta name=\"twitter:data1\" content=\"1 minuta\" \/>\n<script type=\"application\/ld+json\" class=\"yoast-schema-graph\">{\"@context\":\"https:\/\/schema.org\",\"@graph\":[{\"@type\":\"WebSite\",\"@id\":\"https:\/\/knjiznice.nsk.hr\/senj\/#website\",\"url\":\"https:\/\/knjiznice.nsk.hr\/senj\/\",\"name\":\"Gradska knji\\u017enica Senj\",\"description\":\"S vama od 1835. godine\",\"potentialAction\":[{\"@type\":\"SearchAction\",\"target\":\"https:\/\/knjiznice.nsk.hr\/senj\/?s={search_term_string}\",\"query-input\":\"required name=search_term_string\"}],\"inLanguage\":\"hr\"},{\"@type\":\"ImageObject\",\"@id\":\"http:\/\/knjiznice.nsk.hr\/senj\/kazalisna-predstava-nemas-pojma-grizlijane\/#primaryimage\",\"inLanguage\":\"hr\",\"url\":\"https:\/\/knjiznice.nsk.hr\/senj\/wp-content\/uploads\/sites\/60\/2022\/07\/t.jpg\",\"contentUrl\":\"https:\/\/knjiznice.nsk.hr\/senj\/wp-content\/uploads\/sites\/60\/2022\/07\/t.jpg\",\"width\":2048,\"height\":1152},{\"@type\":\"WebPage\",\"@id\":\"http:\/\/knjiznice.nsk.hr\/senj\/kazalisna-predstava-nemas-pojma-grizlijane\/#webpage\",\"url\":\"http:\/\/knjiznice.nsk.hr\/senj\/kazalisna-predstava-nemas-pojma-grizlijane\/\",\"name\":\"KAZALI\\u0160NA PREDSTAVA \\u201eNEMA\\u0160 POJMA, GRIZLIJANE\\u201c - Gradska knji\\u017enica Senj\",\"isPartOf\":{\"@id\":\"https:\/\/knjiznice.nsk.hr\/senj\/#website\"},\"primaryImageOfPage\":{\"@id\":\"http:\/\/knjiznice.nsk.hr\/senj\/kazalisna-predstava-nemas-pojma-grizlijane\/#primaryimage\"},\"datePublished\":\"2022-07-25T07:55:06+00:00\",\"dateModified\":\"2022-07-25T07:55:06+00:00\",\"author\":{\"@id\":\"https:\/\/knjiznice.nsk.hr\/senj\/#\/schema\/person\/c6b0893cdaca205d44fe2c322c042ac7\"},\"breadcrumb\":{\"@id\":\"http:\/\/knjiznice.nsk.hr\/senj\/kazalisna-predstava-nemas-pojma-grizlijane\/#breadcrumb\"},\"inLanguage\":\"hr\",\"potentialAction\":[{\"@type\":\"ReadAction\",\"target\":[\"http:\/\/knjiznice.nsk.hr\/senj\/kazalisna-predstava-nemas-pojma-grizlijane\/\"]}]},{\"@type\":\"BreadcrumbList\",\"@id\":\"http:\/\/knjiznice.nsk.hr\/senj\/kazalisna-predstava-nemas-pojma-grizlijane\/#breadcrumb\",\"itemListElement\":[{\"@type\":\"ListItem\",\"position\":1,\"item\":{\"@type\":\"WebPage\",\"@id\":\"https:\/\/knjiznice.nsk.hr\/senj\/\",\"url\":\"https:\/\/knjiznice.nsk.hr\/senj\/\",\"name\":\"Po\\u010detna stranica\"}},{\"@type\":\"ListItem\",\"position\":2,\"item\":{\"@id\":\"http:\/\/knjiznice.nsk.hr\/senj\/kazalisna-predstava-nemas-pojma-grizlijane\/#webpage\"}}]},{\"@type\":\"Person\",\"@id\":\"https:\/\/knjiznice.nsk.hr\/senj\/#\/schema\/person\/c6b0893cdaca205d44fe2c322c042ac7\",\"name\":\"senj\",\"image\":{\"@type\":\"ImageObject\",\"@id\":\"https:\/\/knjiznice.nsk.hr\/senj\/#personlogo\",\"inLanguage\":\"hr\",\"url\":\"https:\/\/secure.gravatar.com\/avatar\/b00e8e1a99b5ba41772fe68c6bcfd17c?s=96&d=mm&r=g\",\"contentUrl\":\"https:\/\/secure.gravatar.com\/avatar\/b00e8e1a99b5ba41772fe68c6bcfd17c?s=96&d=mm&r=g\",\"caption\":\"senj\"}}]}<\/script>\n<!-- \/ Yoast SEO plugin. -->","_links":{"self":[{"href":"https:\/\/knjiznice.nsk.hr\/senj\/wp-json\/wp\/v2\/posts\/2446"}],"collection":[{"href":"https:\/\/knjiznice.nsk.hr\/senj\/wp-json\/wp\/v2\/posts"}],"about":[{"href":"https:\/\/knjiznice.nsk.hr\/senj\/wp-json\/wp\/v2\/types\/post"}],"author":[{"embeddable":true,"href":"https:\/\/knjiznice.nsk.hr\/senj\/wp-json\/wp\/v2\/users\/58"}],"replies":[{"embeddable":true,"href":"https:\/\/knjiznice.nsk.hr\/senj\/wp-json\/wp\/v2\/comments?post=2446"}],"version-history":[{"count":1,"href":"https:\/\/knjiznice.nsk.hr\/senj\/wp-json\/wp\/v2\/posts\/2446\/revisions"}],"predecessor-version":[{"id":2448,"href":"https:\/\/knjiznice.nsk.hr\/senj\/wp-json\/wp\/v2\/posts\/2446\/revisions\/2448"}],"wp:featuredmedia":[{"embeddable":true,"href":"https:\/\/knjiznice.nsk.hr\/senj\/wp-json\/wp\/v2\/media\/2447"}],"wp:attachment":[{"href":"https:\/\/knjiznice.nsk.hr\/senj\/wp-json\/wp\/v2\/media?parent=2446"}],"wp:term":[{"taxonomy":"category","embeddable":true,"href":"https:\/\/knjiznice.nsk.hr\/senj\/wp-json\/wp\/v2\/categories?post=2446"},{"taxonomy":"post_tag","embeddable":true,"href":"https:\/\/knjiznice.nsk.hr\/senj\/wp-json\/wp\/v2\/tags?post=2446"}],"curies":[{"name":"wp","href":"https:\/\/api.w.org\/{rel}","templated":true}]}}