{"id":2435,"date":"2022-07-15T08:42:55","date_gmt":"2022-07-15T08:42:55","guid":{"rendered":"http:\/\/knjiznice.nsk.hr\/senj\/?p=2435"},"modified":"2022-07-15T08:42:55","modified_gmt":"2022-07-15T08:42:55","slug":"izlozba-inge-burmudzije-bura-od-boja","status":"publish","type":"post","link":"https:\/\/knjiznice.nsk.hr\/senj\/izlozba-inge-burmudzije-bura-od-boja\/","title":{"rendered":"IZLO\u017dBA INGE BURMUD\u017dIJE \u201cBURA OD BOJA \u201e"},"content":{"rendered":"<p>IZLO\u017dBA INGE BURMUD\u017dIJE \u201cBURA OD BOJA \u201e<br \/>\n-postav od 15.srpnja do 1.kolovoza 2022.g-<\/p>\n<p>Inga Burmud\u017eija (1948.g.) diplomirana je biologinja i slikarica amaterka, ro\u0111ena u Bjelovaru, a \u017eivi u Zagrebu.<br \/>\nIako ljubav prema crtanju i slikanju gaji od djetinjstva, tek se 2007.g po umirovljenju intenzivnije posve\u0107uje likovnom stvarala\u0161tvu.<br \/>\nG\u0111a. Burmud\u017eija \u010dlanica je KUD-a Zlatko Balokovi\u0107 iz Krapinskih Toplica. Sudjelovala je na brojnim skupnim izlo\u017ebama, doma\u0107im i me\u0111unarodnim, a ovo je njezina jubilarna dvadeseta samostalna izlo\u017eba, nakon Zagreba, Siska i Bjelovara.<br \/>\nUmjetnica je za na\u0161 Senj vezana rodbinskim vezama, kao djevoj\u010dica provodila je ljeta kod bake i tete te je za Senj ve\u017eu divne uspomene djetinjstva i odrastanja. Stoga ovu izlo\u017ebu posve\u0107uje svojim sestri\u010dnama i brati\u0107ima-Teici, Stanku, Anti, Dragi, Josi i nadasve An\u0111elki-Maji, koja na\u017ealost vi\u0161e nije s nama.<br \/>\nZa izlo\u017ebu u Senju pod nazivom \u201eBura od boja\u201c umjetnica je odabrala izlo\u017eiti radove u tri tehnike- slikarski flomaster, tehnika enkaustike (slikanje vo\u0161tanim bojama koje se tope pomo\u0107u posebnih el. ure\u0111aja) te tehnika to\u010dkanja-dot art.<br \/>\nMotivi su apstrakcije, morski motivi, cvije\u0107e, mandale, pejza\u017e.<\/p>\n<p>Kao posebni dodatak izlo\u017ebi izlo\u017eit \u0107e se maske nastale u periodu od 2020.-2022. god. Poveznica je svakako tradicija ma\u0161karanja i balova u Senju!<br \/>\nNa ovoj izlo\u017ebi znakovitog naziva \u201eBura od boja\u201c spaja se op\u0107e poznata senjska bura s vrlo \u017eivim i pomalo intrigantnim bojama na Inginim apstraktnim radovima.<br \/>\nKao prilog izlo\u017ebi umjetnica je dodala i emotivnu pjesmu koju je posvetila upravo Senju, a zove se \u201e Bura \u201e i u njoj \u0107e mnogi \u201estari\u201c Senjani prepoznati dio vlastite mladosti.<\/p>\n<p>BURA<br \/>\nUz zvuke bure<br \/>\n\u0160to se s Vratnika strmog sru\u0107e<br \/>\nSvakog se ljeta vra\u0107ah podno Nehaja<br \/>\nGradu djetinjstva i mladosti moje<br \/>\nTu po\u017enjeh prve ljubavi i djetinjstvo \u010darobne boje<br \/>\nUske kale pro\u0161lo\u0161\u0107u poplo\u010dene<br \/>\nA Velika i Mala placa, Potok i Alej<br \/>\nU meni su na vje\u010dni spomen<br \/>\nArt i Banja jo\u0161 Rudi\u010devom lupom klju\u0107a<br \/>\nPo drvenim vratima kabina, ko nekad mi odzvanja<br \/>\nO\u0161tar miris vla\u017ena drva, mora i soli nosnice mi dra\u017ei<br \/>\nDok \u0110igu i puzaljku kod Macela oplakuju jo\u0161 i danas veli vali<br \/>\nIz \u017di\u017eule plesna muzika sa zvukom bure se mije\u0161a<br \/>\nAl sve je pro\u0161lo, samo bura vje\u010dna osta<br \/>\nI dogorjele svije\u0107e \u0161to ih palim na grobovima<br \/>\nMojih dragih.<\/p>\n<p>Izlo\u017eba je u prostorima Knji\u017enice od 15.7 do 1.8. 2022.g.<br \/>\nDo\u0111ite i razgledajte \u017eivopisne radove umjetnice Inge Burmud\u017eije, a svoja zapa\u017eanja i utiske mo\u017eete upisati u njezinu teku utisaka !<br \/>\nUkoliko imate pitanja u vezi tehnika ili sl. a vezano uz izlo\u017eene radove, slobodne se obratite autorici na kontakt broj 091\/61 39 382 <\/p>\n<p>Radujemo se Va\u0161em dolasku!<\/p>\n","protected":false},"excerpt":{"rendered":"<p>IZLO\u017dBA INGE BURMUD\u017dIJE \u201cBURA OD BOJA \u201e -postav od 15.srpnja do 1.kolovoza 2022.g- Inga Burmud\u017eija (1948.g.) diplomirana je biologinja i slikarica amaterka, ro\u0111ena u Bjelovaru, a \u017eivi u Zagrebu. Iako ljubav prema crtanju i slikanju gaji od djetinjstva, tek se 2007.g po umirovljenju intenzivnije posve\u0107uje likovnom stvarala\u0161tvu. G\u0111a. Burmud\u017eija \u010dlanica je KUD-a Zlatko Balokovi\u0107 iz [&hellip;]<\/p>\n","protected":false},"author":58,"featured_media":2436,"comment_status":"closed","ping_status":"closed","sticky":false,"template":"","format":"standard","meta":{"ngg_post_thumbnail":0},"categories":[1],"tags":[],"yoast_head":"<!-- This site is optimized with the Yoast SEO plugin v16.4 - https:\/\/yoast.com\/wordpress\/plugins\/seo\/ -->\n<meta name=\"robots\" content=\"index, follow, max-snippet:-1, max-image-preview:large, max-video-preview:-1\" \/>\n<link rel=\"canonical\" href=\"https:\/\/knjiznice.nsk.hr\/senj\/izlozba-inge-burmudzije-bura-od-boja\/\" \/>\n<meta property=\"og:locale\" content=\"hr_HR\" \/>\n<meta property=\"og:type\" content=\"article\" \/>\n<meta property=\"og:title\" content=\"IZLO\u017dBA INGE BURMUD\u017dIJE \u201cBURA OD BOJA \u201e - Gradska knji\u017enica Senj\" \/>\n<meta property=\"og:description\" content=\"IZLO\u017dBA INGE BURMUD\u017dIJE \u201cBURA OD BOJA \u201e -postav od 15.srpnja do 1.kolovoza 2022.g- Inga Burmud\u017eija (1948.g.) diplomirana je biologinja i slikarica amaterka, ro\u0111ena u Bjelovaru, a \u017eivi u Zagrebu. Iako ljubav prema crtanju i slikanju gaji od djetinjstva, tek se 2007.g po umirovljenju intenzivnije posve\u0107uje likovnom stvarala\u0161tvu. G\u0111a. Burmud\u017eija \u010dlanica je KUD-a Zlatko Balokovi\u0107 iz [&hellip;]\" \/>\n<meta property=\"og:url\" content=\"https:\/\/knjiznice.nsk.hr\/senj\/izlozba-inge-burmudzije-bura-od-boja\/\" \/>\n<meta property=\"og:site_name\" content=\"Gradska knji\u017enica Senj\" \/>\n<meta property=\"article:publisher\" content=\"http:\/\/facebook.com\/Gradska-knji%c5%benica-SENJ\" \/>\n<meta property=\"article:published_time\" content=\"2022-07-15T08:42:55+00:00\" \/>\n<meta property=\"og:image\" content=\"http:\/\/knjiznice.nsk.hr\/senj\/wp-content\/uploads\/sites\/60\/2022\/07\/inga-odsjaj-grada.jpg\" \/>\n\t<meta property=\"og:image:width\" content=\"2168\" \/>\n\t<meta property=\"og:image:height\" content=\"2081\" \/>\n<meta name=\"twitter:label1\" content=\"Procijenjeno vrijeme \u010ditanja\" \/>\n\t<meta name=\"twitter:data1\" content=\"2 minute\" \/>\n<script type=\"application\/ld+json\" class=\"yoast-schema-graph\">{\"@context\":\"https:\/\/schema.org\",\"@graph\":[{\"@type\":\"WebSite\",\"@id\":\"https:\/\/knjiznice.nsk.hr\/senj\/#website\",\"url\":\"https:\/\/knjiznice.nsk.hr\/senj\/\",\"name\":\"Gradska knji\\u017enica Senj\",\"description\":\"S vama od 1835. godine\",\"potentialAction\":[{\"@type\":\"SearchAction\",\"target\":\"https:\/\/knjiznice.nsk.hr\/senj\/?s={search_term_string}\",\"query-input\":\"required name=search_term_string\"}],\"inLanguage\":\"hr\"},{\"@type\":\"ImageObject\",\"@id\":\"https:\/\/knjiznice.nsk.hr\/senj\/izlozba-inge-burmudzije-bura-od-boja\/#primaryimage\",\"inLanguage\":\"hr\",\"url\":\"https:\/\/knjiznice.nsk.hr\/senj\/wp-content\/uploads\/sites\/60\/2022\/07\/inga-odsjaj-grada.jpg\",\"contentUrl\":\"https:\/\/knjiznice.nsk.hr\/senj\/wp-content\/uploads\/sites\/60\/2022\/07\/inga-odsjaj-grada.jpg\",\"width\":2168,\"height\":2081},{\"@type\":\"WebPage\",\"@id\":\"https:\/\/knjiznice.nsk.hr\/senj\/izlozba-inge-burmudzije-bura-od-boja\/#webpage\",\"url\":\"https:\/\/knjiznice.nsk.hr\/senj\/izlozba-inge-burmudzije-bura-od-boja\/\",\"name\":\"IZLO\\u017dBA INGE BURMUD\\u017dIJE \\u201cBURA OD BOJA \\u201e - Gradska knji\\u017enica Senj\",\"isPartOf\":{\"@id\":\"https:\/\/knjiznice.nsk.hr\/senj\/#website\"},\"primaryImageOfPage\":{\"@id\":\"https:\/\/knjiznice.nsk.hr\/senj\/izlozba-inge-burmudzije-bura-od-boja\/#primaryimage\"},\"datePublished\":\"2022-07-15T08:42:55+00:00\",\"dateModified\":\"2022-07-15T08:42:55+00:00\",\"author\":{\"@id\":\"https:\/\/knjiznice.nsk.hr\/senj\/#\/schema\/person\/c6b0893cdaca205d44fe2c322c042ac7\"},\"breadcrumb\":{\"@id\":\"https:\/\/knjiznice.nsk.hr\/senj\/izlozba-inge-burmudzije-bura-od-boja\/#breadcrumb\"},\"inLanguage\":\"hr\",\"potentialAction\":[{\"@type\":\"ReadAction\",\"target\":[\"https:\/\/knjiznice.nsk.hr\/senj\/izlozba-inge-burmudzije-bura-od-boja\/\"]}]},{\"@type\":\"BreadcrumbList\",\"@id\":\"https:\/\/knjiznice.nsk.hr\/senj\/izlozba-inge-burmudzije-bura-od-boja\/#breadcrumb\",\"itemListElement\":[{\"@type\":\"ListItem\",\"position\":1,\"item\":{\"@type\":\"WebPage\",\"@id\":\"https:\/\/knjiznice.nsk.hr\/senj\/\",\"url\":\"https:\/\/knjiznice.nsk.hr\/senj\/\",\"name\":\"Po\\u010detna stranica\"}},{\"@type\":\"ListItem\",\"position\":2,\"item\":{\"@id\":\"https:\/\/knjiznice.nsk.hr\/senj\/izlozba-inge-burmudzije-bura-od-boja\/#webpage\"}}]},{\"@type\":\"Person\",\"@id\":\"https:\/\/knjiznice.nsk.hr\/senj\/#\/schema\/person\/c6b0893cdaca205d44fe2c322c042ac7\",\"name\":\"senj\",\"image\":{\"@type\":\"ImageObject\",\"@id\":\"https:\/\/knjiznice.nsk.hr\/senj\/#personlogo\",\"inLanguage\":\"hr\",\"url\":\"https:\/\/secure.gravatar.com\/avatar\/b00e8e1a99b5ba41772fe68c6bcfd17c?s=96&d=mm&r=g\",\"contentUrl\":\"https:\/\/secure.gravatar.com\/avatar\/b00e8e1a99b5ba41772fe68c6bcfd17c?s=96&d=mm&r=g\",\"caption\":\"senj\"}}]}<\/script>\n<!-- \/ Yoast SEO plugin. -->","_links":{"self":[{"href":"https:\/\/knjiznice.nsk.hr\/senj\/wp-json\/wp\/v2\/posts\/2435"}],"collection":[{"href":"https:\/\/knjiznice.nsk.hr\/senj\/wp-json\/wp\/v2\/posts"}],"about":[{"href":"https:\/\/knjiznice.nsk.hr\/senj\/wp-json\/wp\/v2\/types\/post"}],"author":[{"embeddable":true,"href":"https:\/\/knjiznice.nsk.hr\/senj\/wp-json\/wp\/v2\/users\/58"}],"replies":[{"embeddable":true,"href":"https:\/\/knjiznice.nsk.hr\/senj\/wp-json\/wp\/v2\/comments?post=2435"}],"version-history":[{"count":1,"href":"https:\/\/knjiznice.nsk.hr\/senj\/wp-json\/wp\/v2\/posts\/2435\/revisions"}],"predecessor-version":[{"id":2437,"href":"https:\/\/knjiznice.nsk.hr\/senj\/wp-json\/wp\/v2\/posts\/2435\/revisions\/2437"}],"wp:featuredmedia":[{"embeddable":true,"href":"https:\/\/knjiznice.nsk.hr\/senj\/wp-json\/wp\/v2\/media\/2436"}],"wp:attachment":[{"href":"https:\/\/knjiznice.nsk.hr\/senj\/wp-json\/wp\/v2\/media?parent=2435"}],"wp:term":[{"taxonomy":"category","embeddable":true,"href":"https:\/\/knjiznice.nsk.hr\/senj\/wp-json\/wp\/v2\/categories?post=2435"},{"taxonomy":"post_tag","embeddable":true,"href":"https:\/\/knjiznice.nsk.hr\/senj\/wp-json\/wp\/v2\/tags?post=2435"}],"curies":[{"name":"wp","href":"https:\/\/api.w.org\/{rel}","templated":true}]}}