{"id":2386,"date":"2022-04-19T08:36:21","date_gmt":"2022-04-19T08:36:21","guid":{"rendered":"http:\/\/knjiznice.nsk.hr\/senj\/?p=2386"},"modified":"2022-04-19T08:36:21","modified_gmt":"2022-04-19T08:36:21","slug":"otvorenje-izlozbe-vitezovicu-u-cast","status":"publish","type":"post","link":"https:\/\/knjiznice.nsk.hr\/senj\/otvorenje-izlozbe-vitezovicu-u-cast\/","title":{"rendered":"OTVORENJE IZLO\u017dBE &#8220;VITEZOVI\u0106U U \u010cAST&#8221;"},"content":{"rendered":"<p>Dana 19. travnja u Gradskoj knji\u017enici Senj otvorena je izlo\u017eba posve\u0107ena Pavlu Ritteru Vitezovi\u0107u. U sklopu proslave Dana Grada Senja koje je u znaku 370. godi\u0161njice ro\u0111enja Pavla Rittera Vitezovi\u0107a, Gradska knji\u017enica Senj priredila je izlo\u017ebu u \u010dast ovog senjskog i hrvatskog velikana. Izlo\u017eba nosi naziv \u201eVitezovi\u0107u u \u010dast\u201c i sastoji se od stru\u010dnog osvrta na \u017eivot i rad Vitezovi\u0107a koji je upotpunjen i slikovnim prilozima. Uz to, izlo\u017eene su i sve knjige iz knji\u017eni\u010dnog fonda koje je napisao Vitezovi\u0107, kao i sve one koje govore o njemu.<br \/>\nIzlo\u017ebu su zajedni\u010dkim snagama priredile Knji\u017enica i Srednja \u0161kola Pavla Rittera Vitezovi\u0107a Senj-Povijesna grupa pod vodstvom profesora Silvija \u0160ojata.<br \/>\nPrilikom otvorenja ravnateljica Knji\u017enice Ana Prpi\u0107 Rogi\u0107 podsjetila je prisutne na najzna\u010dajnije momente iz Vitezovi\u0107evog \u017eivota i rada naglasiv\u0161i da je Vitezovi\u0107 zna\u010dajna li\u010dnost u knji\u017eevnoj i kulturnoj povijesti 17.stolje\u0107a Hrvatske te da se mi Senjani moramo i trebamo ponositi svojim vrijednim sinom koji je svojim radom i djelovanjem zadu\u017eio i pomogao generacije koje su dolazile iza njega.<br \/>\n-Ova izlo\u017eba na\u0161 je doprinos proslavi Vitezovi\u0107eva ro\u0111endana i podsjetnik na veli\u010dinu njegova lika i djela. Pozivamo sve gra\u0111ane da posjete knji\u017enicu i razgledaju postav koji u Knji\u017enici ostaje sve do 1. svibnja, rekla je zaklju\u010dno Prpi\u0107 Rogi\u0107.<\/p>\n","protected":false},"excerpt":{"rendered":"<p>Dana 19. travnja u Gradskoj knji\u017enici Senj otvorena je izlo\u017eba posve\u0107ena Pavlu Ritteru Vitezovi\u0107u. U sklopu proslave Dana Grada Senja koje je u znaku 370. godi\u0161njice ro\u0111enja Pavla Rittera Vitezovi\u0107a, Gradska knji\u017enica Senj priredila je izlo\u017ebu u \u010dast ovog senjskog i hrvatskog velikana. Izlo\u017eba nosi naziv \u201eVitezovi\u0107u u \u010dast\u201c i sastoji se od stru\u010dnog osvrta [&hellip;]<\/p>\n","protected":false},"author":58,"featured_media":2387,"comment_status":"closed","ping_status":"closed","sticky":false,"template":"","format":"standard","meta":{"ngg_post_thumbnail":0},"categories":[8],"tags":[],"yoast_head":"<!-- This site is optimized with the Yoast SEO plugin v16.4 - https:\/\/yoast.com\/wordpress\/plugins\/seo\/ -->\n<meta name=\"robots\" content=\"index, follow, max-snippet:-1, max-image-preview:large, max-video-preview:-1\" \/>\n<link rel=\"canonical\" href=\"https:\/\/knjiznice.nsk.hr\/senj\/otvorenje-izlozbe-vitezovicu-u-cast\/\" \/>\n<meta property=\"og:locale\" content=\"hr_HR\" \/>\n<meta property=\"og:type\" content=\"article\" \/>\n<meta property=\"og:title\" content=\"OTVORENJE IZLO\u017dBE &quot;VITEZOVI\u0106U U \u010cAST&quot; - Gradska knji\u017enica Senj\" \/>\n<meta property=\"og:description\" content=\"Dana 19. travnja u Gradskoj knji\u017enici Senj otvorena je izlo\u017eba posve\u0107ena Pavlu Ritteru Vitezovi\u0107u. U sklopu proslave Dana Grada Senja koje je u znaku 370. godi\u0161njice ro\u0111enja Pavla Rittera Vitezovi\u0107a, Gradska knji\u017enica Senj priredila je izlo\u017ebu u \u010dast ovog senjskog i hrvatskog velikana. Izlo\u017eba nosi naziv \u201eVitezovi\u0107u u \u010dast\u201c i sastoji se od stru\u010dnog osvrta [&hellip;]\" \/>\n<meta property=\"og:url\" content=\"https:\/\/knjiznice.nsk.hr\/senj\/otvorenje-izlozbe-vitezovicu-u-cast\/\" \/>\n<meta property=\"og:site_name\" content=\"Gradska knji\u017enica Senj\" \/>\n<meta property=\"article:publisher\" content=\"http:\/\/facebook.com\/Gradska-knji%c5%benica-SENJ\" \/>\n<meta property=\"article:published_time\" content=\"2022-04-19T08:36:21+00:00\" \/>\n<meta property=\"og:image\" content=\"http:\/\/knjiznice.nsk.hr\/senj\/wp-content\/uploads\/sites\/60\/2022\/04\/IMG-7f4add8c86fd5b87db29731339a96556-V.jpg\" \/>\n\t<meta property=\"og:image:width\" content=\"1200\" \/>\n\t<meta property=\"og:image:height\" content=\"1600\" \/>\n<meta name=\"twitter:label1\" content=\"Procijenjeno vrijeme \u010ditanja\" \/>\n\t<meta name=\"twitter:data1\" content=\"1 minuta\" \/>\n<script type=\"application\/ld+json\" class=\"yoast-schema-graph\">{\"@context\":\"https:\/\/schema.org\",\"@graph\":[{\"@type\":\"WebSite\",\"@id\":\"https:\/\/knjiznice.nsk.hr\/senj\/#website\",\"url\":\"https:\/\/knjiznice.nsk.hr\/senj\/\",\"name\":\"Gradska knji\\u017enica Senj\",\"description\":\"S vama od 1835. godine\",\"potentialAction\":[{\"@type\":\"SearchAction\",\"target\":\"https:\/\/knjiznice.nsk.hr\/senj\/?s={search_term_string}\",\"query-input\":\"required name=search_term_string\"}],\"inLanguage\":\"hr\"},{\"@type\":\"ImageObject\",\"@id\":\"https:\/\/knjiznice.nsk.hr\/senj\/otvorenje-izlozbe-vitezovicu-u-cast\/#primaryimage\",\"inLanguage\":\"hr\",\"url\":\"https:\/\/knjiznice.nsk.hr\/senj\/wp-content\/uploads\/sites\/60\/2022\/04\/IMG-7f4add8c86fd5b87db29731339a96556-V.jpg\",\"contentUrl\":\"https:\/\/knjiznice.nsk.hr\/senj\/wp-content\/uploads\/sites\/60\/2022\/04\/IMG-7f4add8c86fd5b87db29731339a96556-V.jpg\",\"width\":1200,\"height\":1600},{\"@type\":\"WebPage\",\"@id\":\"https:\/\/knjiznice.nsk.hr\/senj\/otvorenje-izlozbe-vitezovicu-u-cast\/#webpage\",\"url\":\"https:\/\/knjiznice.nsk.hr\/senj\/otvorenje-izlozbe-vitezovicu-u-cast\/\",\"name\":\"OTVORENJE IZLO\\u017dBE \\\"VITEZOVI\\u0106U U \\u010cAST\\\" - Gradska knji\\u017enica Senj\",\"isPartOf\":{\"@id\":\"https:\/\/knjiznice.nsk.hr\/senj\/#website\"},\"primaryImageOfPage\":{\"@id\":\"https:\/\/knjiznice.nsk.hr\/senj\/otvorenje-izlozbe-vitezovicu-u-cast\/#primaryimage\"},\"datePublished\":\"2022-04-19T08:36:21+00:00\",\"dateModified\":\"2022-04-19T08:36:21+00:00\",\"author\":{\"@id\":\"https:\/\/knjiznice.nsk.hr\/senj\/#\/schema\/person\/c6b0893cdaca205d44fe2c322c042ac7\"},\"breadcrumb\":{\"@id\":\"https:\/\/knjiznice.nsk.hr\/senj\/otvorenje-izlozbe-vitezovicu-u-cast\/#breadcrumb\"},\"inLanguage\":\"hr\",\"potentialAction\":[{\"@type\":\"ReadAction\",\"target\":[\"https:\/\/knjiznice.nsk.hr\/senj\/otvorenje-izlozbe-vitezovicu-u-cast\/\"]}]},{\"@type\":\"BreadcrumbList\",\"@id\":\"https:\/\/knjiznice.nsk.hr\/senj\/otvorenje-izlozbe-vitezovicu-u-cast\/#breadcrumb\",\"itemListElement\":[{\"@type\":\"ListItem\",\"position\":1,\"item\":{\"@type\":\"WebPage\",\"@id\":\"https:\/\/knjiznice.nsk.hr\/senj\/\",\"url\":\"https:\/\/knjiznice.nsk.hr\/senj\/\",\"name\":\"Po\\u010detna stranica\"}},{\"@type\":\"ListItem\",\"position\":2,\"item\":{\"@id\":\"https:\/\/knjiznice.nsk.hr\/senj\/otvorenje-izlozbe-vitezovicu-u-cast\/#webpage\"}}]},{\"@type\":\"Person\",\"@id\":\"https:\/\/knjiznice.nsk.hr\/senj\/#\/schema\/person\/c6b0893cdaca205d44fe2c322c042ac7\",\"name\":\"senj\",\"image\":{\"@type\":\"ImageObject\",\"@id\":\"https:\/\/knjiznice.nsk.hr\/senj\/#personlogo\",\"inLanguage\":\"hr\",\"url\":\"https:\/\/secure.gravatar.com\/avatar\/b00e8e1a99b5ba41772fe68c6bcfd17c?s=96&d=mm&r=g\",\"contentUrl\":\"https:\/\/secure.gravatar.com\/avatar\/b00e8e1a99b5ba41772fe68c6bcfd17c?s=96&d=mm&r=g\",\"caption\":\"senj\"}}]}<\/script>\n<!-- \/ Yoast SEO plugin. -->","_links":{"self":[{"href":"https:\/\/knjiznice.nsk.hr\/senj\/wp-json\/wp\/v2\/posts\/2386"}],"collection":[{"href":"https:\/\/knjiznice.nsk.hr\/senj\/wp-json\/wp\/v2\/posts"}],"about":[{"href":"https:\/\/knjiznice.nsk.hr\/senj\/wp-json\/wp\/v2\/types\/post"}],"author":[{"embeddable":true,"href":"https:\/\/knjiznice.nsk.hr\/senj\/wp-json\/wp\/v2\/users\/58"}],"replies":[{"embeddable":true,"href":"https:\/\/knjiznice.nsk.hr\/senj\/wp-json\/wp\/v2\/comments?post=2386"}],"version-history":[{"count":1,"href":"https:\/\/knjiznice.nsk.hr\/senj\/wp-json\/wp\/v2\/posts\/2386\/revisions"}],"predecessor-version":[{"id":2388,"href":"https:\/\/knjiznice.nsk.hr\/senj\/wp-json\/wp\/v2\/posts\/2386\/revisions\/2388"}],"wp:featuredmedia":[{"embeddable":true,"href":"https:\/\/knjiznice.nsk.hr\/senj\/wp-json\/wp\/v2\/media\/2387"}],"wp:attachment":[{"href":"https:\/\/knjiznice.nsk.hr\/senj\/wp-json\/wp\/v2\/media?parent=2386"}],"wp:term":[{"taxonomy":"category","embeddable":true,"href":"https:\/\/knjiznice.nsk.hr\/senj\/wp-json\/wp\/v2\/categories?post=2386"},{"taxonomy":"post_tag","embeddable":true,"href":"https:\/\/knjiznice.nsk.hr\/senj\/wp-json\/wp\/v2\/tags?post=2386"}],"curies":[{"name":"wp","href":"https:\/\/api.w.org\/{rel}","templated":true}]}}