{"id":2355,"date":"2021-10-24T14:23:30","date_gmt":"2021-10-24T14:23:30","guid":{"rendered":"http:\/\/knjiznice.nsk.hr\/senj\/?p=2355"},"modified":"2021-10-24T14:23:30","modified_gmt":"2021-10-24T14:23:30","slug":"mjesec-hrvatske-knjige-u-gradskoj-knjiznici-senj-2021","status":"publish","type":"post","link":"https:\/\/knjiznice.nsk.hr\/senj\/mjesec-hrvatske-knjige-u-gradskoj-knjiznici-senj-2021\/","title":{"rendered":"MJESEC HRVATSKE KNJIGE u Gradskoj knji\u017enici Senj 2021."},"content":{"rendered":"<p>\u2022\tVratite knjige bez pla\u0107anja zakasnine (pult knji\u017enice 15.10. \u2013 22.10.)<\/p>\n<p>\u2022\t\u201e\u017dena \u017eeni\u201c \u2013 izlo\u017eba umjetni\u010dkih \u010destitki i strani\u010dnika umjetnice Jadranke Vukeli\u0107 (postav izlo\u017ebe do 1.11.2021.)<\/p>\n<p>\u2022\tSkrivena ljepota dvori\u0161ta \u2013 izlo\u017eba asambla\u017ea umjetnice Ane Hr\u0107an \u0160ojat (2.11. \u2013 1.12.)<\/p>\n<p>\u2022\t\u201eMaruli\u0107u u \u010dast\u201c \u2013 izlo\u017eba povodom 500. godi\u0161njice izdanja \u201eJudite\u201c (izlog knji\u017enice)<\/p>\n<p>\u2022\t\u201eNehajevu u \u010dast\u201c \u2013 izlo\u017eba povodom 90. godi\u0161njice smrti senjskog knji\u017eevnika Milutina Cihlara Nehajeva (ogranak Sveti Juraj)<\/p>\n<p>\u2022\tRestaURAtori u knji\u017enicama \u2013 interdisciplinarno predavanje \u201ePrva pomo\u0107 umjetninama\u201c, predava\u010dica konz.rest. umjetnina Maja Su\u010devi\u0107 Miklin, doc.mag.art. (facebook Gradske knji\u017enice Senj) <\/p>\n","protected":false},"excerpt":{"rendered":"<p>\u2022 Vratite knjige bez pla\u0107anja zakasnine (pult knji\u017enice 15.10. \u2013 22.10.) \u2022 \u201e\u017dena \u017eeni\u201c \u2013 izlo\u017eba umjetni\u010dkih \u010destitki i strani\u010dnika umjetnice Jadranke Vukeli\u0107 (postav izlo\u017ebe do 1.11.2021.) \u2022 Skrivena ljepota dvori\u0161ta \u2013 izlo\u017eba asambla\u017ea umjetnice Ane Hr\u0107an \u0160ojat (2.11. \u2013 1.12.) \u2022 \u201eMaruli\u0107u u \u010dast\u201c \u2013 izlo\u017eba povodom 500. godi\u0161njice izdanja \u201eJudite\u201c (izlog knji\u017enice) \u2022 [&hellip;]<\/p>\n","protected":false},"author":58,"featured_media":2356,"comment_status":"closed","ping_status":"closed","sticky":false,"template":"","format":"standard","meta":{"ngg_post_thumbnail":0},"categories":[8],"tags":[],"yoast_head":"<!-- This site is optimized with the Yoast SEO plugin v16.4 - https:\/\/yoast.com\/wordpress\/plugins\/seo\/ -->\n<meta name=\"robots\" content=\"index, follow, max-snippet:-1, max-image-preview:large, max-video-preview:-1\" \/>\n<link rel=\"canonical\" href=\"https:\/\/knjiznice.nsk.hr\/senj\/mjesec-hrvatske-knjige-u-gradskoj-knjiznici-senj-2021\/\" \/>\n<meta property=\"og:locale\" content=\"hr_HR\" \/>\n<meta property=\"og:type\" content=\"article\" \/>\n<meta property=\"og:title\" content=\"MJESEC HRVATSKE KNJIGE u Gradskoj knji\u017enici Senj 2021. - Gradska knji\u017enica Senj\" \/>\n<meta property=\"og:description\" content=\"\u2022 Vratite knjige bez pla\u0107anja zakasnine (pult knji\u017enice 15.10. \u2013 22.10.) \u2022 \u201e\u017dena \u017eeni\u201c \u2013 izlo\u017eba umjetni\u010dkih \u010destitki i strani\u010dnika umjetnice Jadranke Vukeli\u0107 (postav izlo\u017ebe do 1.11.2021.) \u2022 Skrivena ljepota dvori\u0161ta \u2013 izlo\u017eba asambla\u017ea umjetnice Ane Hr\u0107an \u0160ojat (2.11. \u2013 1.12.) \u2022 \u201eMaruli\u0107u u \u010dast\u201c \u2013 izlo\u017eba povodom 500. godi\u0161njice izdanja \u201eJudite\u201c (izlog knji\u017enice) \u2022 [&hellip;]\" \/>\n<meta property=\"og:url\" content=\"https:\/\/knjiznice.nsk.hr\/senj\/mjesec-hrvatske-knjige-u-gradskoj-knjiznici-senj-2021\/\" \/>\n<meta property=\"og:site_name\" content=\"Gradska knji\u017enica Senj\" \/>\n<meta property=\"article:publisher\" content=\"http:\/\/facebook.com\/Gradska-knji%c5%benica-SENJ\" \/>\n<meta property=\"article:published_time\" content=\"2021-10-24T14:23:30+00:00\" \/>\n<meta property=\"og:image\" content=\"http:\/\/knjiznice.nsk.hr\/senj\/wp-content\/uploads\/sites\/60\/2021\/10\/slide_38.jpg\" \/>\n\t<meta property=\"og:image:width\" content=\"2000\" \/>\n\t<meta property=\"og:image:height\" content=\"1414\" \/>\n<script type=\"application\/ld+json\" class=\"yoast-schema-graph\">{\"@context\":\"https:\/\/schema.org\",\"@graph\":[{\"@type\":\"WebSite\",\"@id\":\"https:\/\/knjiznice.nsk.hr\/senj\/#website\",\"url\":\"https:\/\/knjiznice.nsk.hr\/senj\/\",\"name\":\"Gradska knji\\u017enica Senj\",\"description\":\"S vama od 1835. godine\",\"potentialAction\":[{\"@type\":\"SearchAction\",\"target\":\"https:\/\/knjiznice.nsk.hr\/senj\/?s={search_term_string}\",\"query-input\":\"required name=search_term_string\"}],\"inLanguage\":\"hr\"},{\"@type\":\"ImageObject\",\"@id\":\"https:\/\/knjiznice.nsk.hr\/senj\/mjesec-hrvatske-knjige-u-gradskoj-knjiznici-senj-2021\/#primaryimage\",\"inLanguage\":\"hr\",\"url\":\"https:\/\/knjiznice.nsk.hr\/senj\/wp-content\/uploads\/sites\/60\/2021\/10\/slide_38.jpg\",\"contentUrl\":\"https:\/\/knjiznice.nsk.hr\/senj\/wp-content\/uploads\/sites\/60\/2021\/10\/slide_38.jpg\",\"width\":2000,\"height\":1414},{\"@type\":\"WebPage\",\"@id\":\"https:\/\/knjiznice.nsk.hr\/senj\/mjesec-hrvatske-knjige-u-gradskoj-knjiznici-senj-2021\/#webpage\",\"url\":\"https:\/\/knjiznice.nsk.hr\/senj\/mjesec-hrvatske-knjige-u-gradskoj-knjiznici-senj-2021\/\",\"name\":\"MJESEC HRVATSKE KNJIGE u Gradskoj knji\\u017enici Senj 2021. - Gradska knji\\u017enica Senj\",\"isPartOf\":{\"@id\":\"https:\/\/knjiznice.nsk.hr\/senj\/#website\"},\"primaryImageOfPage\":{\"@id\":\"https:\/\/knjiznice.nsk.hr\/senj\/mjesec-hrvatske-knjige-u-gradskoj-knjiznici-senj-2021\/#primaryimage\"},\"datePublished\":\"2021-10-24T14:23:30+00:00\",\"dateModified\":\"2021-10-24T14:23:30+00:00\",\"author\":{\"@id\":\"https:\/\/knjiznice.nsk.hr\/senj\/#\/schema\/person\/c6b0893cdaca205d44fe2c322c042ac7\"},\"breadcrumb\":{\"@id\":\"https:\/\/knjiznice.nsk.hr\/senj\/mjesec-hrvatske-knjige-u-gradskoj-knjiznici-senj-2021\/#breadcrumb\"},\"inLanguage\":\"hr\",\"potentialAction\":[{\"@type\":\"ReadAction\",\"target\":[\"https:\/\/knjiznice.nsk.hr\/senj\/mjesec-hrvatske-knjige-u-gradskoj-knjiznici-senj-2021\/\"]}]},{\"@type\":\"BreadcrumbList\",\"@id\":\"https:\/\/knjiznice.nsk.hr\/senj\/mjesec-hrvatske-knjige-u-gradskoj-knjiznici-senj-2021\/#breadcrumb\",\"itemListElement\":[{\"@type\":\"ListItem\",\"position\":1,\"item\":{\"@type\":\"WebPage\",\"@id\":\"https:\/\/knjiznice.nsk.hr\/senj\/\",\"url\":\"https:\/\/knjiznice.nsk.hr\/senj\/\",\"name\":\"Po\\u010detna stranica\"}},{\"@type\":\"ListItem\",\"position\":2,\"item\":{\"@id\":\"https:\/\/knjiznice.nsk.hr\/senj\/mjesec-hrvatske-knjige-u-gradskoj-knjiznici-senj-2021\/#webpage\"}}]},{\"@type\":\"Person\",\"@id\":\"https:\/\/knjiznice.nsk.hr\/senj\/#\/schema\/person\/c6b0893cdaca205d44fe2c322c042ac7\",\"name\":\"senj\",\"image\":{\"@type\":\"ImageObject\",\"@id\":\"https:\/\/knjiznice.nsk.hr\/senj\/#personlogo\",\"inLanguage\":\"hr\",\"url\":\"https:\/\/secure.gravatar.com\/avatar\/b00e8e1a99b5ba41772fe68c6bcfd17c?s=96&d=mm&r=g\",\"contentUrl\":\"https:\/\/secure.gravatar.com\/avatar\/b00e8e1a99b5ba41772fe68c6bcfd17c?s=96&d=mm&r=g\",\"caption\":\"senj\"}}]}<\/script>\n<!-- \/ Yoast SEO plugin. -->","_links":{"self":[{"href":"https:\/\/knjiznice.nsk.hr\/senj\/wp-json\/wp\/v2\/posts\/2355"}],"collection":[{"href":"https:\/\/knjiznice.nsk.hr\/senj\/wp-json\/wp\/v2\/posts"}],"about":[{"href":"https:\/\/knjiznice.nsk.hr\/senj\/wp-json\/wp\/v2\/types\/post"}],"author":[{"embeddable":true,"href":"https:\/\/knjiznice.nsk.hr\/senj\/wp-json\/wp\/v2\/users\/58"}],"replies":[{"embeddable":true,"href":"https:\/\/knjiznice.nsk.hr\/senj\/wp-json\/wp\/v2\/comments?post=2355"}],"version-history":[{"count":1,"href":"https:\/\/knjiznice.nsk.hr\/senj\/wp-json\/wp\/v2\/posts\/2355\/revisions"}],"predecessor-version":[{"id":2357,"href":"https:\/\/knjiznice.nsk.hr\/senj\/wp-json\/wp\/v2\/posts\/2355\/revisions\/2357"}],"wp:featuredmedia":[{"embeddable":true,"href":"https:\/\/knjiznice.nsk.hr\/senj\/wp-json\/wp\/v2\/media\/2356"}],"wp:attachment":[{"href":"https:\/\/knjiznice.nsk.hr\/senj\/wp-json\/wp\/v2\/media?parent=2355"}],"wp:term":[{"taxonomy":"category","embeddable":true,"href":"https:\/\/knjiznice.nsk.hr\/senj\/wp-json\/wp\/v2\/categories?post=2355"},{"taxonomy":"post_tag","embeddable":true,"href":"https:\/\/knjiznice.nsk.hr\/senj\/wp-json\/wp\/v2\/tags?post=2355"}],"curies":[{"name":"wp","href":"https:\/\/api.w.org\/{rel}","templated":true}]}}