{"id":2296,"date":"2021-04-15T18:52:25","date_gmt":"2021-04-15T18:52:25","guid":{"rendered":"http:\/\/knjiznice.nsk.hr\/senj\/?p=2296"},"modified":"2021-04-15T18:52:25","modified_gmt":"2021-04-15T18:52:25","slug":"dan-grada-i-noc-knjige-2021-godine-u-gradskoj-knjiznici-senj","status":"publish","type":"post","link":"https:\/\/knjiznice.nsk.hr\/senj\/dan-grada-i-noc-knjige-2021-godine-u-gradskoj-knjiznici-senj\/","title":{"rendered":"DAN GRADA I NO\u0106 KNJIGE 2021. GODINE U GRADSKOJ KNJI\u017dNICI SENJ"},"content":{"rendered":"<p>\u2022\t\u201eDan grada u knji\u017enici-iz na\u0161e arhive\u201c-<br \/>\nonline izlo\u017eba (facebook GK Senj) i izlo\u017eba na izlogu knji\u017enice<\/p>\n<p>\u2022\t\u201eNehajevu u \u010dast\u201c-izlo\u017eba povodom 90. godi\u0161njice smrti senjskog knji\u017eevnika Milutina Cihlara Nehajeva-izlog knji\u017enice<\/p>\n<p>\u2022\t\u201eNa\u0161e no\u0107i knjige\u201c-online izlo\u017eba (facebook GK Senj)<\/p>\n<p>\u2022\t\u201eOpra\u0161tamo zakasninu\u201c-23. travnja 2021. godine-pult GK Senj<\/p>\n<p>\u2022\t\u201eKnjiga za Adama\u201c-humanitarna prodaja knjiga i majica u suradnji s HU Bura Senj i \u010ditateljicom Majom \u017duni\u0107-pult GK Senj-19.4-1.5. 2021. godine-sav prihod od prodaje ide za lije\u010denje Adama Cvitkovi\u0107a<\/p>\n","protected":false},"excerpt":{"rendered":"<p>\u2022 \u201eDan grada u knji\u017enici-iz na\u0161e arhive\u201c- online izlo\u017eba (facebook GK Senj) i izlo\u017eba na izlogu knji\u017enice \u2022 \u201eNehajevu u \u010dast\u201c-izlo\u017eba povodom 90. godi\u0161njice smrti senjskog knji\u017eevnika Milutina Cihlara Nehajeva-izlog knji\u017enice \u2022 \u201eNa\u0161e no\u0107i knjige\u201c-online izlo\u017eba (facebook GK Senj) \u2022 \u201eOpra\u0161tamo zakasninu\u201c-23. travnja 2021. godine-pult GK Senj \u2022 \u201eKnjiga za Adama\u201c-humanitarna prodaja knjiga i majica [&hellip;]<\/p>\n","protected":false},"author":58,"featured_media":2297,"comment_status":"closed","ping_status":"closed","sticky":false,"template":"","format":"standard","meta":{"ngg_post_thumbnail":0},"categories":[1],"tags":[],"yoast_head":"<!-- This site is optimized with the Yoast SEO plugin v16.4 - https:\/\/yoast.com\/wordpress\/plugins\/seo\/ -->\n<meta name=\"robots\" content=\"index, follow, max-snippet:-1, max-image-preview:large, max-video-preview:-1\" \/>\n<link rel=\"canonical\" href=\"http:\/\/knjiznice.nsk.hr\/senj\/dan-grada-i-noc-knjige-2021-godine-u-gradskoj-knjiznici-senj\/\" \/>\n<meta property=\"og:locale\" content=\"hr_HR\" \/>\n<meta property=\"og:type\" content=\"article\" \/>\n<meta property=\"og:title\" content=\"DAN GRADA I NO\u0106 KNJIGE 2021. GODINE U GRADSKOJ KNJI\u017dNICI SENJ - Gradska knji\u017enica Senj\" \/>\n<meta property=\"og:description\" content=\"\u2022 \u201eDan grada u knji\u017enici-iz na\u0161e arhive\u201c- online izlo\u017eba (facebook GK Senj) i izlo\u017eba na izlogu knji\u017enice \u2022 \u201eNehajevu u \u010dast\u201c-izlo\u017eba povodom 90. godi\u0161njice smrti senjskog knji\u017eevnika Milutina Cihlara Nehajeva-izlog knji\u017enice \u2022 \u201eNa\u0161e no\u0107i knjige\u201c-online izlo\u017eba (facebook GK Senj) \u2022 \u201eOpra\u0161tamo zakasninu\u201c-23. travnja 2021. godine-pult GK Senj \u2022 \u201eKnjiga za Adama\u201c-humanitarna prodaja knjiga i majica [&hellip;]\" \/>\n<meta property=\"og:url\" content=\"http:\/\/knjiznice.nsk.hr\/senj\/dan-grada-i-noc-knjige-2021-godine-u-gradskoj-knjiznici-senj\/\" \/>\n<meta property=\"og:site_name\" content=\"Gradska knji\u017enica Senj\" \/>\n<meta property=\"article:publisher\" content=\"http:\/\/facebook.com\/Gradska-knji%c5%benica-SENJ\" \/>\n<meta property=\"article:published_time\" content=\"2021-04-15T18:52:25+00:00\" \/>\n<meta property=\"og:image\" content=\"http:\/\/knjiznice.nsk.hr\/senj\/wp-content\/uploads\/sites\/60\/2021\/04\/167565040_4475494625800297_3437747779313892351_n.jpg\" \/>\n\t<meta property=\"og:image:width\" content=\"1200\" \/>\n\t<meta property=\"og:image:height\" content=\"445\" \/>\n<script type=\"application\/ld+json\" class=\"yoast-schema-graph\">{\"@context\":\"https:\/\/schema.org\",\"@graph\":[{\"@type\":\"WebSite\",\"@id\":\"https:\/\/knjiznice.nsk.hr\/senj\/#website\",\"url\":\"https:\/\/knjiznice.nsk.hr\/senj\/\",\"name\":\"Gradska knji\\u017enica Senj\",\"description\":\"S vama od 1835. godine\",\"potentialAction\":[{\"@type\":\"SearchAction\",\"target\":\"https:\/\/knjiznice.nsk.hr\/senj\/?s={search_term_string}\",\"query-input\":\"required name=search_term_string\"}],\"inLanguage\":\"hr\"},{\"@type\":\"ImageObject\",\"@id\":\"http:\/\/knjiznice.nsk.hr\/senj\/dan-grada-i-noc-knjige-2021-godine-u-gradskoj-knjiznici-senj\/#primaryimage\",\"inLanguage\":\"hr\",\"url\":\"https:\/\/knjiznice.nsk.hr\/senj\/wp-content\/uploads\/sites\/60\/2021\/04\/167565040_4475494625800297_3437747779313892351_n.jpg\",\"contentUrl\":\"https:\/\/knjiznice.nsk.hr\/senj\/wp-content\/uploads\/sites\/60\/2021\/04\/167565040_4475494625800297_3437747779313892351_n.jpg\",\"width\":1200,\"height\":445},{\"@type\":\"WebPage\",\"@id\":\"http:\/\/knjiznice.nsk.hr\/senj\/dan-grada-i-noc-knjige-2021-godine-u-gradskoj-knjiznici-senj\/#webpage\",\"url\":\"http:\/\/knjiznice.nsk.hr\/senj\/dan-grada-i-noc-knjige-2021-godine-u-gradskoj-knjiznici-senj\/\",\"name\":\"DAN GRADA I NO\\u0106 KNJIGE 2021. GODINE U GRADSKOJ KNJI\\u017dNICI SENJ - Gradska knji\\u017enica Senj\",\"isPartOf\":{\"@id\":\"https:\/\/knjiznice.nsk.hr\/senj\/#website\"},\"primaryImageOfPage\":{\"@id\":\"http:\/\/knjiznice.nsk.hr\/senj\/dan-grada-i-noc-knjige-2021-godine-u-gradskoj-knjiznici-senj\/#primaryimage\"},\"datePublished\":\"2021-04-15T18:52:25+00:00\",\"dateModified\":\"2021-04-15T18:52:25+00:00\",\"author\":{\"@id\":\"https:\/\/knjiznice.nsk.hr\/senj\/#\/schema\/person\/c6b0893cdaca205d44fe2c322c042ac7\"},\"breadcrumb\":{\"@id\":\"http:\/\/knjiznice.nsk.hr\/senj\/dan-grada-i-noc-knjige-2021-godine-u-gradskoj-knjiznici-senj\/#breadcrumb\"},\"inLanguage\":\"hr\",\"potentialAction\":[{\"@type\":\"ReadAction\",\"target\":[\"http:\/\/knjiznice.nsk.hr\/senj\/dan-grada-i-noc-knjige-2021-godine-u-gradskoj-knjiznici-senj\/\"]}]},{\"@type\":\"BreadcrumbList\",\"@id\":\"http:\/\/knjiznice.nsk.hr\/senj\/dan-grada-i-noc-knjige-2021-godine-u-gradskoj-knjiznici-senj\/#breadcrumb\",\"itemListElement\":[{\"@type\":\"ListItem\",\"position\":1,\"item\":{\"@type\":\"WebPage\",\"@id\":\"https:\/\/knjiznice.nsk.hr\/senj\/\",\"url\":\"https:\/\/knjiznice.nsk.hr\/senj\/\",\"name\":\"Po\\u010detna stranica\"}},{\"@type\":\"ListItem\",\"position\":2,\"item\":{\"@id\":\"http:\/\/knjiznice.nsk.hr\/senj\/dan-grada-i-noc-knjige-2021-godine-u-gradskoj-knjiznici-senj\/#webpage\"}}]},{\"@type\":\"Person\",\"@id\":\"https:\/\/knjiznice.nsk.hr\/senj\/#\/schema\/person\/c6b0893cdaca205d44fe2c322c042ac7\",\"name\":\"senj\",\"image\":{\"@type\":\"ImageObject\",\"@id\":\"https:\/\/knjiznice.nsk.hr\/senj\/#personlogo\",\"inLanguage\":\"hr\",\"url\":\"https:\/\/secure.gravatar.com\/avatar\/b00e8e1a99b5ba41772fe68c6bcfd17c?s=96&d=mm&r=g\",\"contentUrl\":\"https:\/\/secure.gravatar.com\/avatar\/b00e8e1a99b5ba41772fe68c6bcfd17c?s=96&d=mm&r=g\",\"caption\":\"senj\"}}]}<\/script>\n<!-- \/ Yoast SEO plugin. -->","_links":{"self":[{"href":"https:\/\/knjiznice.nsk.hr\/senj\/wp-json\/wp\/v2\/posts\/2296"}],"collection":[{"href":"https:\/\/knjiznice.nsk.hr\/senj\/wp-json\/wp\/v2\/posts"}],"about":[{"href":"https:\/\/knjiznice.nsk.hr\/senj\/wp-json\/wp\/v2\/types\/post"}],"author":[{"embeddable":true,"href":"https:\/\/knjiznice.nsk.hr\/senj\/wp-json\/wp\/v2\/users\/58"}],"replies":[{"embeddable":true,"href":"https:\/\/knjiznice.nsk.hr\/senj\/wp-json\/wp\/v2\/comments?post=2296"}],"version-history":[{"count":1,"href":"https:\/\/knjiznice.nsk.hr\/senj\/wp-json\/wp\/v2\/posts\/2296\/revisions"}],"predecessor-version":[{"id":2298,"href":"https:\/\/knjiznice.nsk.hr\/senj\/wp-json\/wp\/v2\/posts\/2296\/revisions\/2298"}],"wp:featuredmedia":[{"embeddable":true,"href":"https:\/\/knjiznice.nsk.hr\/senj\/wp-json\/wp\/v2\/media\/2297"}],"wp:attachment":[{"href":"https:\/\/knjiznice.nsk.hr\/senj\/wp-json\/wp\/v2\/media?parent=2296"}],"wp:term":[{"taxonomy":"category","embeddable":true,"href":"https:\/\/knjiznice.nsk.hr\/senj\/wp-json\/wp\/v2\/categories?post=2296"},{"taxonomy":"post_tag","embeddable":true,"href":"https:\/\/knjiznice.nsk.hr\/senj\/wp-json\/wp\/v2\/tags?post=2296"}],"curies":[{"name":"wp","href":"https:\/\/api.w.org\/{rel}","templated":true}]}}