{"id":2234,"date":"2020-10-14T06:35:04","date_gmt":"2020-10-14T06:35:04","guid":{"rendered":"http:\/\/knjiznice.nsk.hr\/senj\/?p=2234"},"modified":"2020-10-14T06:35:04","modified_gmt":"2020-10-14T06:35:04","slug":"mjesec-hrvatske-knjige-u-senjskoj-knjiznici-2020-g","status":"publish","type":"post","link":"https:\/\/knjiznice.nsk.hr\/senj\/mjesec-hrvatske-knjige-u-senjskoj-knjiznici-2020-g\/","title":{"rendered":"MJESEC HRVATSKE KNJIGE U SENJSKOJ KNJI\u017dNICI 2020.g"},"content":{"rendered":"<p>MJESEC HRVATSKE KNJIGE U SENJSKOJ KNJI\u017dNICI 2020.g<\/p>\n<p>\u2022\tAkcija \u201eVratite knjige bez pla\u0107anja zakasnine\u201c<br \/>\nU sklopu Mjeseca hrvatske knjige prvi tjedan manifestacije na\u0161im korisnicima opra\u0161tamo zakasninu. Od 15. do 22. listopada 2020.g mo\u017eete vratiti knjige bez da platite zakasninu.<\/p>\n<p>\u2022\tKreativni kutak-vatrogasni trenutak-izlo\u017eba<br \/>\nPovodom blagdana sv. Florijana-za\u0161titnika vatrogasaca i u mjesecu svibnju-mjesecu za\u0161tite od po\u017eara DVD Senj je u suradnji sa Osnovnom \u0161kolom S.S.Kranj\u010devi\u0107a Senj, Gradskom knji\u017enicom Senj i Crvenim kri\u017eom Senj osmislio literarnu i likovnu radionicu pod nazivom &#8221; Kreativni kutak-vatrogasni trenutak&#8221;. U izradi radova sudjelovali su u\u010denici od prvog do osmog razreda. Svrha ovog projekta je popularizacija vatrogastva me\u0111u mladima te podizanje svijesti o za\u0161titi od po\u017eara. U\u010denici su se zaista potrudili te kroz rije\u010d i sliku ponudili nam i poslali online krasne radove na temu vatrogastva i za\u0161tite od po\u017eara.<br \/>\nIzlo\u017eba je prethodno objavljena virtualno na facebook stranicama Gradske knji\u017enice Senj, a u sklopu Mjeseca hrvatske knjige radove smo izlo\u017eili u izlozima na\u0161e knji\u017enice. Svim sudionicima radionice bit \u0107e dodijeljena priznanja, a najbolji radovi bit \u0107e nagra\u0111eni prigodnim poklonima.<\/p>\n<p>\u2022\tIzlo\u017eba \u201eNehajevu u \u010dast\u201c<br \/>\nIzlo\u017eba \u201eNehajevu u \u010dast\u201c izra\u0111ena je povodom 140. godi\u0161njice ro\u0111enja senjskog velikana Milutina Cihlara Nehajeva.<br \/>\nIzlo\u017eba kroz rije\u010d i sliku te izdanja knji\u017eevnikovih djela prikazuje lik i djelo slavnog Senjanina. <\/p>\n<p>\u2022\tVirtualna izlo\u017eba \u2013 \u201eMjesec hrvatske knjige u senjskoj knji\u017enici-vremeplov\u201c<br \/>\nMjesec hrvatske knjige je najzna\u010dajnija knji\u017eni\u010darska manifestacija koja ima za cilj promovirati vrijednosti knjige i \u010ditanja, a odvija se u organizaciji Knji\u017enica Grada Zagreba te pod pokroviteljstvom Ministarstva kulture Republike Hrvatske. Gotovo 200 knji\u017enica sa svojim programima sudjeluje u obilje\u017eavanju Mjeseca hrvatske knjige. Vrlo smo ponosni \u0161to se Gradska knji\u017enica Senj ve\u0107 godinama aktivno priklju\u010duje ovom hvalevrijednom projektu organiziraju\u0107i pregr\u0161t zanimljivih doga\u0111anja za sve dobi i interese korisnika i sugra\u0111ana.<br \/>\nPovodom 25 godina postojanja manifestacije te na\u0161eg sudjelovanja u istoj pripremili smo virtualnu fotoizlo\u017ebu \u2013 presjek doga\u0111anja koja su obilje\u017eila senjske Mjesece hrvatske knjige. Gostovalo je kod nas mnogo knji\u017eevnika i umjetnika. Organizirali smo mno\u0161tvo knji\u017eevnih ve\u010deri, izlo\u017ebi, predavanja, ali i brojne sadr\u017eaje za djecu. \u010citalo se, pjevalo, sviralo, dru\u017eilo, \u0161irilo pozitivnu misao o knjizi, knji\u017enici i \u010ditanju. Izlo\u017eba \u201eMjesec hrvatske knjige u senjskoj knji\u017enici-vremeplov\u201c bit \u0107e postavljena na facebook stranicama Gradske knji\u017enice Senj.<\/p>\n<p>\u2022\tIzlo\u017eba \u201eSenj i glagoljske inkunabule\u201c<br \/>\nDana 22. velja\u010de  navr\u0161ilo se 537 godina od tiskanja prve hrvatske inkunabule Misala po zakonu rimskog dvora, a ove godine obilje\u017eavamo i 526 godina od kad je iza\u0161la prva inkunabula iz Senjske glagoljske tiskare &#8211; Senjski misal 1494. godine. Tim povodom priredili smo izlo\u017ebu \u201eSenj i glagoljske inkunabule\u201c koja slavi doti\u010dne inkunabule te nagla\u0161ava va\u017enost rada Senjske glagoljske tiskare.<br \/>\nNedugo nakon Gutenberova otkri\u0107a tiska, Hrvatska i Senj kre\u0107u istim stopama i stvaraju dragocjene prvotiske koji su va\u017ean dio hrvatske kulture i pismenosti. Stoga, mi Senjani mo\u017eemo biti ponosni jer je glagoljska tradicija kao i tiskarska tradicija zapisala Senj ne samo na karti Hrvatske, nego i svijeta.<br \/>\nIzdanja Senjske tiskare iznimno su va\u017eni spomenici za povijest hrvatskoga jezika i hrvatsku srednjovjekovnu kulturu. Uz poznate knji\u017eevnike, buru, kulu Nehaj, mesopust, uskoke mo\u017eemo se di\u010diti i na\u0161om senjskom glagoljskom i tiskarskom tradicijom koja je va\u017ean dio na\u0161eg zavi\u010dajnog kulturnog naslje\u0111a. Ova izlo\u017eba nas kroz rije\u010d i sliku na to podsje\u0107a.<br \/>\nIzlo\u017eba \u0107e biti postavljena u vrijeme trajanja Mjeseca hrvatske knjige, od 15.listopada do 15.studenoga 2020.godine u ulaznom dijelu knji\u017enice pa je prilikom podizanja knjiga mo\u017eete razgledati.<\/p>\n","protected":false},"excerpt":{"rendered":"<p>MJESEC HRVATSKE KNJIGE U SENJSKOJ KNJI\u017dNICI 2020.g \u2022 Akcija \u201eVratite knjige bez pla\u0107anja zakasnine\u201c U sklopu Mjeseca hrvatske knjige prvi tjedan manifestacije na\u0161im korisnicima opra\u0161tamo zakasninu. Od 15. do 22. listopada 2020.g mo\u017eete vratiti knjige bez da platite zakasninu. \u2022 Kreativni kutak-vatrogasni trenutak-izlo\u017eba Povodom blagdana sv. Florijana-za\u0161titnika vatrogasaca i u mjesecu svibnju-mjesecu za\u0161tite od po\u017eara [&hellip;]<\/p>\n","protected":false},"author":58,"featured_media":2235,"comment_status":"closed","ping_status":"closed","sticky":false,"template":"","format":"standard","meta":{"ngg_post_thumbnail":0},"categories":[8],"tags":[],"yoast_head":"<!-- This site is optimized with the Yoast SEO plugin v16.4 - https:\/\/yoast.com\/wordpress\/plugins\/seo\/ -->\n<meta name=\"robots\" content=\"index, follow, max-snippet:-1, max-image-preview:large, max-video-preview:-1\" \/>\n<link rel=\"canonical\" href=\"https:\/\/knjiznice.nsk.hr\/senj\/mjesec-hrvatske-knjige-u-senjskoj-knjiznici-2020-g\/\" \/>\n<meta property=\"og:locale\" content=\"hr_HR\" \/>\n<meta property=\"og:type\" content=\"article\" \/>\n<meta property=\"og:title\" content=\"MJESEC HRVATSKE KNJIGE U SENJSKOJ KNJI\u017dNICI 2020.g - Gradska knji\u017enica Senj\" \/>\n<meta property=\"og:description\" content=\"MJESEC HRVATSKE KNJIGE U SENJSKOJ KNJI\u017dNICI 2020.g \u2022 Akcija \u201eVratite knjige bez pla\u0107anja zakasnine\u201c U sklopu Mjeseca hrvatske knjige prvi tjedan manifestacije na\u0161im korisnicima opra\u0161tamo zakasninu. Od 15. do 22. listopada 2020.g mo\u017eete vratiti knjige bez da platite zakasninu. \u2022 Kreativni kutak-vatrogasni trenutak-izlo\u017eba Povodom blagdana sv. Florijana-za\u0161titnika vatrogasaca i u mjesecu svibnju-mjesecu za\u0161tite od po\u017eara [&hellip;]\" \/>\n<meta property=\"og:url\" content=\"https:\/\/knjiznice.nsk.hr\/senj\/mjesec-hrvatske-knjige-u-senjskoj-knjiznici-2020-g\/\" \/>\n<meta property=\"og:site_name\" content=\"Gradska knji\u017enica Senj\" \/>\n<meta property=\"article:publisher\" content=\"http:\/\/facebook.com\/Gradska-knji%c5%benica-SENJ\" \/>\n<meta property=\"article:published_time\" content=\"2020-10-14T06:35:04+00:00\" \/>\n<meta property=\"og:image\" content=\"http:\/\/knjiznice.nsk.hr\/senj\/wp-content\/uploads\/sites\/60\/2020\/10\/kolaz.jpg\" \/>\n\t<meta property=\"og:image:width\" content=\"1080\" \/>\n\t<meta property=\"og:image:height\" content=\"990\" \/>\n<meta name=\"twitter:label1\" content=\"Procijenjeno vrijeme \u010ditanja\" \/>\n\t<meta name=\"twitter:data1\" content=\"3 minute\" \/>\n<script type=\"application\/ld+json\" class=\"yoast-schema-graph\">{\"@context\":\"https:\/\/schema.org\",\"@graph\":[{\"@type\":\"WebSite\",\"@id\":\"https:\/\/knjiznice.nsk.hr\/senj\/#website\",\"url\":\"https:\/\/knjiznice.nsk.hr\/senj\/\",\"name\":\"Gradska knji\\u017enica Senj\",\"description\":\"S vama od 1835. godine\",\"potentialAction\":[{\"@type\":\"SearchAction\",\"target\":\"https:\/\/knjiznice.nsk.hr\/senj\/?s={search_term_string}\",\"query-input\":\"required name=search_term_string\"}],\"inLanguage\":\"hr\"},{\"@type\":\"ImageObject\",\"@id\":\"https:\/\/knjiznice.nsk.hr\/senj\/mjesec-hrvatske-knjige-u-senjskoj-knjiznici-2020-g\/#primaryimage\",\"inLanguage\":\"hr\",\"url\":\"https:\/\/knjiznice.nsk.hr\/senj\/wp-content\/uploads\/sites\/60\/2020\/10\/kolaz.jpg\",\"contentUrl\":\"https:\/\/knjiznice.nsk.hr\/senj\/wp-content\/uploads\/sites\/60\/2020\/10\/kolaz.jpg\",\"width\":1080,\"height\":990},{\"@type\":\"WebPage\",\"@id\":\"https:\/\/knjiznice.nsk.hr\/senj\/mjesec-hrvatske-knjige-u-senjskoj-knjiznici-2020-g\/#webpage\",\"url\":\"https:\/\/knjiznice.nsk.hr\/senj\/mjesec-hrvatske-knjige-u-senjskoj-knjiznici-2020-g\/\",\"name\":\"MJESEC HRVATSKE KNJIGE U SENJSKOJ KNJI\\u017dNICI 2020.g - Gradska knji\\u017enica Senj\",\"isPartOf\":{\"@id\":\"https:\/\/knjiznice.nsk.hr\/senj\/#website\"},\"primaryImageOfPage\":{\"@id\":\"https:\/\/knjiznice.nsk.hr\/senj\/mjesec-hrvatske-knjige-u-senjskoj-knjiznici-2020-g\/#primaryimage\"},\"datePublished\":\"2020-10-14T06:35:04+00:00\",\"dateModified\":\"2020-10-14T06:35:04+00:00\",\"author\":{\"@id\":\"https:\/\/knjiznice.nsk.hr\/senj\/#\/schema\/person\/c6b0893cdaca205d44fe2c322c042ac7\"},\"breadcrumb\":{\"@id\":\"https:\/\/knjiznice.nsk.hr\/senj\/mjesec-hrvatske-knjige-u-senjskoj-knjiznici-2020-g\/#breadcrumb\"},\"inLanguage\":\"hr\",\"potentialAction\":[{\"@type\":\"ReadAction\",\"target\":[\"https:\/\/knjiznice.nsk.hr\/senj\/mjesec-hrvatske-knjige-u-senjskoj-knjiznici-2020-g\/\"]}]},{\"@type\":\"BreadcrumbList\",\"@id\":\"https:\/\/knjiznice.nsk.hr\/senj\/mjesec-hrvatske-knjige-u-senjskoj-knjiznici-2020-g\/#breadcrumb\",\"itemListElement\":[{\"@type\":\"ListItem\",\"position\":1,\"item\":{\"@type\":\"WebPage\",\"@id\":\"https:\/\/knjiznice.nsk.hr\/senj\/\",\"url\":\"https:\/\/knjiznice.nsk.hr\/senj\/\",\"name\":\"Po\\u010detna stranica\"}},{\"@type\":\"ListItem\",\"position\":2,\"item\":{\"@id\":\"https:\/\/knjiznice.nsk.hr\/senj\/mjesec-hrvatske-knjige-u-senjskoj-knjiznici-2020-g\/#webpage\"}}]},{\"@type\":\"Person\",\"@id\":\"https:\/\/knjiznice.nsk.hr\/senj\/#\/schema\/person\/c6b0893cdaca205d44fe2c322c042ac7\",\"name\":\"senj\",\"image\":{\"@type\":\"ImageObject\",\"@id\":\"https:\/\/knjiznice.nsk.hr\/senj\/#personlogo\",\"inLanguage\":\"hr\",\"url\":\"https:\/\/secure.gravatar.com\/avatar\/b00e8e1a99b5ba41772fe68c6bcfd17c?s=96&d=mm&r=g\",\"contentUrl\":\"https:\/\/secure.gravatar.com\/avatar\/b00e8e1a99b5ba41772fe68c6bcfd17c?s=96&d=mm&r=g\",\"caption\":\"senj\"}}]}<\/script>\n<!-- \/ Yoast SEO plugin. -->","_links":{"self":[{"href":"https:\/\/knjiznice.nsk.hr\/senj\/wp-json\/wp\/v2\/posts\/2234"}],"collection":[{"href":"https:\/\/knjiznice.nsk.hr\/senj\/wp-json\/wp\/v2\/posts"}],"about":[{"href":"https:\/\/knjiznice.nsk.hr\/senj\/wp-json\/wp\/v2\/types\/post"}],"author":[{"embeddable":true,"href":"https:\/\/knjiznice.nsk.hr\/senj\/wp-json\/wp\/v2\/users\/58"}],"replies":[{"embeddable":true,"href":"https:\/\/knjiznice.nsk.hr\/senj\/wp-json\/wp\/v2\/comments?post=2234"}],"version-history":[{"count":1,"href":"https:\/\/knjiznice.nsk.hr\/senj\/wp-json\/wp\/v2\/posts\/2234\/revisions"}],"predecessor-version":[{"id":2236,"href":"https:\/\/knjiznice.nsk.hr\/senj\/wp-json\/wp\/v2\/posts\/2234\/revisions\/2236"}],"wp:featuredmedia":[{"embeddable":true,"href":"https:\/\/knjiznice.nsk.hr\/senj\/wp-json\/wp\/v2\/media\/2235"}],"wp:attachment":[{"href":"https:\/\/knjiznice.nsk.hr\/senj\/wp-json\/wp\/v2\/media?parent=2234"}],"wp:term":[{"taxonomy":"category","embeddable":true,"href":"https:\/\/knjiznice.nsk.hr\/senj\/wp-json\/wp\/v2\/categories?post=2234"},{"taxonomy":"post_tag","embeddable":true,"href":"https:\/\/knjiznice.nsk.hr\/senj\/wp-json\/wp\/v2\/tags?post=2234"}],"curies":[{"name":"wp","href":"https:\/\/api.w.org\/{rel}","templated":true}]}}