{"id":2209,"date":"2020-08-03T06:29:52","date_gmt":"2020-08-03T06:29:52","guid":{"rendered":"http:\/\/knjiznice.nsk.hr\/senj\/?p=2209"},"modified":"2020-08-03T06:29:52","modified_gmt":"2020-08-03T06:29:52","slug":"izlozba-mojoj-lijepoj-zemlji-hrvatskoj-2020-g","status":"publish","type":"post","link":"https:\/\/knjiznice.nsk.hr\/senj\/izlozba-mojoj-lijepoj-zemlji-hrvatskoj-2020-g\/","title":{"rendered":"IZLO\u017dBA &#8220;MOJOJ LIJEPOJ ZEMLJI HRVATSKOJ&#8221; 2020.g"},"content":{"rendered":"<p>GRADSKA KNJI\u017dNICA SENJ<br \/>\nORGANIZIRA ONLINE IZLO\u017dBU<br \/>\n\u201eMOJOJ LIJEPOJ ZEMLJI HRVATSKOJ\u201c<br \/>\n-senjski branitelji Oluji u \u010dast-<\/p>\n<p> Uo\u010di i u \u010dast Dana pobjede i domovinske zahvalnosti, Dana hrvatskih branitelja te<br \/>\nobljetnice vojno-redarstvene akcije \u201eOluja\u201c organiziramo izlo\u017ebu senjskih branitelja koji se aktivno i uspje\u0161no bave fotografijom.<\/p>\n<p>Autori Mirna Smetana \u0160kurla, Miroslav Martula\u0161, Marino Dobrina, Ante \u0160pani\u0107, Dado Neki\u0107, Kre\u0161imir Ragu\u017e, Alen Na\u0111 i Mladen Rukavina predstavit \u0107e divne motive na\u0161eg Senja i okolice kao jo\u0161 jedan izraz svog domoljublja te ljubavi za zavi\u010daj.<\/p>\n<p>Ova ve\u0107 tradicionalna braniteljska izlo\u017eba ove godine ne mo\u017ee biti otvorena na klasi\u010dan na\u010din, no zato smo organizirali online postav koji se mo\u017ee pogledati na facebook stranicama Gradske knji\u017enice Senj.<\/p>\n<p>Prelijepi zalazi sunca, na\u0161a kula, riva, motivi mora i prirode, panorame grada kao i ljepota skrivenih detalja-sve nam to donosi tre\u0107a po redu izlo\u017eba \u201eMojoj lijepoj zemlji Hrvatskoj\u201c<\/p>\n<p>U\u017eivajte u fotografijama i uz nadu da se idu\u0107e godine vidimo na izlo\u017ebi u\u017eivo, srda\u010dan pozdrav.<\/p>\n<p>Va\u0161i branitelji i knji\u017eni\u010dari<\/p>\n","protected":false},"excerpt":{"rendered":"<p>GRADSKA KNJI\u017dNICA SENJ ORGANIZIRA ONLINE IZLO\u017dBU \u201eMOJOJ LIJEPOJ ZEMLJI HRVATSKOJ\u201c -senjski branitelji Oluji u \u010dast- Uo\u010di i u \u010dast Dana pobjede i domovinske zahvalnosti, Dana hrvatskih branitelja te obljetnice vojno-redarstvene akcije \u201eOluja\u201c organiziramo izlo\u017ebu senjskih branitelja koji se aktivno i uspje\u0161no bave fotografijom. Autori Mirna Smetana \u0160kurla, Miroslav Martula\u0161, Marino Dobrina, Ante \u0160pani\u0107, Dado Neki\u0107, [&hellip;]<\/p>\n","protected":false},"author":58,"featured_media":2210,"comment_status":"closed","ping_status":"closed","sticky":false,"template":"","format":"standard","meta":{"ngg_post_thumbnail":0},"categories":[8],"tags":[],"yoast_head":"<!-- This site is optimized with the Yoast SEO plugin v16.4 - https:\/\/yoast.com\/wordpress\/plugins\/seo\/ -->\n<meta name=\"robots\" content=\"index, follow, max-snippet:-1, max-image-preview:large, max-video-preview:-1\" \/>\n<link rel=\"canonical\" href=\"https:\/\/knjiznice.nsk.hr\/senj\/izlozba-mojoj-lijepoj-zemlji-hrvatskoj-2020-g\/\" \/>\n<meta property=\"og:locale\" content=\"hr_HR\" \/>\n<meta property=\"og:type\" content=\"article\" \/>\n<meta property=\"og:title\" content=\"IZLO\u017dBA &quot;MOJOJ LIJEPOJ ZEMLJI HRVATSKOJ&quot; 2020.g - Gradska knji\u017enica Senj\" \/>\n<meta property=\"og:description\" content=\"GRADSKA KNJI\u017dNICA SENJ ORGANIZIRA ONLINE IZLO\u017dBU \u201eMOJOJ LIJEPOJ ZEMLJI HRVATSKOJ\u201c -senjski branitelji Oluji u \u010dast- Uo\u010di i u \u010dast Dana pobjede i domovinske zahvalnosti, Dana hrvatskih branitelja te obljetnice vojno-redarstvene akcije \u201eOluja\u201c organiziramo izlo\u017ebu senjskih branitelja koji se aktivno i uspje\u0161no bave fotografijom. Autori Mirna Smetana \u0160kurla, Miroslav Martula\u0161, Marino Dobrina, Ante \u0160pani\u0107, Dado Neki\u0107, [&hellip;]\" \/>\n<meta property=\"og:url\" content=\"https:\/\/knjiznice.nsk.hr\/senj\/izlozba-mojoj-lijepoj-zemlji-hrvatskoj-2020-g\/\" \/>\n<meta property=\"og:site_name\" content=\"Gradska knji\u017enica Senj\" \/>\n<meta property=\"article:publisher\" content=\"http:\/\/facebook.com\/Gradska-knji%c5%benica-SENJ\" \/>\n<meta property=\"article:published_time\" content=\"2020-08-03T06:29:52+00:00\" \/>\n<meta property=\"og:image\" content=\"http:\/\/knjiznice.nsk.hr\/senj\/wp-content\/uploads\/sites\/60\/2020\/08\/kola\u017e.jpg\" \/>\n\t<meta property=\"og:image:width\" content=\"1062\" \/>\n\t<meta property=\"og:image:height\" content=\"982\" \/>\n<meta name=\"twitter:label1\" content=\"Procijenjeno vrijeme \u010ditanja\" \/>\n\t<meta name=\"twitter:data1\" content=\"1 minuta\" \/>\n<script type=\"application\/ld+json\" class=\"yoast-schema-graph\">{\"@context\":\"https:\/\/schema.org\",\"@graph\":[{\"@type\":\"WebSite\",\"@id\":\"https:\/\/knjiznice.nsk.hr\/senj\/#website\",\"url\":\"https:\/\/knjiznice.nsk.hr\/senj\/\",\"name\":\"Gradska knji\\u017enica Senj\",\"description\":\"S vama od 1835. godine\",\"potentialAction\":[{\"@type\":\"SearchAction\",\"target\":\"https:\/\/knjiznice.nsk.hr\/senj\/?s={search_term_string}\",\"query-input\":\"required name=search_term_string\"}],\"inLanguage\":\"hr\"},{\"@type\":\"ImageObject\",\"@id\":\"https:\/\/knjiznice.nsk.hr\/senj\/izlozba-mojoj-lijepoj-zemlji-hrvatskoj-2020-g\/#primaryimage\",\"inLanguage\":\"hr\",\"url\":\"https:\/\/knjiznice.nsk.hr\/senj\/wp-content\/uploads\/sites\/60\/2020\/08\/kola\\u017e.jpg\",\"contentUrl\":\"https:\/\/knjiznice.nsk.hr\/senj\/wp-content\/uploads\/sites\/60\/2020\/08\/kola\\u017e.jpg\",\"width\":1062,\"height\":982},{\"@type\":\"WebPage\",\"@id\":\"https:\/\/knjiznice.nsk.hr\/senj\/izlozba-mojoj-lijepoj-zemlji-hrvatskoj-2020-g\/#webpage\",\"url\":\"https:\/\/knjiznice.nsk.hr\/senj\/izlozba-mojoj-lijepoj-zemlji-hrvatskoj-2020-g\/\",\"name\":\"IZLO\\u017dBA \\\"MOJOJ LIJEPOJ ZEMLJI HRVATSKOJ\\\" 2020.g - Gradska knji\\u017enica Senj\",\"isPartOf\":{\"@id\":\"https:\/\/knjiznice.nsk.hr\/senj\/#website\"},\"primaryImageOfPage\":{\"@id\":\"https:\/\/knjiznice.nsk.hr\/senj\/izlozba-mojoj-lijepoj-zemlji-hrvatskoj-2020-g\/#primaryimage\"},\"datePublished\":\"2020-08-03T06:29:52+00:00\",\"dateModified\":\"2020-08-03T06:29:52+00:00\",\"author\":{\"@id\":\"https:\/\/knjiznice.nsk.hr\/senj\/#\/schema\/person\/c6b0893cdaca205d44fe2c322c042ac7\"},\"breadcrumb\":{\"@id\":\"https:\/\/knjiznice.nsk.hr\/senj\/izlozba-mojoj-lijepoj-zemlji-hrvatskoj-2020-g\/#breadcrumb\"},\"inLanguage\":\"hr\",\"potentialAction\":[{\"@type\":\"ReadAction\",\"target\":[\"https:\/\/knjiznice.nsk.hr\/senj\/izlozba-mojoj-lijepoj-zemlji-hrvatskoj-2020-g\/\"]}]},{\"@type\":\"BreadcrumbList\",\"@id\":\"https:\/\/knjiznice.nsk.hr\/senj\/izlozba-mojoj-lijepoj-zemlji-hrvatskoj-2020-g\/#breadcrumb\",\"itemListElement\":[{\"@type\":\"ListItem\",\"position\":1,\"item\":{\"@type\":\"WebPage\",\"@id\":\"https:\/\/knjiznice.nsk.hr\/senj\/\",\"url\":\"https:\/\/knjiznice.nsk.hr\/senj\/\",\"name\":\"Po\\u010detna stranica\"}},{\"@type\":\"ListItem\",\"position\":2,\"item\":{\"@id\":\"https:\/\/knjiznice.nsk.hr\/senj\/izlozba-mojoj-lijepoj-zemlji-hrvatskoj-2020-g\/#webpage\"}}]},{\"@type\":\"Person\",\"@id\":\"https:\/\/knjiznice.nsk.hr\/senj\/#\/schema\/person\/c6b0893cdaca205d44fe2c322c042ac7\",\"name\":\"senj\",\"image\":{\"@type\":\"ImageObject\",\"@id\":\"https:\/\/knjiznice.nsk.hr\/senj\/#personlogo\",\"inLanguage\":\"hr\",\"url\":\"https:\/\/secure.gravatar.com\/avatar\/b00e8e1a99b5ba41772fe68c6bcfd17c?s=96&d=mm&r=g\",\"contentUrl\":\"https:\/\/secure.gravatar.com\/avatar\/b00e8e1a99b5ba41772fe68c6bcfd17c?s=96&d=mm&r=g\",\"caption\":\"senj\"}}]}<\/script>\n<!-- \/ Yoast SEO plugin. -->","_links":{"self":[{"href":"https:\/\/knjiznice.nsk.hr\/senj\/wp-json\/wp\/v2\/posts\/2209"}],"collection":[{"href":"https:\/\/knjiznice.nsk.hr\/senj\/wp-json\/wp\/v2\/posts"}],"about":[{"href":"https:\/\/knjiznice.nsk.hr\/senj\/wp-json\/wp\/v2\/types\/post"}],"author":[{"embeddable":true,"href":"https:\/\/knjiznice.nsk.hr\/senj\/wp-json\/wp\/v2\/users\/58"}],"replies":[{"embeddable":true,"href":"https:\/\/knjiznice.nsk.hr\/senj\/wp-json\/wp\/v2\/comments?post=2209"}],"version-history":[{"count":1,"href":"https:\/\/knjiznice.nsk.hr\/senj\/wp-json\/wp\/v2\/posts\/2209\/revisions"}],"predecessor-version":[{"id":2211,"href":"https:\/\/knjiznice.nsk.hr\/senj\/wp-json\/wp\/v2\/posts\/2209\/revisions\/2211"}],"wp:featuredmedia":[{"embeddable":true,"href":"https:\/\/knjiznice.nsk.hr\/senj\/wp-json\/wp\/v2\/media\/2210"}],"wp:attachment":[{"href":"https:\/\/knjiznice.nsk.hr\/senj\/wp-json\/wp\/v2\/media?parent=2209"}],"wp:term":[{"taxonomy":"category","embeddable":true,"href":"https:\/\/knjiznice.nsk.hr\/senj\/wp-json\/wp\/v2\/categories?post=2209"},{"taxonomy":"post_tag","embeddable":true,"href":"https:\/\/knjiznice.nsk.hr\/senj\/wp-json\/wp\/v2\/tags?post=2209"}],"curies":[{"name":"wp","href":"https:\/\/api.w.org\/{rel}","templated":true}]}}