{"id":2133,"date":"2019-12-06T07:37:46","date_gmt":"2019-12-06T07:37:46","guid":{"rendered":"http:\/\/knjiznice.nsk.hr\/senj\/?p=2133"},"modified":"2019-12-06T07:37:46","modified_gmt":"2019-12-06T07:37:46","slug":"najava-bozicni-djedomobil","status":"publish","type":"post","link":"https:\/\/knjiznice.nsk.hr\/senj\/najava-bozicni-djedomobil\/","title":{"rendered":"-NAJAVA-\u201eBO\u017dI\u0106NI DJEDOMOBIL\u201c"},"content":{"rendered":"<p>\u201eBO\u017dI\u0106NI DJEDOMOBIL\u201c<br \/>\n-bo\u017ei\u0107na predstava za djecu zagreba\u010dkog dje\u010djeg kazali\u0161ta \u201eSmje\u0161ko\u201c-<br \/>\nGRADSKA KNJI\u017dNICA SENJ, \u010cETVRTAK, 12. PROSINCA, 17 SATI<\/p>\n<p>U \u010detvrtak, 12. prosinca u goste nam dolazi zagreba\u010dko dje\u010dje kazali\u0161te Smje\u0161ko s hit predstavom Bo\u017ei\u0107ni Djedomobil. Na edukativan i zabavan na\u010din predstava donosi zgode i nezgode Djeda Mraza dok raznosi poklone diljem svijeta. Predstava traje 40 minuta i namijenjena je djeci od 3 do 11 godina. Veselimo se dru\u017eenju na na\u0161em Dje\u010djem odjelu. Ulaz je slobodan.<\/p>\n","protected":false},"excerpt":{"rendered":"<p>\u201eBO\u017dI\u0106NI DJEDOMOBIL\u201c -bo\u017ei\u0107na predstava za djecu zagreba\u010dkog dje\u010djeg kazali\u0161ta \u201eSmje\u0161ko\u201c- GRADSKA KNJI\u017dNICA SENJ, \u010cETVRTAK, 12. PROSINCA, 17 SATI U \u010detvrtak, 12. prosinca u goste nam dolazi zagreba\u010dko dje\u010dje kazali\u0161te Smje\u0161ko s hit predstavom Bo\u017ei\u0107ni Djedomobil. Na edukativan i zabavan na\u010din predstava donosi zgode i nezgode Djeda Mraza dok raznosi poklone diljem svijeta. Predstava traje 40 [&hellip;]<\/p>\n","protected":false},"author":58,"featured_media":2134,"comment_status":"closed","ping_status":"closed","sticky":false,"template":"","format":"standard","meta":{"ngg_post_thumbnail":0},"categories":[8],"tags":[],"yoast_head":"<!-- This site is optimized with the Yoast SEO plugin v16.4 - https:\/\/yoast.com\/wordpress\/plugins\/seo\/ -->\n<meta name=\"robots\" content=\"index, follow, max-snippet:-1, max-image-preview:large, max-video-preview:-1\" \/>\n<link rel=\"canonical\" href=\"https:\/\/knjiznice.nsk.hr\/senj\/najava-bozicni-djedomobil\/\" \/>\n<meta property=\"og:locale\" content=\"hr_HR\" \/>\n<meta property=\"og:type\" content=\"article\" \/>\n<meta property=\"og:title\" content=\"-NAJAVA-\u201eBO\u017dI\u0106NI DJEDOMOBIL\u201c - Gradska knji\u017enica Senj\" \/>\n<meta property=\"og:description\" content=\"\u201eBO\u017dI\u0106NI DJEDOMOBIL\u201c -bo\u017ei\u0107na predstava za djecu zagreba\u010dkog dje\u010djeg kazali\u0161ta \u201eSmje\u0161ko\u201c- GRADSKA KNJI\u017dNICA SENJ, \u010cETVRTAK, 12. PROSINCA, 17 SATI U \u010detvrtak, 12. prosinca u goste nam dolazi zagreba\u010dko dje\u010dje kazali\u0161te Smje\u0161ko s hit predstavom Bo\u017ei\u0107ni Djedomobil. Na edukativan i zabavan na\u010din predstava donosi zgode i nezgode Djeda Mraza dok raznosi poklone diljem svijeta. Predstava traje 40 [&hellip;]\" \/>\n<meta property=\"og:url\" content=\"https:\/\/knjiznice.nsk.hr\/senj\/najava-bozicni-djedomobil\/\" \/>\n<meta property=\"og:site_name\" content=\"Gradska knji\u017enica Senj\" \/>\n<meta property=\"article:publisher\" content=\"http:\/\/facebook.com\/Gradska-knji%c5%benica-SENJ\" \/>\n<meta property=\"article:published_time\" content=\"2019-12-06T07:37:46+00:00\" \/>\n<meta property=\"og:image\" content=\"http:\/\/knjiznice.nsk.hr\/senj\/wp-content\/uploads\/sites\/60\/2019\/12\/preuzmi-2.jpg\" \/>\n\t<meta property=\"og:image:width\" content=\"318\" \/>\n\t<meta property=\"og:image:height\" content=\"159\" \/>\n<script type=\"application\/ld+json\" class=\"yoast-schema-graph\">{\"@context\":\"https:\/\/schema.org\",\"@graph\":[{\"@type\":\"WebSite\",\"@id\":\"https:\/\/knjiznice.nsk.hr\/senj\/#website\",\"url\":\"https:\/\/knjiznice.nsk.hr\/senj\/\",\"name\":\"Gradska knji\\u017enica Senj\",\"description\":\"S vama od 1835. godine\",\"potentialAction\":[{\"@type\":\"SearchAction\",\"target\":\"https:\/\/knjiznice.nsk.hr\/senj\/?s={search_term_string}\",\"query-input\":\"required name=search_term_string\"}],\"inLanguage\":\"hr\"},{\"@type\":\"ImageObject\",\"@id\":\"https:\/\/knjiznice.nsk.hr\/senj\/najava-bozicni-djedomobil\/#primaryimage\",\"inLanguage\":\"hr\",\"url\":\"https:\/\/knjiznice.nsk.hr\/senj\/wp-content\/uploads\/sites\/60\/2019\/12\/preuzmi-2.jpg\",\"contentUrl\":\"https:\/\/knjiznice.nsk.hr\/senj\/wp-content\/uploads\/sites\/60\/2019\/12\/preuzmi-2.jpg\",\"width\":318,\"height\":159},{\"@type\":\"WebPage\",\"@id\":\"https:\/\/knjiznice.nsk.hr\/senj\/najava-bozicni-djedomobil\/#webpage\",\"url\":\"https:\/\/knjiznice.nsk.hr\/senj\/najava-bozicni-djedomobil\/\",\"name\":\"-NAJAVA-\\u201eBO\\u017dI\\u0106NI DJEDOMOBIL\\u201c - Gradska knji\\u017enica Senj\",\"isPartOf\":{\"@id\":\"https:\/\/knjiznice.nsk.hr\/senj\/#website\"},\"primaryImageOfPage\":{\"@id\":\"https:\/\/knjiznice.nsk.hr\/senj\/najava-bozicni-djedomobil\/#primaryimage\"},\"datePublished\":\"2019-12-06T07:37:46+00:00\",\"dateModified\":\"2019-12-06T07:37:46+00:00\",\"author\":{\"@id\":\"https:\/\/knjiznice.nsk.hr\/senj\/#\/schema\/person\/c6b0893cdaca205d44fe2c322c042ac7\"},\"breadcrumb\":{\"@id\":\"https:\/\/knjiznice.nsk.hr\/senj\/najava-bozicni-djedomobil\/#breadcrumb\"},\"inLanguage\":\"hr\",\"potentialAction\":[{\"@type\":\"ReadAction\",\"target\":[\"https:\/\/knjiznice.nsk.hr\/senj\/najava-bozicni-djedomobil\/\"]}]},{\"@type\":\"BreadcrumbList\",\"@id\":\"https:\/\/knjiznice.nsk.hr\/senj\/najava-bozicni-djedomobil\/#breadcrumb\",\"itemListElement\":[{\"@type\":\"ListItem\",\"position\":1,\"item\":{\"@type\":\"WebPage\",\"@id\":\"https:\/\/knjiznice.nsk.hr\/senj\/\",\"url\":\"https:\/\/knjiznice.nsk.hr\/senj\/\",\"name\":\"Po\\u010detna stranica\"}},{\"@type\":\"ListItem\",\"position\":2,\"item\":{\"@id\":\"https:\/\/knjiznice.nsk.hr\/senj\/najava-bozicni-djedomobil\/#webpage\"}}]},{\"@type\":\"Person\",\"@id\":\"https:\/\/knjiznice.nsk.hr\/senj\/#\/schema\/person\/c6b0893cdaca205d44fe2c322c042ac7\",\"name\":\"senj\",\"image\":{\"@type\":\"ImageObject\",\"@id\":\"https:\/\/knjiznice.nsk.hr\/senj\/#personlogo\",\"inLanguage\":\"hr\",\"url\":\"https:\/\/secure.gravatar.com\/avatar\/b00e8e1a99b5ba41772fe68c6bcfd17c?s=96&d=mm&r=g\",\"contentUrl\":\"https:\/\/secure.gravatar.com\/avatar\/b00e8e1a99b5ba41772fe68c6bcfd17c?s=96&d=mm&r=g\",\"caption\":\"senj\"}}]}<\/script>\n<!-- \/ Yoast SEO plugin. -->","_links":{"self":[{"href":"https:\/\/knjiznice.nsk.hr\/senj\/wp-json\/wp\/v2\/posts\/2133"}],"collection":[{"href":"https:\/\/knjiznice.nsk.hr\/senj\/wp-json\/wp\/v2\/posts"}],"about":[{"href":"https:\/\/knjiznice.nsk.hr\/senj\/wp-json\/wp\/v2\/types\/post"}],"author":[{"embeddable":true,"href":"https:\/\/knjiznice.nsk.hr\/senj\/wp-json\/wp\/v2\/users\/58"}],"replies":[{"embeddable":true,"href":"https:\/\/knjiznice.nsk.hr\/senj\/wp-json\/wp\/v2\/comments?post=2133"}],"version-history":[{"count":1,"href":"https:\/\/knjiznice.nsk.hr\/senj\/wp-json\/wp\/v2\/posts\/2133\/revisions"}],"predecessor-version":[{"id":2135,"href":"https:\/\/knjiznice.nsk.hr\/senj\/wp-json\/wp\/v2\/posts\/2133\/revisions\/2135"}],"wp:featuredmedia":[{"embeddable":true,"href":"https:\/\/knjiznice.nsk.hr\/senj\/wp-json\/wp\/v2\/media\/2134"}],"wp:attachment":[{"href":"https:\/\/knjiznice.nsk.hr\/senj\/wp-json\/wp\/v2\/media?parent=2133"}],"wp:term":[{"taxonomy":"category","embeddable":true,"href":"https:\/\/knjiznice.nsk.hr\/senj\/wp-json\/wp\/v2\/categories?post=2133"},{"taxonomy":"post_tag","embeddable":true,"href":"https:\/\/knjiznice.nsk.hr\/senj\/wp-json\/wp\/v2\/tags?post=2133"}],"curies":[{"name":"wp","href":"https:\/\/api.w.org\/{rel}","templated":true}]}}