{"id":2117,"date":"2019-11-18T12:19:04","date_gmt":"2019-11-18T12:19:04","guid":{"rendered":"http:\/\/knjiznice.nsk.hr\/senj\/?p=2117"},"modified":"2019-11-18T12:19:04","modified_gmt":"2019-11-18T12:19:04","slug":"program-vukovaru-u-spomen-u-cast-vukovarskom-heroju-blagi-zadri","status":"publish","type":"post","link":"https:\/\/knjiznice.nsk.hr\/senj\/program-vukovaru-u-spomen-u-cast-vukovarskom-heroju-blagi-zadri\/","title":{"rendered":"PROGRAM \u201eVUKOVARU U SPOMEN\u201c- \u201eU \u010cAST VUKOVARSKOM HEROJU BLAGI ZADRI\u201c"},"content":{"rendered":"<p>U sklopu obilje\u017eavanja godi\u0161njice pada Vukovara u senjskoj je knji\u017enici odr\u017ean program \u201eVukovaru u spomen\u201c koji su organizirali Gradska knji\u017enica Senj i Srednja \u0161kola Pavla Rittera Vitezovi\u0107a Senj.<br \/>\n-Na godi\u0161njicu pada Vukovara s posebnim se pijetetom sje\u0107amo grada heroja i Domovinskog rata. Na razne se na\u010dine i kroz prigodne programe mi stariji prisje\u0107amo, a i mladim generacijama prenesimo kontekst i emociju tog te\u0161kog, ali ponosnog vremena za na\u0161u domovinu. Ne \u017eelimo mlade optere\u0107ivati ratom, ali \u017eelja nam je da po\u0161tuju i njeguju uspomenu na njega, a posebno na \u017ertvu Vukovara. Neka u\u017eivaju u slobodi i miru koje su nam omogu\u0107ili hrabri hrvatski ratnici, a kroz u\u010denje o tom vremenu, \u0161to je stvar op\u0107e kulture, neka im se odu\u017ee na najljep\u0161i mogu\u0107i na\u010din jer tako se \u017ertva i hrabrost branitelja i naroda nikad ne\u0107e zaboraviti, rekla je uvodno ravnateljica Gradske knji\u017enice Senj Ana Prpi\u0107 Rogi\u0107.<br \/>\nEdukativni program posve\u0107en Vukovaru organizira se u senjskoj knji\u017enici ve\u0107 petu godinu zaredom s namjerom da se i srednjo\u0161kolci uklju\u010de u pripremu programa kako bi \u010dim vi\u0161e saznali o toj tematici. Tako\u0111er, voditelji programa prof. Silvije \u0160ojat i prof. Ana Prpi\u0107 Rogi\u0107 obradi teme pristupaju empati\u010dno pa naglasak nije na brojkama i statistikama iz ud\u017ebenika, ve\u0107 na emotivnom do\u017eivljaju svjedoka i dionika Domovinskog rata.<br \/>\nKroz ovakve susrete ve\u0107 su kroz prethodne godine obra\u0111ene mnoge teme i mnoge sudbine sudionika Domovinskog rata i Vukovara, a ove godine gimnazijalci su imali prilike vi\u0161e \u010duti o heroju Borovog naselja i Trpinjske ceste,  Blagi Zadri.<br \/>\nUvodno je prof. \u0160ojat dao povijesni kontekst Domovinskog rata i Bitke za Vukovar, a u nastavku je Ana Prpi\u0107 Rogi\u0107 opisala \u0111acima Blagu onako kako su ga njegovi suborci i obitelj do\u017eivljavali. Saznali su tako da je Blago bio hrabar, sposoban i  odlu\u010dan zapovjednik koji je u borbu uvijek kretao prvi; blag i pa\u017eljiv suprug i otac; pravedan i po\u0161ten \u010dovjek te iznimno duhovit sugovornik, a sve je to oprimjereno anegdotama i citatima njemu bliskih ljudi. U nastavku su u\u010denici Povijesne grupe senjske srednje \u0161kole (prezentirala Anera Biondi\u0107) iznijeli biografiju te \u017eivotni i ratni put Blage Zadre koji je, unato\u010d tome \u0161to nije bio vojno \u0161kolovan, bio sjajan i sposoban zapovjednik. Pod njegovim vodstvom na Trpinjskoj cesti, koja je zbog toga i prozvana &#8220;Groblje tenkova&#8221;, zaustavljena je oklopna sila JNA i uni\u0161teno na desetke tenkova i oklopnih transportera. Na\u017ealost, Blago je poginuo 16. listopada 1991. godine blizu Trpinjske ceste, u Kupskoj ulici poko\u0161en rafalom dok je vodio svoje suborce u akciju.<br \/>\nNakon predavanja, odr\u017eana je projekcija dokumentarnog filma \u201eHeroji vukovara-Blago Zadro\u201c koji je jo\u0161 jednom potvrdio veli\u010dinu lika i djela Blage Zadre po kojemu su, u znak zahvalnosti, nazvane mnoge ulice i \u0161kole te spomenici.<br \/>\nHeroj s Trpinjske ceste, simbol otpora vukovarske tragedije 1991. godine zapovjednik Blago Zadro, na\u017ealost, nije do\u017eivio oslobo\u0111enje svoga grada.<br \/>\nNo na\u0161e sje\u0107anje na njegovu hrabrost i lik i djelo \u017eivi vje\u010dno.<\/p>\n<p>Knji\u017enica od srca zahvaljuje prof.\u0160ojatu na uvijek dobroj suradnji te gimnazijalcima i sugra\u0111anima na dolasku i pa\u017enji.<\/p>\n<p>TEKST: Ana Prpi\u0107 Rogi\u0107<br \/>\nFOTO: Ivana Podol\u0161ak<\/p>\n","protected":false},"excerpt":{"rendered":"<p>U sklopu obilje\u017eavanja godi\u0161njice pada Vukovara u senjskoj je knji\u017enici odr\u017ean program \u201eVukovaru u spomen\u201c koji su organizirali Gradska knji\u017enica Senj i Srednja \u0161kola Pavla Rittera Vitezovi\u0107a Senj. -Na godi\u0161njicu pada Vukovara s posebnim se pijetetom sje\u0107amo grada heroja i Domovinskog rata. Na razne se na\u010dine i kroz prigodne programe mi stariji prisje\u0107amo, a i [&hellip;]<\/p>\n","protected":false},"author":58,"featured_media":2118,"comment_status":"closed","ping_status":"closed","sticky":false,"template":"","format":"standard","meta":{"ngg_post_thumbnail":0},"categories":[8],"tags":[],"yoast_head":"<!-- This site is optimized with the Yoast SEO plugin v16.4 - https:\/\/yoast.com\/wordpress\/plugins\/seo\/ -->\n<meta name=\"robots\" content=\"index, follow, max-snippet:-1, max-image-preview:large, max-video-preview:-1\" \/>\n<link rel=\"canonical\" href=\"https:\/\/knjiznice.nsk.hr\/senj\/program-vukovaru-u-spomen-u-cast-vukovarskom-heroju-blagi-zadri\/\" \/>\n<meta property=\"og:locale\" content=\"hr_HR\" \/>\n<meta property=\"og:type\" content=\"article\" \/>\n<meta property=\"og:title\" content=\"PROGRAM \u201eVUKOVARU U SPOMEN\u201c- \u201eU \u010cAST VUKOVARSKOM HEROJU BLAGI ZADRI\u201c - Gradska knji\u017enica Senj\" \/>\n<meta property=\"og:description\" content=\"U sklopu obilje\u017eavanja godi\u0161njice pada Vukovara u senjskoj je knji\u017enici odr\u017ean program \u201eVukovaru u spomen\u201c koji su organizirali Gradska knji\u017enica Senj i Srednja \u0161kola Pavla Rittera Vitezovi\u0107a Senj. -Na godi\u0161njicu pada Vukovara s posebnim se pijetetom sje\u0107amo grada heroja i Domovinskog rata. Na razne se na\u010dine i kroz prigodne programe mi stariji prisje\u0107amo, a i [&hellip;]\" \/>\n<meta property=\"og:url\" content=\"https:\/\/knjiznice.nsk.hr\/senj\/program-vukovaru-u-spomen-u-cast-vukovarskom-heroju-blagi-zadri\/\" \/>\n<meta property=\"og:site_name\" content=\"Gradska knji\u017enica Senj\" \/>\n<meta property=\"article:publisher\" content=\"http:\/\/facebook.com\/Gradska-knji%c5%benica-SENJ\" \/>\n<meta property=\"article:published_time\" content=\"2019-11-18T12:19:04+00:00\" \/>\n<meta property=\"og:image\" content=\"http:\/\/knjiznice.nsk.hr\/senj\/wp-content\/uploads\/sites\/60\/2019\/11\/IMG_3101-scaled.jpg\" \/>\n\t<meta property=\"og:image:width\" content=\"2560\" \/>\n\t<meta property=\"og:image:height\" content=\"1920\" \/>\n<meta name=\"twitter:label1\" content=\"Procijenjeno vrijeme \u010ditanja\" \/>\n\t<meta name=\"twitter:data1\" content=\"3 minute\" \/>\n<script type=\"application\/ld+json\" class=\"yoast-schema-graph\">{\"@context\":\"https:\/\/schema.org\",\"@graph\":[{\"@type\":\"WebSite\",\"@id\":\"https:\/\/knjiznice.nsk.hr\/senj\/#website\",\"url\":\"https:\/\/knjiznice.nsk.hr\/senj\/\",\"name\":\"Gradska knji\\u017enica Senj\",\"description\":\"S vama od 1835. godine\",\"potentialAction\":[{\"@type\":\"SearchAction\",\"target\":\"https:\/\/knjiznice.nsk.hr\/senj\/?s={search_term_string}\",\"query-input\":\"required name=search_term_string\"}],\"inLanguage\":\"hr\"},{\"@type\":\"ImageObject\",\"@id\":\"https:\/\/knjiznice.nsk.hr\/senj\/program-vukovaru-u-spomen-u-cast-vukovarskom-heroju-blagi-zadri\/#primaryimage\",\"inLanguage\":\"hr\",\"url\":\"https:\/\/knjiznice.nsk.hr\/senj\/wp-content\/uploads\/sites\/60\/2019\/11\/IMG_3101-scaled.jpg\",\"contentUrl\":\"https:\/\/knjiznice.nsk.hr\/senj\/wp-content\/uploads\/sites\/60\/2019\/11\/IMG_3101-scaled.jpg\",\"width\":2560,\"height\":1920},{\"@type\":\"WebPage\",\"@id\":\"https:\/\/knjiznice.nsk.hr\/senj\/program-vukovaru-u-spomen-u-cast-vukovarskom-heroju-blagi-zadri\/#webpage\",\"url\":\"https:\/\/knjiznice.nsk.hr\/senj\/program-vukovaru-u-spomen-u-cast-vukovarskom-heroju-blagi-zadri\/\",\"name\":\"PROGRAM \\u201eVUKOVARU U SPOMEN\\u201c- \\u201eU \\u010cAST VUKOVARSKOM HEROJU BLAGI ZADRI\\u201c - Gradska knji\\u017enica Senj\",\"isPartOf\":{\"@id\":\"https:\/\/knjiznice.nsk.hr\/senj\/#website\"},\"primaryImageOfPage\":{\"@id\":\"https:\/\/knjiznice.nsk.hr\/senj\/program-vukovaru-u-spomen-u-cast-vukovarskom-heroju-blagi-zadri\/#primaryimage\"},\"datePublished\":\"2019-11-18T12:19:04+00:00\",\"dateModified\":\"2019-11-18T12:19:04+00:00\",\"author\":{\"@id\":\"https:\/\/knjiznice.nsk.hr\/senj\/#\/schema\/person\/c6b0893cdaca205d44fe2c322c042ac7\"},\"breadcrumb\":{\"@id\":\"https:\/\/knjiznice.nsk.hr\/senj\/program-vukovaru-u-spomen-u-cast-vukovarskom-heroju-blagi-zadri\/#breadcrumb\"},\"inLanguage\":\"hr\",\"potentialAction\":[{\"@type\":\"ReadAction\",\"target\":[\"https:\/\/knjiznice.nsk.hr\/senj\/program-vukovaru-u-spomen-u-cast-vukovarskom-heroju-blagi-zadri\/\"]}]},{\"@type\":\"BreadcrumbList\",\"@id\":\"https:\/\/knjiznice.nsk.hr\/senj\/program-vukovaru-u-spomen-u-cast-vukovarskom-heroju-blagi-zadri\/#breadcrumb\",\"itemListElement\":[{\"@type\":\"ListItem\",\"position\":1,\"item\":{\"@type\":\"WebPage\",\"@id\":\"https:\/\/knjiznice.nsk.hr\/senj\/\",\"url\":\"https:\/\/knjiznice.nsk.hr\/senj\/\",\"name\":\"Po\\u010detna stranica\"}},{\"@type\":\"ListItem\",\"position\":2,\"item\":{\"@id\":\"https:\/\/knjiznice.nsk.hr\/senj\/program-vukovaru-u-spomen-u-cast-vukovarskom-heroju-blagi-zadri\/#webpage\"}}]},{\"@type\":\"Person\",\"@id\":\"https:\/\/knjiznice.nsk.hr\/senj\/#\/schema\/person\/c6b0893cdaca205d44fe2c322c042ac7\",\"name\":\"senj\",\"image\":{\"@type\":\"ImageObject\",\"@id\":\"https:\/\/knjiznice.nsk.hr\/senj\/#personlogo\",\"inLanguage\":\"hr\",\"url\":\"https:\/\/secure.gravatar.com\/avatar\/b00e8e1a99b5ba41772fe68c6bcfd17c?s=96&d=mm&r=g\",\"contentUrl\":\"https:\/\/secure.gravatar.com\/avatar\/b00e8e1a99b5ba41772fe68c6bcfd17c?s=96&d=mm&r=g\",\"caption\":\"senj\"}}]}<\/script>\n<!-- \/ Yoast SEO plugin. -->","_links":{"self":[{"href":"https:\/\/knjiznice.nsk.hr\/senj\/wp-json\/wp\/v2\/posts\/2117"}],"collection":[{"href":"https:\/\/knjiznice.nsk.hr\/senj\/wp-json\/wp\/v2\/posts"}],"about":[{"href":"https:\/\/knjiznice.nsk.hr\/senj\/wp-json\/wp\/v2\/types\/post"}],"author":[{"embeddable":true,"href":"https:\/\/knjiznice.nsk.hr\/senj\/wp-json\/wp\/v2\/users\/58"}],"replies":[{"embeddable":true,"href":"https:\/\/knjiznice.nsk.hr\/senj\/wp-json\/wp\/v2\/comments?post=2117"}],"version-history":[{"count":1,"href":"https:\/\/knjiznice.nsk.hr\/senj\/wp-json\/wp\/v2\/posts\/2117\/revisions"}],"predecessor-version":[{"id":2119,"href":"https:\/\/knjiznice.nsk.hr\/senj\/wp-json\/wp\/v2\/posts\/2117\/revisions\/2119"}],"wp:featuredmedia":[{"embeddable":true,"href":"https:\/\/knjiznice.nsk.hr\/senj\/wp-json\/wp\/v2\/media\/2118"}],"wp:attachment":[{"href":"https:\/\/knjiznice.nsk.hr\/senj\/wp-json\/wp\/v2\/media?parent=2117"}],"wp:term":[{"taxonomy":"category","embeddable":true,"href":"https:\/\/knjiznice.nsk.hr\/senj\/wp-json\/wp\/v2\/categories?post=2117"},{"taxonomy":"post_tag","embeddable":true,"href":"https:\/\/knjiznice.nsk.hr\/senj\/wp-json\/wp\/v2\/tags?post=2117"}],"curies":[{"name":"wp","href":"https:\/\/api.w.org\/{rel}","templated":true}]}}