{"id":2113,"date":"2019-11-14T13:26:25","date_gmt":"2019-11-14T13:26:25","guid":{"rendered":"http:\/\/knjiznice.nsk.hr\/senj\/?p=2113"},"modified":"2019-11-14T13:26:25","modified_gmt":"2019-11-14T13:26:25","slug":"predstavljanje-knjige-na-caminu-sam-zagrlio-boga","status":"publish","type":"post","link":"https:\/\/knjiznice.nsk.hr\/senj\/predstavljanje-knjige-na-caminu-sam-zagrlio-boga\/","title":{"rendered":"PREDSTAVLJANJE KNJIGE \u201eNA CAMINU SAM ZAGRLIO BOGA\u201c"},"content":{"rendered":"<p>U sklopu Mjeseca hrvatske knjige u Gradskoj knji\u017enici Senj predstavljena je knjiga Tomislava Birti\u0107a \u201eNa Caminu sam zagrlio Boga\u201c.<br \/>\nTomislav Birti\u0107 novinar je i knji\u017eevnik iza kojega je ve\u0107 zavidan broj izdanih djela \u0161iroke tematike. Najpoznatija su mu  \u010cetiri ru\u010dka , Dnevnik malog ulaga\u010da, Krvavo plavo, Navu\u010den na narki\u0107ku, Smr\u0161avio sam 40 kila i ne debljam se, \u0160etnje s Bogom u gojzericama, Za svaki slu\u010daj.<br \/>\nBirti\u0107 je senjskoj publici predstavio svoju novu knjigu \u201eNa Caminu sam zagrlio Boga\u201c koja je inspirirana 800 kilometara dugim hodo\u010da\u0161\u0107em. Autor je prehodao zahtjevnu hodo\u010dasni\u010dku rutu prema grobu Sv. apostola Jakova u Santiago de Composteli, poznatoj kao \u2013 Camino i nakon nje iznjedrio ovo zanimljivo, vrlo \u010ditano djelo. Na dvjestotinjak stranica Tomislav je iznio brojne anegdote, smije\u0161ne i tu\u017ene pri\u010de i podijelio s \u010ditateljima va\u017ene unutarnje spoznaje koje je osvijestio za vrijeme puta.<br \/>\nPredstavljaju\u0107i knjigu autor je publici na duhovit i zanimljiv na\u010din opisao svoje putovanje, podijeliv\u0161i pritom i brojne pragmati\u010dne savjete, no nagla\u0161avaju\u0107i ponajvi\u0161e emocionalni aspekt puta koji mu je u \u017eivot unio brojne nove spoznaje: o dobivanju i pronalasku sebe, o snazi ljubavi, o osloba\u0111anju od straha, o va\u017enosti oprosta, o zagrljaju s Bogom kojega je do\u017eivio i koji ga je usre\u0107io i oplemenio.<br \/>\nPromociju je svojim prigodnim nastupima uljep\u0161ala klapa Senjkinje.<br \/>\nKnji\u017enica od srca zahvaljuje:<br \/>\n-autoru Birti\u0107u na gostovanju i predstavljanju knjige<br \/>\n-Senjkinjama na krasnoj glazbenoj kulisi<br \/>\n-medijima na pra\u0107enju<br \/>\n-posjetiteljima na dolasku i pa\u017enji. <\/p>\n<p>Tekst: Ana Prpi\u0107 Rogi\u0107<br \/>\nFoto: Ivana Podol\u0161ak<\/p>\n","protected":false},"excerpt":{"rendered":"<p>U sklopu Mjeseca hrvatske knjige u Gradskoj knji\u017enici Senj predstavljena je knjiga Tomislava Birti\u0107a \u201eNa Caminu sam zagrlio Boga\u201c. Tomislav Birti\u0107 novinar je i knji\u017eevnik iza kojega je ve\u0107 zavidan broj izdanih djela \u0161iroke tematike. Najpoznatija su mu \u010cetiri ru\u010dka , Dnevnik malog ulaga\u010da, Krvavo plavo, Navu\u010den na narki\u0107ku, Smr\u0161avio sam 40 kila i ne [&hellip;]<\/p>\n","protected":false},"author":58,"featured_media":2114,"comment_status":"closed","ping_status":"closed","sticky":false,"template":"","format":"standard","meta":{"ngg_post_thumbnail":0},"categories":[8],"tags":[],"yoast_head":"<!-- This site is optimized with the Yoast SEO plugin v16.4 - https:\/\/yoast.com\/wordpress\/plugins\/seo\/ -->\n<meta name=\"robots\" content=\"index, follow, max-snippet:-1, max-image-preview:large, max-video-preview:-1\" \/>\n<link rel=\"canonical\" href=\"https:\/\/knjiznice.nsk.hr\/senj\/predstavljanje-knjige-na-caminu-sam-zagrlio-boga\/\" \/>\n<meta property=\"og:locale\" content=\"hr_HR\" \/>\n<meta property=\"og:type\" content=\"article\" \/>\n<meta property=\"og:title\" content=\"PREDSTAVLJANJE KNJIGE \u201eNA CAMINU SAM ZAGRLIO BOGA\u201c - Gradska knji\u017enica Senj\" \/>\n<meta property=\"og:description\" content=\"U sklopu Mjeseca hrvatske knjige u Gradskoj knji\u017enici Senj predstavljena je knjiga Tomislava Birti\u0107a \u201eNa Caminu sam zagrlio Boga\u201c. Tomislav Birti\u0107 novinar je i knji\u017eevnik iza kojega je ve\u0107 zavidan broj izdanih djela \u0161iroke tematike. Najpoznatija su mu \u010cetiri ru\u010dka , Dnevnik malog ulaga\u010da, Krvavo plavo, Navu\u010den na narki\u0107ku, Smr\u0161avio sam 40 kila i ne [&hellip;]\" \/>\n<meta property=\"og:url\" content=\"https:\/\/knjiznice.nsk.hr\/senj\/predstavljanje-knjige-na-caminu-sam-zagrlio-boga\/\" \/>\n<meta property=\"og:site_name\" content=\"Gradska knji\u017enica Senj\" \/>\n<meta property=\"article:publisher\" content=\"http:\/\/facebook.com\/Gradska-knji%c5%benica-SENJ\" \/>\n<meta property=\"article:published_time\" content=\"2019-11-14T13:26:25+00:00\" \/>\n<meta property=\"og:image\" content=\"http:\/\/knjiznice.nsk.hr\/senj\/wp-content\/uploads\/sites\/60\/2019\/11\/CAMINO.jpg\" \/>\n\t<meta property=\"og:image:width\" content=\"1060\" \/>\n\t<meta property=\"og:image:height\" content=\"986\" \/>\n<meta name=\"twitter:label1\" content=\"Procijenjeno vrijeme \u010ditanja\" \/>\n\t<meta name=\"twitter:data1\" content=\"1 minuta\" \/>\n<script type=\"application\/ld+json\" class=\"yoast-schema-graph\">{\"@context\":\"https:\/\/schema.org\",\"@graph\":[{\"@type\":\"WebSite\",\"@id\":\"https:\/\/knjiznice.nsk.hr\/senj\/#website\",\"url\":\"https:\/\/knjiznice.nsk.hr\/senj\/\",\"name\":\"Gradska knji\\u017enica Senj\",\"description\":\"S vama od 1835. godine\",\"potentialAction\":[{\"@type\":\"SearchAction\",\"target\":\"https:\/\/knjiznice.nsk.hr\/senj\/?s={search_term_string}\",\"query-input\":\"required name=search_term_string\"}],\"inLanguage\":\"hr\"},{\"@type\":\"ImageObject\",\"@id\":\"https:\/\/knjiznice.nsk.hr\/senj\/predstavljanje-knjige-na-caminu-sam-zagrlio-boga\/#primaryimage\",\"inLanguage\":\"hr\",\"url\":\"https:\/\/knjiznice.nsk.hr\/senj\/wp-content\/uploads\/sites\/60\/2019\/11\/CAMINO.jpg\",\"contentUrl\":\"https:\/\/knjiznice.nsk.hr\/senj\/wp-content\/uploads\/sites\/60\/2019\/11\/CAMINO.jpg\",\"width\":1060,\"height\":986},{\"@type\":\"WebPage\",\"@id\":\"https:\/\/knjiznice.nsk.hr\/senj\/predstavljanje-knjige-na-caminu-sam-zagrlio-boga\/#webpage\",\"url\":\"https:\/\/knjiznice.nsk.hr\/senj\/predstavljanje-knjige-na-caminu-sam-zagrlio-boga\/\",\"name\":\"PREDSTAVLJANJE KNJIGE \\u201eNA CAMINU SAM ZAGRLIO BOGA\\u201c - Gradska knji\\u017enica Senj\",\"isPartOf\":{\"@id\":\"https:\/\/knjiznice.nsk.hr\/senj\/#website\"},\"primaryImageOfPage\":{\"@id\":\"https:\/\/knjiznice.nsk.hr\/senj\/predstavljanje-knjige-na-caminu-sam-zagrlio-boga\/#primaryimage\"},\"datePublished\":\"2019-11-14T13:26:25+00:00\",\"dateModified\":\"2019-11-14T13:26:25+00:00\",\"author\":{\"@id\":\"https:\/\/knjiznice.nsk.hr\/senj\/#\/schema\/person\/c6b0893cdaca205d44fe2c322c042ac7\"},\"breadcrumb\":{\"@id\":\"https:\/\/knjiznice.nsk.hr\/senj\/predstavljanje-knjige-na-caminu-sam-zagrlio-boga\/#breadcrumb\"},\"inLanguage\":\"hr\",\"potentialAction\":[{\"@type\":\"ReadAction\",\"target\":[\"https:\/\/knjiznice.nsk.hr\/senj\/predstavljanje-knjige-na-caminu-sam-zagrlio-boga\/\"]}]},{\"@type\":\"BreadcrumbList\",\"@id\":\"https:\/\/knjiznice.nsk.hr\/senj\/predstavljanje-knjige-na-caminu-sam-zagrlio-boga\/#breadcrumb\",\"itemListElement\":[{\"@type\":\"ListItem\",\"position\":1,\"item\":{\"@type\":\"WebPage\",\"@id\":\"https:\/\/knjiznice.nsk.hr\/senj\/\",\"url\":\"https:\/\/knjiznice.nsk.hr\/senj\/\",\"name\":\"Po\\u010detna stranica\"}},{\"@type\":\"ListItem\",\"position\":2,\"item\":{\"@id\":\"https:\/\/knjiznice.nsk.hr\/senj\/predstavljanje-knjige-na-caminu-sam-zagrlio-boga\/#webpage\"}}]},{\"@type\":\"Person\",\"@id\":\"https:\/\/knjiznice.nsk.hr\/senj\/#\/schema\/person\/c6b0893cdaca205d44fe2c322c042ac7\",\"name\":\"senj\",\"image\":{\"@type\":\"ImageObject\",\"@id\":\"https:\/\/knjiznice.nsk.hr\/senj\/#personlogo\",\"inLanguage\":\"hr\",\"url\":\"https:\/\/secure.gravatar.com\/avatar\/b00e8e1a99b5ba41772fe68c6bcfd17c?s=96&d=mm&r=g\",\"contentUrl\":\"https:\/\/secure.gravatar.com\/avatar\/b00e8e1a99b5ba41772fe68c6bcfd17c?s=96&d=mm&r=g\",\"caption\":\"senj\"}}]}<\/script>\n<!-- \/ Yoast SEO plugin. -->","_links":{"self":[{"href":"https:\/\/knjiznice.nsk.hr\/senj\/wp-json\/wp\/v2\/posts\/2113"}],"collection":[{"href":"https:\/\/knjiznice.nsk.hr\/senj\/wp-json\/wp\/v2\/posts"}],"about":[{"href":"https:\/\/knjiznice.nsk.hr\/senj\/wp-json\/wp\/v2\/types\/post"}],"author":[{"embeddable":true,"href":"https:\/\/knjiznice.nsk.hr\/senj\/wp-json\/wp\/v2\/users\/58"}],"replies":[{"embeddable":true,"href":"https:\/\/knjiznice.nsk.hr\/senj\/wp-json\/wp\/v2\/comments?post=2113"}],"version-history":[{"count":1,"href":"https:\/\/knjiznice.nsk.hr\/senj\/wp-json\/wp\/v2\/posts\/2113\/revisions"}],"predecessor-version":[{"id":2115,"href":"https:\/\/knjiznice.nsk.hr\/senj\/wp-json\/wp\/v2\/posts\/2113\/revisions\/2115"}],"wp:featuredmedia":[{"embeddable":true,"href":"https:\/\/knjiznice.nsk.hr\/senj\/wp-json\/wp\/v2\/media\/2114"}],"wp:attachment":[{"href":"https:\/\/knjiznice.nsk.hr\/senj\/wp-json\/wp\/v2\/media?parent=2113"}],"wp:term":[{"taxonomy":"category","embeddable":true,"href":"https:\/\/knjiznice.nsk.hr\/senj\/wp-json\/wp\/v2\/categories?post=2113"},{"taxonomy":"post_tag","embeddable":true,"href":"https:\/\/knjiznice.nsk.hr\/senj\/wp-json\/wp\/v2\/tags?post=2113"}],"curies":[{"name":"wp","href":"https:\/\/api.w.org\/{rel}","templated":true}]}}