{"id":2051,"date":"2019-08-06T06:00:11","date_gmt":"2019-08-06T06:00:11","guid":{"rendered":"http:\/\/knjiznice.nsk.hr\/senj\/?p=2051"},"modified":"2019-08-06T06:00:11","modified_gmt":"2019-08-06T06:00:11","slug":"senj-i-glagoljica-iz-pera-nasih-ucenika","status":"publish","type":"post","link":"https:\/\/knjiznice.nsk.hr\/senj\/senj-i-glagoljica-iz-pera-nasih-ucenika\/","title":{"rendered":"Senj i glagoljica iz pera na\u0161ih u\u010denika"},"content":{"rendered":"<p>IZLO\u017dBA<br \/>\nSENJ I GLAGOLJICA<br \/>\niz pera na\u0161ih u\u010denika<\/p>\n<p>U\u010deni\u010dka \u0161kolska zadruga Sinjal Osnovne \u0161kole S.S. Kranj\u010devi\u0107a Senj i Gradska knji\u017enica Senj i ove godine organiziraju postav u\u010deni\u010dkih radova na temu glagoljice i na\u0161ega zavi\u010daja.<br \/>\nNaglasak ovogodi\u0161nje izlo\u017ebe je izdava\u010dka djelatnost, odnosno tiskana zavi\u010dajna izdanja koja su priredili vrijedni u\u010denici senjske osnovne \u0161kole i njihovi profesori.<\/p>\n<p>U\u010deni\u010dka mapa-Senj kroz povijest<br \/>\nVodi\u010d kroz sredi\u0161te Senja-Moj grad u svojoj glagoljici<br \/>\nVjenceslav Novak-senjske knji\u017eevne \u0161etnje<br \/>\nDani radosti-\u0161kolski list senjske osnovne \u0161kole<\/p>\n<p>Postav je u na\u0161oj Knji\u017enici izlo\u017een od 6. kolovoza do 15. rujna 2019. g. i prodajnog je karaktera, a sav prohod od prodaje Sinjal \u0107e utro\u0161iti za nabavku materijala kako bi i u novoj \u0161kolskoj godini mogli nastajati ovako divni radovi na\u0161em gradu i glagoljici u \u010dast.<\/p>\n","protected":false},"excerpt":{"rendered":"<p>IZLO\u017dBA SENJ I GLAGOLJICA iz pera na\u0161ih u\u010denika U\u010deni\u010dka \u0161kolska zadruga Sinjal Osnovne \u0161kole S.S. Kranj\u010devi\u0107a Senj i Gradska knji\u017enica Senj i ove godine organiziraju postav u\u010deni\u010dkih radova na temu glagoljice i na\u0161ega zavi\u010daja. Naglasak ovogodi\u0161nje izlo\u017ebe je izdava\u010dka djelatnost, odnosno tiskana zavi\u010dajna izdanja koja su priredili vrijedni u\u010denici senjske osnovne \u0161kole i njihovi profesori. [&hellip;]<\/p>\n","protected":false},"author":58,"featured_media":0,"comment_status":"closed","ping_status":"closed","sticky":false,"template":"","format":"standard","meta":{"ngg_post_thumbnail":0},"categories":[8],"tags":[],"yoast_head":"<!-- This site is optimized with the Yoast SEO plugin v16.4 - https:\/\/yoast.com\/wordpress\/plugins\/seo\/ -->\n<meta name=\"robots\" content=\"index, follow, max-snippet:-1, max-image-preview:large, max-video-preview:-1\" \/>\n<link rel=\"canonical\" href=\"https:\/\/knjiznice.nsk.hr\/senj\/senj-i-glagoljica-iz-pera-nasih-ucenika\/\" \/>\n<meta property=\"og:locale\" content=\"hr_HR\" \/>\n<meta property=\"og:type\" content=\"article\" \/>\n<meta property=\"og:title\" content=\"Senj i glagoljica iz pera na\u0161ih u\u010denika - Gradska knji\u017enica Senj\" \/>\n<meta property=\"og:description\" content=\"IZLO\u017dBA SENJ I GLAGOLJICA iz pera na\u0161ih u\u010denika U\u010deni\u010dka \u0161kolska zadruga Sinjal Osnovne \u0161kole S.S. Kranj\u010devi\u0107a Senj i Gradska knji\u017enica Senj i ove godine organiziraju postav u\u010deni\u010dkih radova na temu glagoljice i na\u0161ega zavi\u010daja. Naglasak ovogodi\u0161nje izlo\u017ebe je izdava\u010dka djelatnost, odnosno tiskana zavi\u010dajna izdanja koja su priredili vrijedni u\u010denici senjske osnovne \u0161kole i njihovi profesori. [&hellip;]\" \/>\n<meta property=\"og:url\" content=\"https:\/\/knjiznice.nsk.hr\/senj\/senj-i-glagoljica-iz-pera-nasih-ucenika\/\" \/>\n<meta property=\"og:site_name\" content=\"Gradska knji\u017enica Senj\" \/>\n<meta property=\"article:publisher\" content=\"http:\/\/facebook.com\/Gradska-knji%c5%benica-SENJ\" \/>\n<meta property=\"article:published_time\" content=\"2019-08-06T06:00:11+00:00\" \/>\n<meta name=\"twitter:label1\" content=\"Procijenjeno vrijeme \u010ditanja\" \/>\n\t<meta name=\"twitter:data1\" content=\"1 minuta\" \/>\n<script type=\"application\/ld+json\" class=\"yoast-schema-graph\">{\"@context\":\"https:\/\/schema.org\",\"@graph\":[{\"@type\":\"WebSite\",\"@id\":\"https:\/\/knjiznice.nsk.hr\/senj\/#website\",\"url\":\"https:\/\/knjiznice.nsk.hr\/senj\/\",\"name\":\"Gradska knji\\u017enica Senj\",\"description\":\"S vama od 1835. godine\",\"potentialAction\":[{\"@type\":\"SearchAction\",\"target\":\"https:\/\/knjiznice.nsk.hr\/senj\/?s={search_term_string}\",\"query-input\":\"required name=search_term_string\"}],\"inLanguage\":\"hr\"},{\"@type\":\"WebPage\",\"@id\":\"https:\/\/knjiznice.nsk.hr\/senj\/senj-i-glagoljica-iz-pera-nasih-ucenika\/#webpage\",\"url\":\"https:\/\/knjiznice.nsk.hr\/senj\/senj-i-glagoljica-iz-pera-nasih-ucenika\/\",\"name\":\"Senj i glagoljica iz pera na\\u0161ih u\\u010denika - Gradska knji\\u017enica Senj\",\"isPartOf\":{\"@id\":\"https:\/\/knjiznice.nsk.hr\/senj\/#website\"},\"datePublished\":\"2019-08-06T06:00:11+00:00\",\"dateModified\":\"2019-08-06T06:00:11+00:00\",\"author\":{\"@id\":\"https:\/\/knjiznice.nsk.hr\/senj\/#\/schema\/person\/c6b0893cdaca205d44fe2c322c042ac7\"},\"breadcrumb\":{\"@id\":\"https:\/\/knjiznice.nsk.hr\/senj\/senj-i-glagoljica-iz-pera-nasih-ucenika\/#breadcrumb\"},\"inLanguage\":\"hr\",\"potentialAction\":[{\"@type\":\"ReadAction\",\"target\":[\"https:\/\/knjiznice.nsk.hr\/senj\/senj-i-glagoljica-iz-pera-nasih-ucenika\/\"]}]},{\"@type\":\"BreadcrumbList\",\"@id\":\"https:\/\/knjiznice.nsk.hr\/senj\/senj-i-glagoljica-iz-pera-nasih-ucenika\/#breadcrumb\",\"itemListElement\":[{\"@type\":\"ListItem\",\"position\":1,\"item\":{\"@type\":\"WebPage\",\"@id\":\"https:\/\/knjiznice.nsk.hr\/senj\/\",\"url\":\"https:\/\/knjiznice.nsk.hr\/senj\/\",\"name\":\"Po\\u010detna stranica\"}},{\"@type\":\"ListItem\",\"position\":2,\"item\":{\"@id\":\"https:\/\/knjiznice.nsk.hr\/senj\/senj-i-glagoljica-iz-pera-nasih-ucenika\/#webpage\"}}]},{\"@type\":\"Person\",\"@id\":\"https:\/\/knjiznice.nsk.hr\/senj\/#\/schema\/person\/c6b0893cdaca205d44fe2c322c042ac7\",\"name\":\"senj\",\"image\":{\"@type\":\"ImageObject\",\"@id\":\"https:\/\/knjiznice.nsk.hr\/senj\/#personlogo\",\"inLanguage\":\"hr\",\"url\":\"https:\/\/secure.gravatar.com\/avatar\/b00e8e1a99b5ba41772fe68c6bcfd17c?s=96&d=mm&r=g\",\"contentUrl\":\"https:\/\/secure.gravatar.com\/avatar\/b00e8e1a99b5ba41772fe68c6bcfd17c?s=96&d=mm&r=g\",\"caption\":\"senj\"}}]}<\/script>\n<!-- \/ Yoast SEO plugin. -->","_links":{"self":[{"href":"https:\/\/knjiznice.nsk.hr\/senj\/wp-json\/wp\/v2\/posts\/2051"}],"collection":[{"href":"https:\/\/knjiznice.nsk.hr\/senj\/wp-json\/wp\/v2\/posts"}],"about":[{"href":"https:\/\/knjiznice.nsk.hr\/senj\/wp-json\/wp\/v2\/types\/post"}],"author":[{"embeddable":true,"href":"https:\/\/knjiznice.nsk.hr\/senj\/wp-json\/wp\/v2\/users\/58"}],"replies":[{"embeddable":true,"href":"https:\/\/knjiznice.nsk.hr\/senj\/wp-json\/wp\/v2\/comments?post=2051"}],"version-history":[{"count":1,"href":"https:\/\/knjiznice.nsk.hr\/senj\/wp-json\/wp\/v2\/posts\/2051\/revisions"}],"predecessor-version":[{"id":2053,"href":"https:\/\/knjiznice.nsk.hr\/senj\/wp-json\/wp\/v2\/posts\/2051\/revisions\/2053"}],"wp:attachment":[{"href":"https:\/\/knjiznice.nsk.hr\/senj\/wp-json\/wp\/v2\/media?parent=2051"}],"wp:term":[{"taxonomy":"category","embeddable":true,"href":"https:\/\/knjiznice.nsk.hr\/senj\/wp-json\/wp\/v2\/categories?post=2051"},{"taxonomy":"post_tag","embeddable":true,"href":"https:\/\/knjiznice.nsk.hr\/senj\/wp-json\/wp\/v2\/tags?post=2051"}],"curies":[{"name":"wp","href":"https:\/\/api.w.org\/{rel}","templated":true}]}}