{"id":2048,"date":"2019-08-02T07:04:26","date_gmt":"2019-08-02T07:04:26","guid":{"rendered":"http:\/\/knjiznice.nsk.hr\/senj\/?p=2048"},"modified":"2019-08-02T07:04:26","modified_gmt":"2019-08-02T07:04:26","slug":"mojoj-lijepoj-zemlji-hrvatskoj-2019","status":"publish","type":"post","link":"https:\/\/knjiznice.nsk.hr\/senj\/mojoj-lijepoj-zemlji-hrvatskoj-2019\/","title":{"rendered":"Mojoj lijepoj zemlji Hrvatskoj 2019."},"content":{"rendered":"<p>OTVORENA 2. BRANITELJSKA IZLO\u017dBA FOTOGRAFIJA<br \/>\n\u201eMOJOJ LIJEPOJ ZEMLJI HRVATSKOJ\u201c<br \/>\nUo\u010di i u \u010dast Dana pobjede i domovinske zahvalnosti, Dana hrvatskih branitelja te<br \/>\nobljetnice vojno-redarstvene akcije \u201eOluja\u201c u Gradskoj knji\u017enici Senj otvorena je izlo\u017eba fotografija pod nazivom \u201eMojoj lijepoj zemlji Hrvatskoj\u201c.<br \/>\nAutori izlo\u017ebe, Mirna Smetana \u0160kurla, Miroslav Martula\u0161, Marino Dobrina, Ante \u0160pani\u0107, Dado Neki\u0107, Kre\u0161imir Ragu\u017e, Alen Na\u0111 i Mladen Rukavina, senjski su branitelji koji se aktivno i uspje\u0161no bave fotografijom, a predstavili su motive Senja i okolice kao jo\u0161 jedan izraz svog domoljublja te ljubavi za zavi\u010daj.<br \/>\n\u201eIzuzetno nam je drago da se nakon uspje\u0161ne lanjske izlo\u017ebe tradicija i lijepa suradnja sa senjskim braniteljima nastavlja i svi zajedno stremimo k tome da ova priredba i umjetni\u010dka ve\u010der u \u010dast na\u0161em gradu, domovini i Oluji postane tradicionalna.<br \/>\n\u0110iga, Banja, Potok, porat, Kalvarija, beskrajno lijepi motivi sunca i mora uhva\u0107eni spretnim okom fotografa-sve nam to donosi ova krasna izlo\u017eba, a u samom nazivu \u201eMojoj lijepoj zemlji Hrvatskoj\u201c poanta je cijelog doga\u0111aja-slaviti ljepotu domovine. A, kada je slave oni koji su je i stvarali, na\u0161i branitelji, onda je snaga i veli\u010dina ove izlo\u017ebe jo\u0161 ve\u0107a, rekla je uvodno me\u0111u ostalim, moderatorica programa ravnateljica Knji\u017enice Ana Prpi\u0107 Rogi\u0107 predstaviv\u0161i u nastavku programa ratni i umjetni\u010dki put svakoga od autora.<br \/>\nU ime autora izlo\u017ebe brojnoj publici obratio se Dado Neki\u0107 emotivnim osvrtom na ponosne dane Oluje te istaknuv\u0161i kako je cilj izlo\u017ebe i cijelog doga\u0111aja bio staviti naglasak na ljepotu zemlje koju su branitelji obranili, na budu\u0107nost, na djecu koja dolaze, a u drugi plan staviti bol i patnju s rati\u0161ta.<br \/>\nVe\u010der punu pacifizma, domoljublja i zahvalnosti braniteljima na neprocjenjivom daru slobode dodatno su oplemenili prigodni recitali kao i glazbeni nastupi Vjeke Ragu\u017ea, \u0160imuna \u017darkovi\u0107a i Luke Krmpoti\u0107a.<br \/>\nIzlo\u017ebu je otvorio idejni za\u010detnik cijeloga projekta Marino Dobrina izraziv\u0161i zadovoljstvo lijepom suradnjom senjske knji\u017enice i branitelja kojom nastaju ovakve nadahnute i emotivne ve\u010deri u kojima se stihom, glazbom i fotografijom slavi ljepota domovine i zavi\u010daja kojima se s pravom ponosimo.<br \/>\nIzlo\u017eba \u201eMojoj lijepoj zemlji Hrvatskoj\u201c bit \u0107e postavljena u senjskoj knji\u017enici do 1. rujna ove godine, prodajnog je karaktera, a sav prihod od prodaje bit \u0107e upla\u0107en Udruzi djece poginulih i nestalih hrvatskih branitelja Domovinskog rata s podru\u010dja Li\u010dko-senjske \u017eupanije. <\/p>\n<p>Gradska knji\u017enica Senj od srca zahvaljuje:<br \/>\n-braniteljima-autorima na lijepoj suradnji i divnim fotografijama,<br \/>\n&#8211; Vjeki Ragu\u017eu, \u0160imunu \u017darkovi\u0107u i Luki Krmpoti\u0107u na svirci,<br \/>\n&#8211; Dinku Brozi\u010devi\u0107u na fotografiranju te<br \/>\n-brojnim posjetiteljima na dolasku, pa\u017enji i ugodnom dru\u017eenju.<\/p>\n","protected":false},"excerpt":{"rendered":"<p>OTVORENA 2. BRANITELJSKA IZLO\u017dBA FOTOGRAFIJA \u201eMOJOJ LIJEPOJ ZEMLJI HRVATSKOJ\u201c Uo\u010di i u \u010dast Dana pobjede i domovinske zahvalnosti, Dana hrvatskih branitelja te obljetnice vojno-redarstvene akcije \u201eOluja\u201c u Gradskoj knji\u017enici Senj otvorena je izlo\u017eba fotografija pod nazivom \u201eMojoj lijepoj zemlji Hrvatskoj\u201c. Autori izlo\u017ebe, Mirna Smetana \u0160kurla, Miroslav Martula\u0161, Marino Dobrina, Ante \u0160pani\u0107, Dado Neki\u0107, Kre\u0161imir Ragu\u017e, [&hellip;]<\/p>\n","protected":false},"author":58,"featured_media":2049,"comment_status":"closed","ping_status":"closed","sticky":false,"template":"","format":"standard","meta":{"ngg_post_thumbnail":0},"categories":[8],"tags":[],"yoast_head":"<!-- This site is optimized with the Yoast SEO plugin v16.4 - https:\/\/yoast.com\/wordpress\/plugins\/seo\/ -->\n<meta name=\"robots\" content=\"index, follow, max-snippet:-1, max-image-preview:large, max-video-preview:-1\" \/>\n<link rel=\"canonical\" href=\"https:\/\/knjiznice.nsk.hr\/senj\/mojoj-lijepoj-zemlji-hrvatskoj-2019\/\" \/>\n<meta property=\"og:locale\" content=\"hr_HR\" \/>\n<meta property=\"og:type\" content=\"article\" \/>\n<meta property=\"og:title\" content=\"Mojoj lijepoj zemlji Hrvatskoj 2019. - Gradska knji\u017enica Senj\" \/>\n<meta property=\"og:description\" content=\"OTVORENA 2. BRANITELJSKA IZLO\u017dBA FOTOGRAFIJA \u201eMOJOJ LIJEPOJ ZEMLJI HRVATSKOJ\u201c Uo\u010di i u \u010dast Dana pobjede i domovinske zahvalnosti, Dana hrvatskih branitelja te obljetnice vojno-redarstvene akcije \u201eOluja\u201c u Gradskoj knji\u017enici Senj otvorena je izlo\u017eba fotografija pod nazivom \u201eMojoj lijepoj zemlji Hrvatskoj\u201c. Autori izlo\u017ebe, Mirna Smetana \u0160kurla, Miroslav Martula\u0161, Marino Dobrina, Ante \u0160pani\u0107, Dado Neki\u0107, Kre\u0161imir Ragu\u017e, [&hellip;]\" \/>\n<meta property=\"og:url\" content=\"https:\/\/knjiznice.nsk.hr\/senj\/mojoj-lijepoj-zemlji-hrvatskoj-2019\/\" \/>\n<meta property=\"og:site_name\" content=\"Gradska knji\u017enica Senj\" \/>\n<meta property=\"article:publisher\" content=\"http:\/\/facebook.com\/Gradska-knji%c5%benica-SENJ\" \/>\n<meta property=\"article:published_time\" content=\"2019-08-02T07:04:26+00:00\" \/>\n<meta property=\"og:image\" content=\"http:\/\/knjiznice.nsk.hr\/senj\/wp-content\/uploads\/sites\/60\/2019\/08\/DSC_7010.JPG.resized.jpg\" \/>\n\t<meta property=\"og:image:width\" content=\"640\" \/>\n\t<meta property=\"og:image:height\" content=\"427\" \/>\n<meta name=\"twitter:label1\" content=\"Procijenjeno vrijeme \u010ditanja\" \/>\n\t<meta name=\"twitter:data1\" content=\"2 minute\" \/>\n<script type=\"application\/ld+json\" class=\"yoast-schema-graph\">{\"@context\":\"https:\/\/schema.org\",\"@graph\":[{\"@type\":\"WebSite\",\"@id\":\"https:\/\/knjiznice.nsk.hr\/senj\/#website\",\"url\":\"https:\/\/knjiznice.nsk.hr\/senj\/\",\"name\":\"Gradska knji\\u017enica Senj\",\"description\":\"S vama od 1835. godine\",\"potentialAction\":[{\"@type\":\"SearchAction\",\"target\":\"https:\/\/knjiznice.nsk.hr\/senj\/?s={search_term_string}\",\"query-input\":\"required name=search_term_string\"}],\"inLanguage\":\"hr\"},{\"@type\":\"ImageObject\",\"@id\":\"https:\/\/knjiznice.nsk.hr\/senj\/mojoj-lijepoj-zemlji-hrvatskoj-2019\/#primaryimage\",\"inLanguage\":\"hr\",\"url\":\"https:\/\/knjiznice.nsk.hr\/senj\/wp-content\/uploads\/sites\/60\/2019\/08\/DSC_7010.JPG.resized.jpg\",\"contentUrl\":\"https:\/\/knjiznice.nsk.hr\/senj\/wp-content\/uploads\/sites\/60\/2019\/08\/DSC_7010.JPG.resized.jpg\",\"width\":640,\"height\":427},{\"@type\":\"WebPage\",\"@id\":\"https:\/\/knjiznice.nsk.hr\/senj\/mojoj-lijepoj-zemlji-hrvatskoj-2019\/#webpage\",\"url\":\"https:\/\/knjiznice.nsk.hr\/senj\/mojoj-lijepoj-zemlji-hrvatskoj-2019\/\",\"name\":\"Mojoj lijepoj zemlji Hrvatskoj 2019. - Gradska knji\\u017enica Senj\",\"isPartOf\":{\"@id\":\"https:\/\/knjiznice.nsk.hr\/senj\/#website\"},\"primaryImageOfPage\":{\"@id\":\"https:\/\/knjiznice.nsk.hr\/senj\/mojoj-lijepoj-zemlji-hrvatskoj-2019\/#primaryimage\"},\"datePublished\":\"2019-08-02T07:04:26+00:00\",\"dateModified\":\"2019-08-02T07:04:26+00:00\",\"author\":{\"@id\":\"https:\/\/knjiznice.nsk.hr\/senj\/#\/schema\/person\/c6b0893cdaca205d44fe2c322c042ac7\"},\"breadcrumb\":{\"@id\":\"https:\/\/knjiznice.nsk.hr\/senj\/mojoj-lijepoj-zemlji-hrvatskoj-2019\/#breadcrumb\"},\"inLanguage\":\"hr\",\"potentialAction\":[{\"@type\":\"ReadAction\",\"target\":[\"https:\/\/knjiznice.nsk.hr\/senj\/mojoj-lijepoj-zemlji-hrvatskoj-2019\/\"]}]},{\"@type\":\"BreadcrumbList\",\"@id\":\"https:\/\/knjiznice.nsk.hr\/senj\/mojoj-lijepoj-zemlji-hrvatskoj-2019\/#breadcrumb\",\"itemListElement\":[{\"@type\":\"ListItem\",\"position\":1,\"item\":{\"@type\":\"WebPage\",\"@id\":\"https:\/\/knjiznice.nsk.hr\/senj\/\",\"url\":\"https:\/\/knjiznice.nsk.hr\/senj\/\",\"name\":\"Po\\u010detna stranica\"}},{\"@type\":\"ListItem\",\"position\":2,\"item\":{\"@id\":\"https:\/\/knjiznice.nsk.hr\/senj\/mojoj-lijepoj-zemlji-hrvatskoj-2019\/#webpage\"}}]},{\"@type\":\"Person\",\"@id\":\"https:\/\/knjiznice.nsk.hr\/senj\/#\/schema\/person\/c6b0893cdaca205d44fe2c322c042ac7\",\"name\":\"senj\",\"image\":{\"@type\":\"ImageObject\",\"@id\":\"https:\/\/knjiznice.nsk.hr\/senj\/#personlogo\",\"inLanguage\":\"hr\",\"url\":\"https:\/\/secure.gravatar.com\/avatar\/b00e8e1a99b5ba41772fe68c6bcfd17c?s=96&d=mm&r=g\",\"contentUrl\":\"https:\/\/secure.gravatar.com\/avatar\/b00e8e1a99b5ba41772fe68c6bcfd17c?s=96&d=mm&r=g\",\"caption\":\"senj\"}}]}<\/script>\n<!-- \/ Yoast SEO plugin. -->","_links":{"self":[{"href":"https:\/\/knjiznice.nsk.hr\/senj\/wp-json\/wp\/v2\/posts\/2048"}],"collection":[{"href":"https:\/\/knjiznice.nsk.hr\/senj\/wp-json\/wp\/v2\/posts"}],"about":[{"href":"https:\/\/knjiznice.nsk.hr\/senj\/wp-json\/wp\/v2\/types\/post"}],"author":[{"embeddable":true,"href":"https:\/\/knjiznice.nsk.hr\/senj\/wp-json\/wp\/v2\/users\/58"}],"replies":[{"embeddable":true,"href":"https:\/\/knjiznice.nsk.hr\/senj\/wp-json\/wp\/v2\/comments?post=2048"}],"version-history":[{"count":1,"href":"https:\/\/knjiznice.nsk.hr\/senj\/wp-json\/wp\/v2\/posts\/2048\/revisions"}],"predecessor-version":[{"id":2050,"href":"https:\/\/knjiznice.nsk.hr\/senj\/wp-json\/wp\/v2\/posts\/2048\/revisions\/2050"}],"wp:featuredmedia":[{"embeddable":true,"href":"https:\/\/knjiznice.nsk.hr\/senj\/wp-json\/wp\/v2\/media\/2049"}],"wp:attachment":[{"href":"https:\/\/knjiznice.nsk.hr\/senj\/wp-json\/wp\/v2\/media?parent=2048"}],"wp:term":[{"taxonomy":"category","embeddable":true,"href":"https:\/\/knjiznice.nsk.hr\/senj\/wp-json\/wp\/v2\/categories?post=2048"},{"taxonomy":"post_tag","embeddable":true,"href":"https:\/\/knjiznice.nsk.hr\/senj\/wp-json\/wp\/v2\/tags?post=2048"}],"curies":[{"name":"wp","href":"https:\/\/api.w.org\/{rel}","templated":true}]}}