{"id":2045,"date":"2019-08-01T11:13:26","date_gmt":"2019-08-01T11:13:26","guid":{"rendered":"http:\/\/knjiznice.nsk.hr\/senj\/?p=2045"},"modified":"2019-08-01T11:13:26","modified_gmt":"2019-08-01T11:13:26","slug":"zavrsen-ciklus-djecjih-ljetnih-radionica-srijeda-za-5","status":"publish","type":"post","link":"https:\/\/knjiznice.nsk.hr\/senj\/zavrsen-ciklus-djecjih-ljetnih-radionica-srijeda-za-5\/","title":{"rendered":"ZAVR\u0160EN CIKLUS DJE\u010cJIH LJETNIH RADIONICA \u201eSRIJEDA ZA 5\u201c"},"content":{"rendered":"<p>U srpnju je uspje\u0161no realiziran jo\u0161 jedan ciklus tradicionalnih knji\u017eni\u010dnih ljetnih radionica za djecu pod nazivom \u201eSrijeda za 5\u201c. Na na\u0161oj \u201eknji\u017eni\u010dnoj pla\u017ei\u201c bilo je raznovrsno i zanimljivo:<br \/>\n\u2022\t10.SRPNJA-PREDSTAVA \u201eZNAKOVI ZA NAJMANJE\u201c<br \/>\nDjeca su u\u017eivala u zabavnoj i pou\u010dnoj predstavi zagreba\u010dkog kazali\u0161ta \u201eSmje\u0161ko\u201c pod nazivom \u201eZnakovi za najmanje! Sjajna Mirta Ze\u010devi\u0107 i njezina \u201eprometna ekipa\u201c djeci su na zanimljiv i veseo na\u010din predstavili prometna pravila pa smo svi zajedno mnogo toga nau\u010dili i ponovili o prometu uz naglasak da u prometu moraju biti jako pa\u017eljivi i pje\u0161aci i voza\u010di. Djeca su aktivno sudjelovala u predstavi te velikim pljeskom ispratila ovu divnu predstavu koja je ispunila sva na\u0161a i dje\u010dja o\u010dekivanja.<br \/>\n\u2022\t17.SRPNJA-RADIONICA \u201eLJETO, LJETO SVUDA OKO NAS\u201c<br \/>\nMla\u0111a skupina polaznika pod vodstvom voditeljice Ane izra\u0111ivala je ukrase s morskim i ljetnim motivima. Uz bojanje, lijepljenje i rezanje bilo je i mnogo razgovora i \u010ditanja o ljetnim radostima, a djeci je uprili\u010deno i natjecanje u zagonetkama te igre vje\u0161tine, a  sve to, naravno s tematikom mora i djeci omiljenog ljeta.<br \/>\nStarije polaznike vodila je Ivana kojoj se pridru\u017eila umjetnica Zrinka Ostovi\u0107 koja je za djecu osmislila radionicu stripa. Djeca su nau\u010dila kako nastaju stripovi i koliko je korisno i zabavno \u010ditati iste. Djeca su tako\u0111er hrabro krenula u izradu svojih stripi\u0107a sa zadanom tematikom. Cilj je bio izraditi edukativan strip s morskom tematikom koji \u0107e \u010dita\u010de podu\u010diti pravilnom pona\u0161anju na kupanju te naglasiti da ne smijemo one\u010di\u0161\u0107avati more i pla\u017ee ve\u0107 ih trebamo o\u010duvati za generacije koje dolaze. Sjajni radovi obaju grupa izlo\u017eeni su po panoima i izlozima na\u0161eg Dje\u010djeg odjela kao uspomena na ovo krasno dru\u017eenje s okusom mora i soli.<br \/>\n\u2022\t24. SRPNJA-PREDSTAVA \u201eNININ SVIJET MJEHURI\u0106A\u201c<br \/>\nU goste nam je do\u0161lo zagreba\u010dko dje\u010dje kazali\u0161te \u201eSmje\u0161ko\u201c s veselom i edukativnom predstavom \u201eNinin svijet mjehuri\u0107a\u201c. Predstava nas je puno toga pou\u010dila, spoznali smo mnogo o va\u017enosti sporta, zdrave prehrane i higijene, a usput smo se i odli\u010dno zabavili.<br \/>\nSjajni Danijel Rade\u010di\u0107 izvedbom je odu\u0161evio djecu koja su i ovoga puta dupkom ispunila na\u0161u \u201eknji\u017eni\u010dnu pla\u017eu\u201c.<br \/>\n\u2022\t31.SRPNJA-RADIONICA \u201eIGRAJMO SE ZAJEDNO\u201c<br \/>\nRadi se o zabavno-edukativnim natjecanjima u znanju i vje\u0161tinama kojima je cilj uvje\u017ebati preciznost, koncentraciju, spretnost, brzinu i ravnote\u017eu. Uz to, cilj je bio pokazati djeci kako se i bez \u201e\u010duda moderne tehnologije\u201c mogu sjajno zabaviti.<br \/>\nDjeca su objeru\u010dke prihvatila igre i natjecanja te odista u\u017eivala u zabavnim nadmetanjima -\u201eRibonos\u201c, \u201ePogodi \u0161lauh\u201c, \u201eVeseli mrka\u010d\u201c, \u201eSlijepa lopta\u201c i \u201eVrapci i komarci\u201c. Uz to, pokazala su zavidnu spretnost  pa su rezultati me\u0111u natjecateljima bili tijesni, a  nerijetko i izjedna\u010deni. Uz to, kroz igru i natjecanja, voditeljice Ivana, Zrinka i Ana su na zabavan na\u010din djecu pou\u010dila i o \u017eivotinjama morskoga podneblja.<br \/>\nNajva\u017enije od svega, djeca su spoznala va\u017enost fairplaya, kolegijalnosti te nau\u010dila dostojanstveno gubiti i pobje\u0111ivati. Stoga su svi na\u0161i sjajni natjecatelji s ove radionice iza\u0161li kao pobjednici te ponijeli ku\u0107i medalje kao lijepu uspomenu na ovo na\u0161e veselo, pou\u010dno i dinami\u010dno dru\u017eenje.<br \/>\nHvala brojnim polaznicima na dolasku, lijepom dru\u017eenju i interesu za radionice. U\u017eivali smo rade\u0107i s djecom, a prepun Dje\u010dji odjel kroz cijeli srpanj te nasmijana i zadovoljna dje\u010dja lica najve\u0107a su nam nagrada. Vidimo se i dogodine!<\/p>\n","protected":false},"excerpt":{"rendered":"<p>U srpnju je uspje\u0161no realiziran jo\u0161 jedan ciklus tradicionalnih knji\u017eni\u010dnih ljetnih radionica za djecu pod nazivom \u201eSrijeda za 5\u201c. Na na\u0161oj \u201eknji\u017eni\u010dnoj pla\u017ei\u201c bilo je raznovrsno i zanimljivo: \u2022 10.SRPNJA-PREDSTAVA \u201eZNAKOVI ZA NAJMANJE\u201c Djeca su u\u017eivala u zabavnoj i pou\u010dnoj predstavi zagreba\u010dkog kazali\u0161ta \u201eSmje\u0161ko\u201c pod nazivom \u201eZnakovi za najmanje! Sjajna Mirta Ze\u010devi\u0107 i njezina \u201eprometna [&hellip;]<\/p>\n","protected":false},"author":58,"featured_media":2046,"comment_status":"closed","ping_status":"closed","sticky":false,"template":"","format":"standard","meta":{"ngg_post_thumbnail":0},"categories":[8],"tags":[],"yoast_head":"<!-- This site is optimized with the Yoast SEO plugin v16.4 - https:\/\/yoast.com\/wordpress\/plugins\/seo\/ -->\n<meta name=\"robots\" content=\"index, follow, max-snippet:-1, max-image-preview:large, max-video-preview:-1\" \/>\n<link rel=\"canonical\" href=\"http:\/\/knjiznice.nsk.hr\/senj\/zavrsen-ciklus-djecjih-ljetnih-radionica-srijeda-za-5\/\" \/>\n<meta property=\"og:locale\" content=\"hr_HR\" \/>\n<meta property=\"og:type\" content=\"article\" \/>\n<meta property=\"og:title\" content=\"ZAVR\u0160EN CIKLUS DJE\u010cJIH LJETNIH RADIONICA \u201eSRIJEDA ZA 5\u201c - Gradska knji\u017enica Senj\" \/>\n<meta property=\"og:description\" content=\"U srpnju je uspje\u0161no realiziran jo\u0161 jedan ciklus tradicionalnih knji\u017eni\u010dnih ljetnih radionica za djecu pod nazivom \u201eSrijeda za 5\u201c. Na na\u0161oj \u201eknji\u017eni\u010dnoj pla\u017ei\u201c bilo je raznovrsno i zanimljivo: \u2022 10.SRPNJA-PREDSTAVA \u201eZNAKOVI ZA NAJMANJE\u201c Djeca su u\u017eivala u zabavnoj i pou\u010dnoj predstavi zagreba\u010dkog kazali\u0161ta \u201eSmje\u0161ko\u201c pod nazivom \u201eZnakovi za najmanje! Sjajna Mirta Ze\u010devi\u0107 i njezina \u201eprometna [&hellip;]\" \/>\n<meta property=\"og:url\" content=\"http:\/\/knjiznice.nsk.hr\/senj\/zavrsen-ciklus-djecjih-ljetnih-radionica-srijeda-za-5\/\" \/>\n<meta property=\"og:site_name\" content=\"Gradska knji\u017enica Senj\" \/>\n<meta property=\"article:publisher\" content=\"http:\/\/facebook.com\/Gradska-knji%c5%benica-SENJ\" \/>\n<meta property=\"article:published_time\" content=\"2019-08-01T11:13:26+00:00\" \/>\n<meta property=\"og:image\" content=\"http:\/\/knjiznice.nsk.hr\/senj\/wp-content\/uploads\/sites\/60\/2019\/08\/IMG_20190731_211510.jpg\" \/>\n\t<meta property=\"og:image:width\" content=\"1062\" \/>\n\t<meta property=\"og:image:height\" content=\"1001\" \/>\n<meta name=\"twitter:label1\" content=\"Procijenjeno vrijeme \u010ditanja\" \/>\n\t<meta name=\"twitter:data1\" content=\"3 minute\" \/>\n<script type=\"application\/ld+json\" class=\"yoast-schema-graph\">{\"@context\":\"https:\/\/schema.org\",\"@graph\":[{\"@type\":\"WebSite\",\"@id\":\"https:\/\/knjiznice.nsk.hr\/senj\/#website\",\"url\":\"https:\/\/knjiznice.nsk.hr\/senj\/\",\"name\":\"Gradska knji\\u017enica Senj\",\"description\":\"S vama od 1835. godine\",\"potentialAction\":[{\"@type\":\"SearchAction\",\"target\":\"https:\/\/knjiznice.nsk.hr\/senj\/?s={search_term_string}\",\"query-input\":\"required name=search_term_string\"}],\"inLanguage\":\"hr\"},{\"@type\":\"ImageObject\",\"@id\":\"http:\/\/knjiznice.nsk.hr\/senj\/zavrsen-ciklus-djecjih-ljetnih-radionica-srijeda-za-5\/#primaryimage\",\"inLanguage\":\"hr\",\"url\":\"https:\/\/knjiznice.nsk.hr\/senj\/wp-content\/uploads\/sites\/60\/2019\/08\/IMG_20190731_211510.jpg\",\"contentUrl\":\"https:\/\/knjiznice.nsk.hr\/senj\/wp-content\/uploads\/sites\/60\/2019\/08\/IMG_20190731_211510.jpg\",\"width\":1062,\"height\":1001},{\"@type\":\"WebPage\",\"@id\":\"http:\/\/knjiznice.nsk.hr\/senj\/zavrsen-ciklus-djecjih-ljetnih-radionica-srijeda-za-5\/#webpage\",\"url\":\"http:\/\/knjiznice.nsk.hr\/senj\/zavrsen-ciklus-djecjih-ljetnih-radionica-srijeda-za-5\/\",\"name\":\"ZAVR\\u0160EN CIKLUS DJE\\u010cJIH LJETNIH RADIONICA \\u201eSRIJEDA ZA 5\\u201c - Gradska knji\\u017enica Senj\",\"isPartOf\":{\"@id\":\"https:\/\/knjiznice.nsk.hr\/senj\/#website\"},\"primaryImageOfPage\":{\"@id\":\"http:\/\/knjiznice.nsk.hr\/senj\/zavrsen-ciklus-djecjih-ljetnih-radionica-srijeda-za-5\/#primaryimage\"},\"datePublished\":\"2019-08-01T11:13:26+00:00\",\"dateModified\":\"2019-08-01T11:13:26+00:00\",\"author\":{\"@id\":\"https:\/\/knjiznice.nsk.hr\/senj\/#\/schema\/person\/c6b0893cdaca205d44fe2c322c042ac7\"},\"breadcrumb\":{\"@id\":\"http:\/\/knjiznice.nsk.hr\/senj\/zavrsen-ciklus-djecjih-ljetnih-radionica-srijeda-za-5\/#breadcrumb\"},\"inLanguage\":\"hr\",\"potentialAction\":[{\"@type\":\"ReadAction\",\"target\":[\"http:\/\/knjiznice.nsk.hr\/senj\/zavrsen-ciklus-djecjih-ljetnih-radionica-srijeda-za-5\/\"]}]},{\"@type\":\"BreadcrumbList\",\"@id\":\"http:\/\/knjiznice.nsk.hr\/senj\/zavrsen-ciklus-djecjih-ljetnih-radionica-srijeda-za-5\/#breadcrumb\",\"itemListElement\":[{\"@type\":\"ListItem\",\"position\":1,\"item\":{\"@type\":\"WebPage\",\"@id\":\"https:\/\/knjiznice.nsk.hr\/senj\/\",\"url\":\"https:\/\/knjiznice.nsk.hr\/senj\/\",\"name\":\"Po\\u010detna stranica\"}},{\"@type\":\"ListItem\",\"position\":2,\"item\":{\"@id\":\"http:\/\/knjiznice.nsk.hr\/senj\/zavrsen-ciklus-djecjih-ljetnih-radionica-srijeda-za-5\/#webpage\"}}]},{\"@type\":\"Person\",\"@id\":\"https:\/\/knjiznice.nsk.hr\/senj\/#\/schema\/person\/c6b0893cdaca205d44fe2c322c042ac7\",\"name\":\"senj\",\"image\":{\"@type\":\"ImageObject\",\"@id\":\"https:\/\/knjiznice.nsk.hr\/senj\/#personlogo\",\"inLanguage\":\"hr\",\"url\":\"https:\/\/secure.gravatar.com\/avatar\/b00e8e1a99b5ba41772fe68c6bcfd17c?s=96&d=mm&r=g\",\"contentUrl\":\"https:\/\/secure.gravatar.com\/avatar\/b00e8e1a99b5ba41772fe68c6bcfd17c?s=96&d=mm&r=g\",\"caption\":\"senj\"}}]}<\/script>\n<!-- \/ Yoast SEO plugin. -->","_links":{"self":[{"href":"https:\/\/knjiznice.nsk.hr\/senj\/wp-json\/wp\/v2\/posts\/2045"}],"collection":[{"href":"https:\/\/knjiznice.nsk.hr\/senj\/wp-json\/wp\/v2\/posts"}],"about":[{"href":"https:\/\/knjiznice.nsk.hr\/senj\/wp-json\/wp\/v2\/types\/post"}],"author":[{"embeddable":true,"href":"https:\/\/knjiznice.nsk.hr\/senj\/wp-json\/wp\/v2\/users\/58"}],"replies":[{"embeddable":true,"href":"https:\/\/knjiznice.nsk.hr\/senj\/wp-json\/wp\/v2\/comments?post=2045"}],"version-history":[{"count":1,"href":"https:\/\/knjiznice.nsk.hr\/senj\/wp-json\/wp\/v2\/posts\/2045\/revisions"}],"predecessor-version":[{"id":2047,"href":"https:\/\/knjiznice.nsk.hr\/senj\/wp-json\/wp\/v2\/posts\/2045\/revisions\/2047"}],"wp:featuredmedia":[{"embeddable":true,"href":"https:\/\/knjiznice.nsk.hr\/senj\/wp-json\/wp\/v2\/media\/2046"}],"wp:attachment":[{"href":"https:\/\/knjiznice.nsk.hr\/senj\/wp-json\/wp\/v2\/media?parent=2045"}],"wp:term":[{"taxonomy":"category","embeddable":true,"href":"https:\/\/knjiznice.nsk.hr\/senj\/wp-json\/wp\/v2\/categories?post=2045"},{"taxonomy":"post_tag","embeddable":true,"href":"https:\/\/knjiznice.nsk.hr\/senj\/wp-json\/wp\/v2\/tags?post=2045"}],"curies":[{"name":"wp","href":"https:\/\/api.w.org\/{rel}","templated":true}]}}