{"id":1933,"date":"2019-04-15T09:13:04","date_gmt":"2019-04-15T09:13:04","guid":{"rendered":"http:\/\/knjiznice.nsk.hr\/senj\/?p=1933"},"modified":"2019-04-15T09:13:40","modified_gmt":"2019-04-15T09:13:40","slug":"promocija-knjige-ede-popovica-covjek-i-planina","status":"publish","type":"post","link":"https:\/\/knjiznice.nsk.hr\/senj\/promocija-knjige-ede-popovica-covjek-i-planina\/","title":{"rendered":"NAJAVA PROMOCIJE KNJIGE EDE POPOVI\u0106A &#8220;\u010cOVJEK I PLANINA&#8221;"},"content":{"rendered":"<p>U SKLOPU NO\u0106I KNJIGE<br \/>\nGRADSKA KNJI\u017dNICA SENJ I<br \/>\nNACIONALNI PARK SJEVERNI VELEBIT<br \/>\nSA ZADOVOLJSTVOM VAS POZIVANJU NA <\/p>\n<p>PROMOCIJU KNJIGE<br \/>\nEDE POPOVI\u0106A<br \/>\n\u201e\u010cOVJEK I PLANINA\u201c<br \/>\nKratki uvod u sjeverni Velebit<\/p>\n<p>Gradska knji\u017enica Senj, \u010detvrtak, 25.travnja 2019.g, 18 h<\/p>\n<p>Edo Popovi\u0107, istaknuti hrvatski knji\u017eevnik i zaljubljenik u na\u0161 Velebit predstavit \u0107e nam svoju tre\u0107u knjigu posve\u0107enu najve\u0107oj hrvatskoj planini. <\/p>\n<p>Ovaj intimni osvrt na planinu i sve \u0161to ona za autora zna\u010di oplemenjen je i prekrasnim fotografijama legende sjevernog Velebita Ante Vuku\u0161i\u0107a.<\/p>\n<p>U programu promocije sudjeluju:<\/p>\n<p>Edo Popovi\u0107 i Ante Vuku\u0161i\u0107<br \/>\nmoderator Ana Prpi\u0107 Rogi\u0107<br \/>\nglazbenik Nenad Petkovi\u0107<\/p>\n<p>Veselimo se Va\u0161em dolasku!<\/p>\n","protected":false},"excerpt":{"rendered":"<p>U SKLOPU NO\u0106I KNJIGE GRADSKA KNJI\u017dNICA SENJ I NACIONALNI PARK SJEVERNI VELEBIT SA ZADOVOLJSTVOM VAS POZIVANJU NA PROMOCIJU KNJIGE EDE POPOVI\u0106A \u201e\u010cOVJEK I PLANINA\u201c Kratki uvod u sjeverni Velebit Gradska knji\u017enica Senj, \u010detvrtak, 25.travnja 2019.g, 18 h Edo Popovi\u0107, istaknuti hrvatski knji\u017eevnik i zaljubljenik u na\u0161 Velebit predstavit \u0107e nam svoju tre\u0107u knjigu posve\u0107enu najve\u0107oj [&hellip;]<\/p>\n","protected":false},"author":58,"featured_media":1934,"comment_status":"closed","ping_status":"closed","sticky":false,"template":"","format":"standard","meta":{"ngg_post_thumbnail":0},"categories":[1],"tags":[],"yoast_head":"<!-- This site is optimized with the Yoast SEO plugin v16.4 - https:\/\/yoast.com\/wordpress\/plugins\/seo\/ -->\n<meta name=\"robots\" content=\"index, follow, max-snippet:-1, max-image-preview:large, max-video-preview:-1\" \/>\n<link rel=\"canonical\" href=\"http:\/\/knjiznice.nsk.hr\/senj\/promocija-knjige-ede-popovica-covjek-i-planina\/\" \/>\n<meta property=\"og:locale\" content=\"hr_HR\" \/>\n<meta property=\"og:type\" content=\"article\" \/>\n<meta property=\"og:title\" content=\"NAJAVA PROMOCIJE KNJIGE EDE POPOVI\u0106A &quot;\u010cOVJEK I PLANINA&quot; - Gradska knji\u017enica Senj\" \/>\n<meta property=\"og:description\" content=\"U SKLOPU NO\u0106I KNJIGE GRADSKA KNJI\u017dNICA SENJ I NACIONALNI PARK SJEVERNI VELEBIT SA ZADOVOLJSTVOM VAS POZIVANJU NA PROMOCIJU KNJIGE EDE POPOVI\u0106A \u201e\u010cOVJEK I PLANINA\u201c Kratki uvod u sjeverni Velebit Gradska knji\u017enica Senj, \u010detvrtak, 25.travnja 2019.g, 18 h Edo Popovi\u0107, istaknuti hrvatski knji\u017eevnik i zaljubljenik u na\u0161 Velebit predstavit \u0107e nam svoju tre\u0107u knjigu posve\u0107enu najve\u0107oj [&hellip;]\" \/>\n<meta property=\"og:url\" content=\"http:\/\/knjiznice.nsk.hr\/senj\/promocija-knjige-ede-popovica-covjek-i-planina\/\" \/>\n<meta property=\"og:site_name\" content=\"Gradska knji\u017enica Senj\" \/>\n<meta property=\"article:publisher\" content=\"http:\/\/facebook.com\/Gradska-knji%c5%benica-SENJ\" \/>\n<meta property=\"article:published_time\" content=\"2019-04-15T09:13:04+00:00\" \/>\n<meta property=\"article:modified_time\" content=\"2019-04-15T09:13:40+00:00\" \/>\n<meta property=\"og:image\" content=\"http:\/\/knjiznice.nsk.hr\/senj\/wp-content\/uploads\/sites\/60\/2019\/04\/IMG_20190403_102756.jpg.resized.jpg\" \/>\n\t<meta property=\"og:image:width\" content=\"537\" \/>\n\t<meta property=\"og:image:height\" content=\"480\" \/>\n<meta name=\"twitter:label1\" content=\"Procijenjeno vrijeme \u010ditanja\" \/>\n\t<meta name=\"twitter:data1\" content=\"1 minuta\" \/>\n<script type=\"application\/ld+json\" class=\"yoast-schema-graph\">{\"@context\":\"https:\/\/schema.org\",\"@graph\":[{\"@type\":\"WebSite\",\"@id\":\"https:\/\/knjiznice.nsk.hr\/senj\/#website\",\"url\":\"https:\/\/knjiznice.nsk.hr\/senj\/\",\"name\":\"Gradska knji\\u017enica Senj\",\"description\":\"S vama od 1835. godine\",\"potentialAction\":[{\"@type\":\"SearchAction\",\"target\":\"https:\/\/knjiznice.nsk.hr\/senj\/?s={search_term_string}\",\"query-input\":\"required name=search_term_string\"}],\"inLanguage\":\"hr\"},{\"@type\":\"ImageObject\",\"@id\":\"http:\/\/knjiznice.nsk.hr\/senj\/promocija-knjige-ede-popovica-covjek-i-planina\/#primaryimage\",\"inLanguage\":\"hr\",\"url\":\"https:\/\/knjiznice.nsk.hr\/senj\/wp-content\/uploads\/sites\/60\/2019\/04\/IMG_20190403_102756.jpg.resized.jpg\",\"contentUrl\":\"https:\/\/knjiznice.nsk.hr\/senj\/wp-content\/uploads\/sites\/60\/2019\/04\/IMG_20190403_102756.jpg.resized.jpg\",\"width\":537,\"height\":480},{\"@type\":\"WebPage\",\"@id\":\"http:\/\/knjiznice.nsk.hr\/senj\/promocija-knjige-ede-popovica-covjek-i-planina\/#webpage\",\"url\":\"http:\/\/knjiznice.nsk.hr\/senj\/promocija-knjige-ede-popovica-covjek-i-planina\/\",\"name\":\"NAJAVA PROMOCIJE KNJIGE EDE POPOVI\\u0106A \\\"\\u010cOVJEK I PLANINA\\\" - Gradska knji\\u017enica Senj\",\"isPartOf\":{\"@id\":\"https:\/\/knjiznice.nsk.hr\/senj\/#website\"},\"primaryImageOfPage\":{\"@id\":\"http:\/\/knjiznice.nsk.hr\/senj\/promocija-knjige-ede-popovica-covjek-i-planina\/#primaryimage\"},\"datePublished\":\"2019-04-15T09:13:04+00:00\",\"dateModified\":\"2019-04-15T09:13:40+00:00\",\"author\":{\"@id\":\"https:\/\/knjiznice.nsk.hr\/senj\/#\/schema\/person\/c6b0893cdaca205d44fe2c322c042ac7\"},\"breadcrumb\":{\"@id\":\"http:\/\/knjiznice.nsk.hr\/senj\/promocija-knjige-ede-popovica-covjek-i-planina\/#breadcrumb\"},\"inLanguage\":\"hr\",\"potentialAction\":[{\"@type\":\"ReadAction\",\"target\":[\"http:\/\/knjiznice.nsk.hr\/senj\/promocija-knjige-ede-popovica-covjek-i-planina\/\"]}]},{\"@type\":\"BreadcrumbList\",\"@id\":\"http:\/\/knjiznice.nsk.hr\/senj\/promocija-knjige-ede-popovica-covjek-i-planina\/#breadcrumb\",\"itemListElement\":[{\"@type\":\"ListItem\",\"position\":1,\"item\":{\"@type\":\"WebPage\",\"@id\":\"https:\/\/knjiznice.nsk.hr\/senj\/\",\"url\":\"https:\/\/knjiznice.nsk.hr\/senj\/\",\"name\":\"Po\\u010detna stranica\"}},{\"@type\":\"ListItem\",\"position\":2,\"item\":{\"@id\":\"http:\/\/knjiznice.nsk.hr\/senj\/promocija-knjige-ede-popovica-covjek-i-planina\/#webpage\"}}]},{\"@type\":\"Person\",\"@id\":\"https:\/\/knjiznice.nsk.hr\/senj\/#\/schema\/person\/c6b0893cdaca205d44fe2c322c042ac7\",\"name\":\"senj\",\"image\":{\"@type\":\"ImageObject\",\"@id\":\"https:\/\/knjiznice.nsk.hr\/senj\/#personlogo\",\"inLanguage\":\"hr\",\"url\":\"https:\/\/secure.gravatar.com\/avatar\/b00e8e1a99b5ba41772fe68c6bcfd17c?s=96&d=mm&r=g\",\"contentUrl\":\"https:\/\/secure.gravatar.com\/avatar\/b00e8e1a99b5ba41772fe68c6bcfd17c?s=96&d=mm&r=g\",\"caption\":\"senj\"}}]}<\/script>\n<!-- \/ Yoast SEO plugin. -->","_links":{"self":[{"href":"https:\/\/knjiznice.nsk.hr\/senj\/wp-json\/wp\/v2\/posts\/1933"}],"collection":[{"href":"https:\/\/knjiznice.nsk.hr\/senj\/wp-json\/wp\/v2\/posts"}],"about":[{"href":"https:\/\/knjiznice.nsk.hr\/senj\/wp-json\/wp\/v2\/types\/post"}],"author":[{"embeddable":true,"href":"https:\/\/knjiznice.nsk.hr\/senj\/wp-json\/wp\/v2\/users\/58"}],"replies":[{"embeddable":true,"href":"https:\/\/knjiznice.nsk.hr\/senj\/wp-json\/wp\/v2\/comments?post=1933"}],"version-history":[{"count":2,"href":"https:\/\/knjiznice.nsk.hr\/senj\/wp-json\/wp\/v2\/posts\/1933\/revisions"}],"predecessor-version":[{"id":1936,"href":"https:\/\/knjiznice.nsk.hr\/senj\/wp-json\/wp\/v2\/posts\/1933\/revisions\/1936"}],"wp:featuredmedia":[{"embeddable":true,"href":"https:\/\/knjiznice.nsk.hr\/senj\/wp-json\/wp\/v2\/media\/1934"}],"wp:attachment":[{"href":"https:\/\/knjiznice.nsk.hr\/senj\/wp-json\/wp\/v2\/media?parent=1933"}],"wp:term":[{"taxonomy":"category","embeddable":true,"href":"https:\/\/knjiznice.nsk.hr\/senj\/wp-json\/wp\/v2\/categories?post=1933"},{"taxonomy":"post_tag","embeddable":true,"href":"https:\/\/knjiznice.nsk.hr\/senj\/wp-json\/wp\/v2\/tags?post=1933"}],"curies":[{"name":"wp","href":"https:\/\/api.w.org\/{rel}","templated":true}]}}