{"id":1930,"date":"2019-04-15T09:12:00","date_gmt":"2019-04-15T09:12:00","guid":{"rendered":"http:\/\/knjiznice.nsk.hr\/senj\/?p=1930"},"modified":"2019-04-15T09:12:00","modified_gmt":"2019-04-15T09:12:00","slug":"noc-knjige-u-gradskoj-knjiznici-senj","status":"publish","type":"post","link":"https:\/\/knjiznice.nsk.hr\/senj\/noc-knjige-u-gradskoj-knjiznici-senj\/","title":{"rendered":"NO\u0106 KNJIGE U GRADSKOJ KNJI\u017dNICI SENJ"},"content":{"rendered":"<p>\u010cETVRTAK, 25. travnja 2019.- 18.00 h <\/p>\n<p>Program:<br \/>\n\uf076\t18.00 h &#8211; Knji\u017eevna ve\u010der- promocija knjige Ede Popovi\u0107a \u201e\u010covjek i planina\u201c<br \/>\n                                   (suradnja s NP Sjeverni Velebit)<\/p>\n<p>\uf076\tU nastavku ve\u010deri:<br \/>\n\uf0d8\tIzlo\u017eba povodom 160. godi\u0161njice ro\u0111enja senjskog knji\u017eevnog velikana Vjenceslava Novaka<br \/>\n\uf0d8\tDarko Antolkovi\u0107-izlo\u017eba fotografija \u201eU potrazi za frankopanskim posjedima\u201c<\/p>\n<p>\uf0d8\tAkcija \u201eKnjige od srca\u201c\u2013 humanitarna prodaja knjiga u suradnji s Humanitarnom udrugom \u201eBura\u201c;<\/p>\n<p>\uf0d8\tProgram \u201eProslavimo zajedno\u201c:<br \/>\n-posudba knjiga i kori\u0161tenje AV gra\u0111e kroz cijelu no\u0107,<br \/>\n-nagradna tombola,<br \/>\n-oprost zakasnine,<br \/>\n-zakuska.<\/p>\n<p>\uf076\tU glazbenom dijelu programa nastupa Nenad Petkovi\u0107!<\/p>\n<p>Veselimo se Va\u0161em dolasku!<\/p>\n","protected":false},"excerpt":{"rendered":"<p>\u010cETVRTAK, 25. travnja 2019.- 18.00 h Program: \uf076 18.00 h &#8211; Knji\u017eevna ve\u010der- promocija knjige Ede Popovi\u0107a \u201e\u010covjek i planina\u201c (suradnja s NP Sjeverni Velebit) \uf076 U nastavku ve\u010deri: \uf0d8 Izlo\u017eba povodom 160. godi\u0161njice ro\u0111enja senjskog knji\u017eevnog velikana Vjenceslava Novaka \uf0d8 Darko Antolkovi\u0107-izlo\u017eba fotografija \u201eU potrazi za frankopanskim posjedima\u201c \uf0d8 Akcija \u201eKnjige od srca\u201c\u2013 humanitarna [&hellip;]<\/p>\n","protected":false},"author":58,"featured_media":1931,"comment_status":"closed","ping_status":"closed","sticky":false,"template":"","format":"standard","meta":{"ngg_post_thumbnail":0},"categories":[1],"tags":[],"yoast_head":"<!-- This site is optimized with the Yoast SEO plugin v16.4 - https:\/\/yoast.com\/wordpress\/plugins\/seo\/ -->\n<meta name=\"robots\" content=\"index, follow, max-snippet:-1, max-image-preview:large, max-video-preview:-1\" \/>\n<link rel=\"canonical\" href=\"https:\/\/knjiznice.nsk.hr\/senj\/noc-knjige-u-gradskoj-knjiznici-senj\/\" \/>\n<meta property=\"og:locale\" content=\"hr_HR\" \/>\n<meta property=\"og:type\" content=\"article\" \/>\n<meta property=\"og:title\" content=\"NO\u0106 KNJIGE U GRADSKOJ KNJI\u017dNICI SENJ - Gradska knji\u017enica Senj\" \/>\n<meta property=\"og:description\" content=\"\u010cETVRTAK, 25. travnja 2019.- 18.00 h Program: \uf076 18.00 h &#8211; Knji\u017eevna ve\u010der- promocija knjige Ede Popovi\u0107a \u201e\u010covjek i planina\u201c (suradnja s NP Sjeverni Velebit) \uf076 U nastavku ve\u010deri: \uf0d8 Izlo\u017eba povodom 160. godi\u0161njice ro\u0111enja senjskog knji\u017eevnog velikana Vjenceslava Novaka \uf0d8 Darko Antolkovi\u0107-izlo\u017eba fotografija \u201eU potrazi za frankopanskim posjedima\u201c \uf0d8 Akcija \u201eKnjige od srca\u201c\u2013 humanitarna [&hellip;]\" \/>\n<meta property=\"og:url\" content=\"https:\/\/knjiznice.nsk.hr\/senj\/noc-knjige-u-gradskoj-knjiznici-senj\/\" \/>\n<meta property=\"og:site_name\" content=\"Gradska knji\u017enica Senj\" \/>\n<meta property=\"article:publisher\" content=\"http:\/\/facebook.com\/Gradska-knji%c5%benica-SENJ\" \/>\n<meta property=\"article:published_time\" content=\"2019-04-15T09:12:00+00:00\" \/>\n<meta property=\"og:image\" content=\"http:\/\/knjiznice.nsk.hr\/senj\/wp-content\/uploads\/sites\/60\/2019\/04\/IMG_20190403_104624.jpg.resized.jpg\" \/>\n\t<meta property=\"og:image:width\" content=\"536\" \/>\n\t<meta property=\"og:image:height\" content=\"480\" \/>\n<script type=\"application\/ld+json\" class=\"yoast-schema-graph\">{\"@context\":\"https:\/\/schema.org\",\"@graph\":[{\"@type\":\"WebSite\",\"@id\":\"https:\/\/knjiznice.nsk.hr\/senj\/#website\",\"url\":\"https:\/\/knjiznice.nsk.hr\/senj\/\",\"name\":\"Gradska knji\\u017enica Senj\",\"description\":\"S vama od 1835. godine\",\"potentialAction\":[{\"@type\":\"SearchAction\",\"target\":\"https:\/\/knjiznice.nsk.hr\/senj\/?s={search_term_string}\",\"query-input\":\"required name=search_term_string\"}],\"inLanguage\":\"hr\"},{\"@type\":\"ImageObject\",\"@id\":\"https:\/\/knjiznice.nsk.hr\/senj\/noc-knjige-u-gradskoj-knjiznici-senj\/#primaryimage\",\"inLanguage\":\"hr\",\"url\":\"https:\/\/knjiznice.nsk.hr\/senj\/wp-content\/uploads\/sites\/60\/2019\/04\/IMG_20190403_104624.jpg.resized.jpg\",\"contentUrl\":\"https:\/\/knjiznice.nsk.hr\/senj\/wp-content\/uploads\/sites\/60\/2019\/04\/IMG_20190403_104624.jpg.resized.jpg\",\"width\":536,\"height\":480},{\"@type\":\"WebPage\",\"@id\":\"https:\/\/knjiznice.nsk.hr\/senj\/noc-knjige-u-gradskoj-knjiznici-senj\/#webpage\",\"url\":\"https:\/\/knjiznice.nsk.hr\/senj\/noc-knjige-u-gradskoj-knjiznici-senj\/\",\"name\":\"NO\\u0106 KNJIGE U GRADSKOJ KNJI\\u017dNICI SENJ - Gradska knji\\u017enica Senj\",\"isPartOf\":{\"@id\":\"https:\/\/knjiznice.nsk.hr\/senj\/#website\"},\"primaryImageOfPage\":{\"@id\":\"https:\/\/knjiznice.nsk.hr\/senj\/noc-knjige-u-gradskoj-knjiznici-senj\/#primaryimage\"},\"datePublished\":\"2019-04-15T09:12:00+00:00\",\"dateModified\":\"2019-04-15T09:12:00+00:00\",\"author\":{\"@id\":\"https:\/\/knjiznice.nsk.hr\/senj\/#\/schema\/person\/c6b0893cdaca205d44fe2c322c042ac7\"},\"breadcrumb\":{\"@id\":\"https:\/\/knjiznice.nsk.hr\/senj\/noc-knjige-u-gradskoj-knjiznici-senj\/#breadcrumb\"},\"inLanguage\":\"hr\",\"potentialAction\":[{\"@type\":\"ReadAction\",\"target\":[\"https:\/\/knjiznice.nsk.hr\/senj\/noc-knjige-u-gradskoj-knjiznici-senj\/\"]}]},{\"@type\":\"BreadcrumbList\",\"@id\":\"https:\/\/knjiznice.nsk.hr\/senj\/noc-knjige-u-gradskoj-knjiznici-senj\/#breadcrumb\",\"itemListElement\":[{\"@type\":\"ListItem\",\"position\":1,\"item\":{\"@type\":\"WebPage\",\"@id\":\"https:\/\/knjiznice.nsk.hr\/senj\/\",\"url\":\"https:\/\/knjiznice.nsk.hr\/senj\/\",\"name\":\"Po\\u010detna stranica\"}},{\"@type\":\"ListItem\",\"position\":2,\"item\":{\"@id\":\"https:\/\/knjiznice.nsk.hr\/senj\/noc-knjige-u-gradskoj-knjiznici-senj\/#webpage\"}}]},{\"@type\":\"Person\",\"@id\":\"https:\/\/knjiznice.nsk.hr\/senj\/#\/schema\/person\/c6b0893cdaca205d44fe2c322c042ac7\",\"name\":\"senj\",\"image\":{\"@type\":\"ImageObject\",\"@id\":\"https:\/\/knjiznice.nsk.hr\/senj\/#personlogo\",\"inLanguage\":\"hr\",\"url\":\"https:\/\/secure.gravatar.com\/avatar\/b00e8e1a99b5ba41772fe68c6bcfd17c?s=96&d=mm&r=g\",\"contentUrl\":\"https:\/\/secure.gravatar.com\/avatar\/b00e8e1a99b5ba41772fe68c6bcfd17c?s=96&d=mm&r=g\",\"caption\":\"senj\"}}]}<\/script>\n<!-- \/ Yoast SEO plugin. -->","_links":{"self":[{"href":"https:\/\/knjiznice.nsk.hr\/senj\/wp-json\/wp\/v2\/posts\/1930"}],"collection":[{"href":"https:\/\/knjiznice.nsk.hr\/senj\/wp-json\/wp\/v2\/posts"}],"about":[{"href":"https:\/\/knjiznice.nsk.hr\/senj\/wp-json\/wp\/v2\/types\/post"}],"author":[{"embeddable":true,"href":"https:\/\/knjiznice.nsk.hr\/senj\/wp-json\/wp\/v2\/users\/58"}],"replies":[{"embeddable":true,"href":"https:\/\/knjiznice.nsk.hr\/senj\/wp-json\/wp\/v2\/comments?post=1930"}],"version-history":[{"count":1,"href":"https:\/\/knjiznice.nsk.hr\/senj\/wp-json\/wp\/v2\/posts\/1930\/revisions"}],"predecessor-version":[{"id":1932,"href":"https:\/\/knjiznice.nsk.hr\/senj\/wp-json\/wp\/v2\/posts\/1930\/revisions\/1932"}],"wp:featuredmedia":[{"embeddable":true,"href":"https:\/\/knjiznice.nsk.hr\/senj\/wp-json\/wp\/v2\/media\/1931"}],"wp:attachment":[{"href":"https:\/\/knjiznice.nsk.hr\/senj\/wp-json\/wp\/v2\/media?parent=1930"}],"wp:term":[{"taxonomy":"category","embeddable":true,"href":"https:\/\/knjiznice.nsk.hr\/senj\/wp-json\/wp\/v2\/categories?post=1930"},{"taxonomy":"post_tag","embeddable":true,"href":"https:\/\/knjiznice.nsk.hr\/senj\/wp-json\/wp\/v2\/tags?post=1930"}],"curies":[{"name":"wp","href":"https:\/\/api.w.org\/{rel}","templated":true}]}}