{"id":1927,"date":"2019-04-15T09:10:25","date_gmt":"2019-04-15T09:10:25","guid":{"rendered":"http:\/\/knjiznice.nsk.hr\/senj\/?p=1927"},"modified":"2019-04-15T09:10:25","modified_gmt":"2019-04-15T09:10:25","slug":"programi-gradske-knjiznice-senj-u-povodu-dana-grada-senja-i-noci-knjige-2019-g","status":"publish","type":"post","link":"https:\/\/knjiznice.nsk.hr\/senj\/programi-gradske-knjiznice-senj-u-povodu-dana-grada-senja-i-noci-knjige-2019-g\/","title":{"rendered":"PROGRAMI GRADSKE KNJI\u017dNICE SENJ U POVODU DANA GRADA SENJA i NO\u0106I KNJIGE 2019.g:"},"content":{"rendered":"<p>1.\tSENJU GRADU \u2013 edukativni program posve\u0107en na\u0161eg gradu<br \/>\nSRIJEDA-24. travnja-9.40 h, Gradska knji\u017enica Senj<br \/>\n(organizator: Gradska knji\u017enica Senj i Srednja \u0161kola Pavla Rittera Vitezovi\u0107a Senj)<\/p>\n<p>2.\tPROMOCIJA TEMATSKOG PUTA CRVENOKOSE ZORE<br \/>\nSRIJEDA-24. travnja-11.30-obilazak kre\u0107e na dnu stepenica pored gimnazije<br \/>\n(organizatori: Turisti\u010dka zajednica Grada Senja, Gradska knji\u017enica Senj i Osnovna<br \/>\n\u0161kola S. S. Kranj\u010devi\u0107a Senj)<\/p>\n<p>3.\tPROMOCIJA ZAVI\u010cAJNE SLIKOVNICE OLUJI\u0106-TOMAI\u0106-OSTOVI\u0106-SENJSKI ZMAJ<br \/>\n\u010cETVRTAK-25.travnja-13 h, Gradska knji\u017enica Senj<br \/>\n(organizator: Gradska knji\u017enica Senj)<\/p>\n<p>4.\tNO\u0106 KNJIGE U GRADSKOJ KNJI\u017dNICI SENJ-gostovanje knji\u017eevnika Ede Popovi\u0107a i bogati program do 1 sat iza pono\u0107i<br \/>\n\u010cETVRTAK, 25. travnja 2019. g. s po\u010detkom u 18.00 h -Gradska knji\u017enica Senj<\/p>\n<p>Program:<br \/>\n\uf0fc\t18.00 h &#8211; Knji\u017eevna ve\u010der- promocija knjige Ede Popovi\u0107a \u010covjek i planina (suradnja s NP Sjeverni Velebit)<\/p>\n<p>\uf0fc\tU nastavku ve\u010deri:<br \/>\n\uf0fc\tAkcija Knjige od srca\u2013 humanitarna prodaja knjiga u suradnji s Humanitarnom udrugom Bura;<br \/>\n\uf0fc\tIzlo\u017eba povodom 160. godi\u0161njice ro\u0111enja senjskog knji\u017eevnog velikana Vjenceslava Novaka<br \/>\n\uf0fc\tDarko Antolkovi\u0107-izlo\u017eba fotografija U potrazi za frankopanskim posjedima<br \/>\n\uf0fc\tProgram Proslavimo zajedno:<br \/>\n-posudba knjiga i kori\u0161tenje AV gra\u0111e kroz cijelu no\u0107,<br \/>\n-nagradna tombola,<br \/>\n-oprost zakasnine,<br \/>\n-zakuska.<\/p>\n<p>U glazbenom dijelu programa nastupa Nenad Petkovi\u0107!<\/p>\n<p>DOBRO NAM DO\u0160LI!<\/p>\n","protected":false},"excerpt":{"rendered":"<p>1. SENJU GRADU \u2013 edukativni program posve\u0107en na\u0161eg gradu SRIJEDA-24. travnja-9.40 h, Gradska knji\u017enica Senj (organizator: Gradska knji\u017enica Senj i Srednja \u0161kola Pavla Rittera Vitezovi\u0107a Senj) 2. PROMOCIJA TEMATSKOG PUTA CRVENOKOSE ZORE SRIJEDA-24. travnja-11.30-obilazak kre\u0107e na dnu stepenica pored gimnazije (organizatori: Turisti\u010dka zajednica Grada Senja, Gradska knji\u017enica Senj i Osnovna \u0161kola S. S. Kranj\u010devi\u0107a Senj) [&hellip;]<\/p>\n","protected":false},"author":58,"featured_media":1928,"comment_status":"closed","ping_status":"closed","sticky":false,"template":"","format":"standard","meta":{"ngg_post_thumbnail":0},"categories":[1],"tags":[],"yoast_head":"<!-- This site is optimized with the Yoast SEO plugin v16.4 - https:\/\/yoast.com\/wordpress\/plugins\/seo\/ -->\n<meta name=\"robots\" content=\"index, follow, max-snippet:-1, max-image-preview:large, max-video-preview:-1\" \/>\n<link rel=\"canonical\" href=\"https:\/\/knjiznice.nsk.hr\/senj\/programi-gradske-knjiznice-senj-u-povodu-dana-grada-senja-i-noci-knjige-2019-g\/\" \/>\n<meta property=\"og:locale\" content=\"hr_HR\" \/>\n<meta property=\"og:type\" content=\"article\" \/>\n<meta property=\"og:title\" content=\"PROGRAMI GRADSKE KNJI\u017dNICE SENJ U POVODU DANA GRADA SENJA i NO\u0106I KNJIGE 2019.g: - Gradska knji\u017enica Senj\" \/>\n<meta property=\"og:description\" content=\"1. SENJU GRADU \u2013 edukativni program posve\u0107en na\u0161eg gradu SRIJEDA-24. travnja-9.40 h, Gradska knji\u017enica Senj (organizator: Gradska knji\u017enica Senj i Srednja \u0161kola Pavla Rittera Vitezovi\u0107a Senj) 2. PROMOCIJA TEMATSKOG PUTA CRVENOKOSE ZORE SRIJEDA-24. travnja-11.30-obilazak kre\u0107e na dnu stepenica pored gimnazije (organizatori: Turisti\u010dka zajednica Grada Senja, Gradska knji\u017enica Senj i Osnovna \u0161kola S. S. Kranj\u010devi\u0107a Senj) [&hellip;]\" \/>\n<meta property=\"og:url\" content=\"https:\/\/knjiznice.nsk.hr\/senj\/programi-gradske-knjiznice-senj-u-povodu-dana-grada-senja-i-noci-knjige-2019-g\/\" \/>\n<meta property=\"og:site_name\" content=\"Gradska knji\u017enica Senj\" \/>\n<meta property=\"article:publisher\" content=\"http:\/\/facebook.com\/Gradska-knji%c5%benica-SENJ\" \/>\n<meta property=\"article:published_time\" content=\"2019-04-15T09:10:25+00:00\" \/>\n<meta property=\"og:image\" content=\"http:\/\/knjiznice.nsk.hr\/senj\/wp-content\/uploads\/sites\/60\/2019\/04\/kola\u017e-dg-nk.jpg\" \/>\n\t<meta property=\"og:image:width\" content=\"1078\" \/>\n\t<meta property=\"og:image:height\" content=\"981\" \/>\n<meta name=\"twitter:label1\" content=\"Procijenjeno vrijeme \u010ditanja\" \/>\n\t<meta name=\"twitter:data1\" content=\"1 minuta\" \/>\n<script type=\"application\/ld+json\" class=\"yoast-schema-graph\">{\"@context\":\"https:\/\/schema.org\",\"@graph\":[{\"@type\":\"WebSite\",\"@id\":\"https:\/\/knjiznice.nsk.hr\/senj\/#website\",\"url\":\"https:\/\/knjiznice.nsk.hr\/senj\/\",\"name\":\"Gradska knji\\u017enica Senj\",\"description\":\"S vama od 1835. godine\",\"potentialAction\":[{\"@type\":\"SearchAction\",\"target\":\"https:\/\/knjiznice.nsk.hr\/senj\/?s={search_term_string}\",\"query-input\":\"required name=search_term_string\"}],\"inLanguage\":\"hr\"},{\"@type\":\"ImageObject\",\"@id\":\"https:\/\/knjiznice.nsk.hr\/senj\/programi-gradske-knjiznice-senj-u-povodu-dana-grada-senja-i-noci-knjige-2019-g\/#primaryimage\",\"inLanguage\":\"hr\",\"url\":\"https:\/\/knjiznice.nsk.hr\/senj\/wp-content\/uploads\/sites\/60\/2019\/04\/kola\\u017e-dg-nk.jpg\",\"contentUrl\":\"https:\/\/knjiznice.nsk.hr\/senj\/wp-content\/uploads\/sites\/60\/2019\/04\/kola\\u017e-dg-nk.jpg\",\"width\":1078,\"height\":981},{\"@type\":\"WebPage\",\"@id\":\"https:\/\/knjiznice.nsk.hr\/senj\/programi-gradske-knjiznice-senj-u-povodu-dana-grada-senja-i-noci-knjige-2019-g\/#webpage\",\"url\":\"https:\/\/knjiznice.nsk.hr\/senj\/programi-gradske-knjiznice-senj-u-povodu-dana-grada-senja-i-noci-knjige-2019-g\/\",\"name\":\"PROGRAMI GRADSKE KNJI\\u017dNICE SENJ U POVODU DANA GRADA SENJA i NO\\u0106I KNJIGE 2019.g: - Gradska knji\\u017enica Senj\",\"isPartOf\":{\"@id\":\"https:\/\/knjiznice.nsk.hr\/senj\/#website\"},\"primaryImageOfPage\":{\"@id\":\"https:\/\/knjiznice.nsk.hr\/senj\/programi-gradske-knjiznice-senj-u-povodu-dana-grada-senja-i-noci-knjige-2019-g\/#primaryimage\"},\"datePublished\":\"2019-04-15T09:10:25+00:00\",\"dateModified\":\"2019-04-15T09:10:25+00:00\",\"author\":{\"@id\":\"https:\/\/knjiznice.nsk.hr\/senj\/#\/schema\/person\/c6b0893cdaca205d44fe2c322c042ac7\"},\"breadcrumb\":{\"@id\":\"https:\/\/knjiznice.nsk.hr\/senj\/programi-gradske-knjiznice-senj-u-povodu-dana-grada-senja-i-noci-knjige-2019-g\/#breadcrumb\"},\"inLanguage\":\"hr\",\"potentialAction\":[{\"@type\":\"ReadAction\",\"target\":[\"https:\/\/knjiznice.nsk.hr\/senj\/programi-gradske-knjiznice-senj-u-povodu-dana-grada-senja-i-noci-knjige-2019-g\/\"]}]},{\"@type\":\"BreadcrumbList\",\"@id\":\"https:\/\/knjiznice.nsk.hr\/senj\/programi-gradske-knjiznice-senj-u-povodu-dana-grada-senja-i-noci-knjige-2019-g\/#breadcrumb\",\"itemListElement\":[{\"@type\":\"ListItem\",\"position\":1,\"item\":{\"@type\":\"WebPage\",\"@id\":\"https:\/\/knjiznice.nsk.hr\/senj\/\",\"url\":\"https:\/\/knjiznice.nsk.hr\/senj\/\",\"name\":\"Po\\u010detna stranica\"}},{\"@type\":\"ListItem\",\"position\":2,\"item\":{\"@id\":\"https:\/\/knjiznice.nsk.hr\/senj\/programi-gradske-knjiznice-senj-u-povodu-dana-grada-senja-i-noci-knjige-2019-g\/#webpage\"}}]},{\"@type\":\"Person\",\"@id\":\"https:\/\/knjiznice.nsk.hr\/senj\/#\/schema\/person\/c6b0893cdaca205d44fe2c322c042ac7\",\"name\":\"senj\",\"image\":{\"@type\":\"ImageObject\",\"@id\":\"https:\/\/knjiznice.nsk.hr\/senj\/#personlogo\",\"inLanguage\":\"hr\",\"url\":\"https:\/\/secure.gravatar.com\/avatar\/b00e8e1a99b5ba41772fe68c6bcfd17c?s=96&d=mm&r=g\",\"contentUrl\":\"https:\/\/secure.gravatar.com\/avatar\/b00e8e1a99b5ba41772fe68c6bcfd17c?s=96&d=mm&r=g\",\"caption\":\"senj\"}}]}<\/script>\n<!-- \/ Yoast SEO plugin. -->","_links":{"self":[{"href":"https:\/\/knjiznice.nsk.hr\/senj\/wp-json\/wp\/v2\/posts\/1927"}],"collection":[{"href":"https:\/\/knjiznice.nsk.hr\/senj\/wp-json\/wp\/v2\/posts"}],"about":[{"href":"https:\/\/knjiznice.nsk.hr\/senj\/wp-json\/wp\/v2\/types\/post"}],"author":[{"embeddable":true,"href":"https:\/\/knjiznice.nsk.hr\/senj\/wp-json\/wp\/v2\/users\/58"}],"replies":[{"embeddable":true,"href":"https:\/\/knjiznice.nsk.hr\/senj\/wp-json\/wp\/v2\/comments?post=1927"}],"version-history":[{"count":1,"href":"https:\/\/knjiznice.nsk.hr\/senj\/wp-json\/wp\/v2\/posts\/1927\/revisions"}],"predecessor-version":[{"id":1929,"href":"https:\/\/knjiznice.nsk.hr\/senj\/wp-json\/wp\/v2\/posts\/1927\/revisions\/1929"}],"wp:featuredmedia":[{"embeddable":true,"href":"https:\/\/knjiznice.nsk.hr\/senj\/wp-json\/wp\/v2\/media\/1928"}],"wp:attachment":[{"href":"https:\/\/knjiznice.nsk.hr\/senj\/wp-json\/wp\/v2\/media?parent=1927"}],"wp:term":[{"taxonomy":"category","embeddable":true,"href":"https:\/\/knjiznice.nsk.hr\/senj\/wp-json\/wp\/v2\/categories?post=1927"},{"taxonomy":"post_tag","embeddable":true,"href":"https:\/\/knjiznice.nsk.hr\/senj\/wp-json\/wp\/v2\/tags?post=1927"}],"curies":[{"name":"wp","href":"https:\/\/api.w.org\/{rel}","templated":true}]}}