{"id":1915,"date":"2019-03-08T11:02:01","date_gmt":"2019-03-08T11:02:01","guid":{"rendered":"http:\/\/knjiznice.nsk.hr\/senj\/?p=1915"},"modified":"2019-03-08T11:02:01","modified_gmt":"2019-03-08T11:02:01","slug":"u-senjskoj-knjiznici-obiljezen-medunarodni-dan-zena-2","status":"publish","type":"post","link":"https:\/\/knjiznice.nsk.hr\/senj\/u-senjskoj-knjiznici-obiljezen-medunarodni-dan-zena-2\/","title":{"rendered":"U SENJSKOJ KNJI\u017dNICI OBILJE\u017dEN ME\u0110UNARODNI DAN \u017dENA"},"content":{"rendered":"<p>U organizaciji Gradske knji\u017enice Senj i Osnovne \u0161kole Silvija Strahimira Kranj\u010devi\u0107a Senj obilje\u017een je prigodnim programom u senjskoj knji\u017enici Me\u0111unarodni Dan \u017eena.<br \/>\nKnji\u017enici u goste do\u0161le su u\u010denice i u\u010denici tre\u0107eg razreda senjske osnovne \u0161kole pod vodstvom u\u010diteljice Melite Mareni\u0107.<br \/>\nUvodno je knji\u017eni\u010darka Ana Prpi\u0107 Rogi\u0107 odr\u017eala prezentaciju kojom je kroz rije\u010d i sliku u\u010denicima objasnila zna\u010daj i va\u017enost Dana \u017eena, a u nastavku su predstavljane \u017eene koje su  hrabro kr\u010dile put \u017eenskim pravima te tako u\u0161le u povijest. Tako su u\u010denici upoznali lik i djelo mnogih velikanki kao \u0161to su Gertrude Ederle, Coco Chanel, Frida Kahlo, Majka Tereza, Slava Ra\u0161kaj, Marija Juri\u0107 Zagoka i druge, koje su svojim djelovanjem, sposobno\u0161\u0107u, vje\u0161tinama i znanjem zadu\u017eile svijet i uvelike pridonijele uspostavi ravnopravnosti me\u0111u spolovima.<br \/>\nTako\u0111er, djeci je nagla\u0161eno i do\u010darano koliko je odnos prema \u017eenama u pro\u0161losti bio lo\u0161 te koliko je mnogo snage i upornosti trebalo da \u017eene doka\u017eu svijetu da su jednako vrijedne, pametne i sposobne kao i mu\u0161karci.<br \/>\nU drugom dijelu ovog edukativnog dru\u017eenja u\u010denici su imali zadatak opisati i naslikati njima najdra\u017eu i najva\u017eniju \u017eenu. Vrlo emotivne sastavke djeca su podijelila s nama, a dje\u010dji likovni radovi ukomponirani su u izlo\u017ebu \u201eNajva\u017enija \u017eena u mome \u017eivotu\u201c koja je postavljena u Dje\u010djem odjelu Knji\u017enice.<br \/>\nNa samom kraju dje\u010daci iz razreda darovali su svoje kolegice, u\u010diteljicu i knji\u017eni\u010darke. Tom simboli\u010dnom i divnom gestom zaklju\u010deno je ovo lijepo dru\u017eenje uz opasku svim de\u010dkima da vole i cijene sve pripadnice \u017eenskoga roda jer su one jednako vrijedne i sposobne kao i mu\u0161karci.<\/p>\n","protected":false},"excerpt":{"rendered":"<p>U organizaciji Gradske knji\u017enice Senj i Osnovne \u0161kole Silvija Strahimira Kranj\u010devi\u0107a Senj obilje\u017een je prigodnim programom u senjskoj knji\u017enici Me\u0111unarodni Dan \u017eena. Knji\u017enici u goste do\u0161le su u\u010denice i u\u010denici tre\u0107eg razreda senjske osnovne \u0161kole pod vodstvom u\u010diteljice Melite Mareni\u0107. Uvodno je knji\u017eni\u010darka Ana Prpi\u0107 Rogi\u0107 odr\u017eala prezentaciju kojom je kroz rije\u010d i sliku u\u010denicima [&hellip;]<\/p>\n","protected":false},"author":58,"featured_media":1916,"comment_status":"closed","ping_status":"closed","sticky":false,"template":"","format":"standard","meta":{"ngg_post_thumbnail":0},"categories":[8],"tags":[],"yoast_head":"<!-- This site is optimized with the Yoast SEO plugin v16.4 - https:\/\/yoast.com\/wordpress\/plugins\/seo\/ -->\n<meta name=\"robots\" content=\"index, follow, max-snippet:-1, max-image-preview:large, max-video-preview:-1\" \/>\n<link rel=\"canonical\" href=\"http:\/\/knjiznice.nsk.hr\/senj\/u-senjskoj-knjiznici-obiljezen-medunarodni-dan-zena-2\/\" \/>\n<meta property=\"og:locale\" content=\"hr_HR\" \/>\n<meta property=\"og:type\" content=\"article\" \/>\n<meta property=\"og:title\" content=\"U SENJSKOJ KNJI\u017dNICI OBILJE\u017dEN ME\u0110UNARODNI DAN \u017dENA - Gradska knji\u017enica Senj\" \/>\n<meta property=\"og:description\" content=\"U organizaciji Gradske knji\u017enice Senj i Osnovne \u0161kole Silvija Strahimira Kranj\u010devi\u0107a Senj obilje\u017een je prigodnim programom u senjskoj knji\u017enici Me\u0111unarodni Dan \u017eena. Knji\u017enici u goste do\u0161le su u\u010denice i u\u010denici tre\u0107eg razreda senjske osnovne \u0161kole pod vodstvom u\u010diteljice Melite Mareni\u0107. Uvodno je knji\u017eni\u010darka Ana Prpi\u0107 Rogi\u0107 odr\u017eala prezentaciju kojom je kroz rije\u010d i sliku u\u010denicima [&hellip;]\" \/>\n<meta property=\"og:url\" content=\"http:\/\/knjiznice.nsk.hr\/senj\/u-senjskoj-knjiznici-obiljezen-medunarodni-dan-zena-2\/\" \/>\n<meta property=\"og:site_name\" content=\"Gradska knji\u017enica Senj\" \/>\n<meta property=\"article:publisher\" content=\"http:\/\/facebook.com\/Gradska-knji%c5%benica-SENJ\" \/>\n<meta property=\"article:published_time\" content=\"2019-03-08T11:02:01+00:00\" \/>\n<meta property=\"og:image\" content=\"http:\/\/knjiznice.nsk.hr\/senj\/wp-content\/uploads\/sites\/60\/2019\/03\/IMG_20190308_111756.jpg.resized.jpg\" \/>\n\t<meta property=\"og:image:width\" content=\"640\" \/>\n\t<meta property=\"og:image:height\" content=\"480\" \/>\n<meta name=\"twitter:label1\" content=\"Procijenjeno vrijeme \u010ditanja\" \/>\n\t<meta name=\"twitter:data1\" content=\"2 minute\" \/>\n<script type=\"application\/ld+json\" class=\"yoast-schema-graph\">{\"@context\":\"https:\/\/schema.org\",\"@graph\":[{\"@type\":\"WebSite\",\"@id\":\"https:\/\/knjiznice.nsk.hr\/senj\/#website\",\"url\":\"https:\/\/knjiznice.nsk.hr\/senj\/\",\"name\":\"Gradska knji\\u017enica Senj\",\"description\":\"S vama od 1835. godine\",\"potentialAction\":[{\"@type\":\"SearchAction\",\"target\":\"https:\/\/knjiznice.nsk.hr\/senj\/?s={search_term_string}\",\"query-input\":\"required name=search_term_string\"}],\"inLanguage\":\"hr\"},{\"@type\":\"ImageObject\",\"@id\":\"http:\/\/knjiznice.nsk.hr\/senj\/u-senjskoj-knjiznici-obiljezen-medunarodni-dan-zena-2\/#primaryimage\",\"inLanguage\":\"hr\",\"url\":\"https:\/\/knjiznice.nsk.hr\/senj\/wp-content\/uploads\/sites\/60\/2019\/03\/IMG_20190308_111756.jpg.resized.jpg\",\"contentUrl\":\"https:\/\/knjiznice.nsk.hr\/senj\/wp-content\/uploads\/sites\/60\/2019\/03\/IMG_20190308_111756.jpg.resized.jpg\",\"width\":640,\"height\":480},{\"@type\":\"WebPage\",\"@id\":\"http:\/\/knjiznice.nsk.hr\/senj\/u-senjskoj-knjiznici-obiljezen-medunarodni-dan-zena-2\/#webpage\",\"url\":\"http:\/\/knjiznice.nsk.hr\/senj\/u-senjskoj-knjiznici-obiljezen-medunarodni-dan-zena-2\/\",\"name\":\"U SENJSKOJ KNJI\\u017dNICI OBILJE\\u017dEN ME\\u0110UNARODNI DAN \\u017dENA - Gradska knji\\u017enica Senj\",\"isPartOf\":{\"@id\":\"https:\/\/knjiznice.nsk.hr\/senj\/#website\"},\"primaryImageOfPage\":{\"@id\":\"http:\/\/knjiznice.nsk.hr\/senj\/u-senjskoj-knjiznici-obiljezen-medunarodni-dan-zena-2\/#primaryimage\"},\"datePublished\":\"2019-03-08T11:02:01+00:00\",\"dateModified\":\"2019-03-08T11:02:01+00:00\",\"author\":{\"@id\":\"https:\/\/knjiznice.nsk.hr\/senj\/#\/schema\/person\/c6b0893cdaca205d44fe2c322c042ac7\"},\"breadcrumb\":{\"@id\":\"http:\/\/knjiznice.nsk.hr\/senj\/u-senjskoj-knjiznici-obiljezen-medunarodni-dan-zena-2\/#breadcrumb\"},\"inLanguage\":\"hr\",\"potentialAction\":[{\"@type\":\"ReadAction\",\"target\":[\"http:\/\/knjiznice.nsk.hr\/senj\/u-senjskoj-knjiznici-obiljezen-medunarodni-dan-zena-2\/\"]}]},{\"@type\":\"BreadcrumbList\",\"@id\":\"http:\/\/knjiznice.nsk.hr\/senj\/u-senjskoj-knjiznici-obiljezen-medunarodni-dan-zena-2\/#breadcrumb\",\"itemListElement\":[{\"@type\":\"ListItem\",\"position\":1,\"item\":{\"@type\":\"WebPage\",\"@id\":\"https:\/\/knjiznice.nsk.hr\/senj\/\",\"url\":\"https:\/\/knjiznice.nsk.hr\/senj\/\",\"name\":\"Po\\u010detna stranica\"}},{\"@type\":\"ListItem\",\"position\":2,\"item\":{\"@id\":\"http:\/\/knjiznice.nsk.hr\/senj\/u-senjskoj-knjiznici-obiljezen-medunarodni-dan-zena-2\/#webpage\"}}]},{\"@type\":\"Person\",\"@id\":\"https:\/\/knjiznice.nsk.hr\/senj\/#\/schema\/person\/c6b0893cdaca205d44fe2c322c042ac7\",\"name\":\"senj\",\"image\":{\"@type\":\"ImageObject\",\"@id\":\"https:\/\/knjiznice.nsk.hr\/senj\/#personlogo\",\"inLanguage\":\"hr\",\"url\":\"https:\/\/secure.gravatar.com\/avatar\/b00e8e1a99b5ba41772fe68c6bcfd17c?s=96&d=mm&r=g\",\"contentUrl\":\"https:\/\/secure.gravatar.com\/avatar\/b00e8e1a99b5ba41772fe68c6bcfd17c?s=96&d=mm&r=g\",\"caption\":\"senj\"}}]}<\/script>\n<!-- \/ Yoast SEO plugin. -->","_links":{"self":[{"href":"https:\/\/knjiznice.nsk.hr\/senj\/wp-json\/wp\/v2\/posts\/1915"}],"collection":[{"href":"https:\/\/knjiznice.nsk.hr\/senj\/wp-json\/wp\/v2\/posts"}],"about":[{"href":"https:\/\/knjiznice.nsk.hr\/senj\/wp-json\/wp\/v2\/types\/post"}],"author":[{"embeddable":true,"href":"https:\/\/knjiznice.nsk.hr\/senj\/wp-json\/wp\/v2\/users\/58"}],"replies":[{"embeddable":true,"href":"https:\/\/knjiznice.nsk.hr\/senj\/wp-json\/wp\/v2\/comments?post=1915"}],"version-history":[{"count":1,"href":"https:\/\/knjiznice.nsk.hr\/senj\/wp-json\/wp\/v2\/posts\/1915\/revisions"}],"predecessor-version":[{"id":1917,"href":"https:\/\/knjiznice.nsk.hr\/senj\/wp-json\/wp\/v2\/posts\/1915\/revisions\/1917"}],"wp:featuredmedia":[{"embeddable":true,"href":"https:\/\/knjiznice.nsk.hr\/senj\/wp-json\/wp\/v2\/media\/1916"}],"wp:attachment":[{"href":"https:\/\/knjiznice.nsk.hr\/senj\/wp-json\/wp\/v2\/media?parent=1915"}],"wp:term":[{"taxonomy":"category","embeddable":true,"href":"https:\/\/knjiznice.nsk.hr\/senj\/wp-json\/wp\/v2\/categories?post=1915"},{"taxonomy":"post_tag","embeddable":true,"href":"https:\/\/knjiznice.nsk.hr\/senj\/wp-json\/wp\/v2\/tags?post=1915"}],"curies":[{"name":"wp","href":"https:\/\/api.w.org\/{rel}","templated":true}]}}