{"id":1672,"date":"2018-11-16T10:11:13","date_gmt":"2018-11-16T10:11:13","guid":{"rendered":"http:\/\/knjiznice.nsk.hr\/senj\/?p=1672"},"modified":"2018-11-16T10:11:13","modified_gmt":"2018-11-16T10:11:13","slug":"otvorenje-izlozbe-ljubitelji-fotografije","status":"publish","type":"post","link":"https:\/\/knjiznice.nsk.hr\/senj\/otvorenje-izlozbe-ljubitelji-fotografije\/","title":{"rendered":"OTVORENJE IZLO\u017dBE \u201eLJUBITELJI FOTOGRAFIJE\u201c"},"content":{"rendered":"<p>U sklopu manifestacije Mjesec hrvatske knjige Gradska knji\u017enica Senj organizirala je otvorenje izlo\u017ebe pod nazivom \u201eLjubitelji fotografije\u201c.<br \/>\nIzlo\u017eba fotografija realizirana je u suradnji s fotogrupom \u201eMoje fotografije-moj hobi\u201c koja aktivnim djelovanjem i promoviranjem fotografije okuplja preko 1 600 \u010dlanova, strastvenih fotografa s podru\u010dja Rijeke i Sjevernog primorja i cijele Hrvatske te iz gotovo svih zemalja u regiji pa i \u0161ire, a u grupi aktivno i uspje\u0161no djeluje i 20 autora iz Senja koji svojim fotoanga\u017emanom i objavama promoviraju ljepote svoga Grada i okolice.<br \/>\nAktivna i uspje\u0161na grupa fotografa uz online objavljivanje, \u010desto i izla\u017ee svoje radove pa je ova izlo\u017eba presjek najboljih radova fotoskupine, a predstavljen je 31 autor me\u0111u kojima i<br \/>\nSenjani Dalibor Prodani\u0107, Jasna Stani\u0107, Ivana Kirac Mileti\u0107, Ivo Dobrina i Marino Dobrina te Senjkinje iz svita- Mirna Stjep\u010devi\u0107 i Branka Radakovi\u0107.<br \/>\nIzlo\u017eba puna sunca, mora, divnih pejza\u017ea i panorama ve\u0107 je gostovala na Trsatskoj Gradini u Rijeci te u Svetom Jurju, a sada je i Senjani imaju prilike pogledati i uvjeriti se u ljepote prirode, ba\u0161tine i kulture na\u0161e domovine uhva\u0107ene spretnim okom zaljubljenika u fotografiju.<br \/>\nProgram otvorenja moderirala je ravnateljica Gradske knji\u017enice Senj Ana Prpi\u0107 Rogi\u0107, dok je u glazbenom dijelu programa nastupom ve\u010der uljep\u0161ala \u017eenska klapa Senjkinje.<br \/>\nU ime skupine autora publici se obratila suvoditeljica fotogrupe Branka Radakovi\u0107 istaknuv\u0161i zadovoljstvo \u0161to izlo\u017eba gostuje u gradu pod Nehajem jer se senjski fotografi svojim radom i talentom te odabirom zanimljivih motiva u grupi isti\u010du i pridonose njenoj kvaliteti .<br \/>\nIzlo\u017eba je postavljena sve do 15. prosinca i mo\u017ee se razgledati u radno vrijeme Gradske knji\u017enice Senj. <\/p>\n","protected":false},"excerpt":{"rendered":"<p>U sklopu manifestacije Mjesec hrvatske knjige Gradska knji\u017enica Senj organizirala je otvorenje izlo\u017ebe pod nazivom \u201eLjubitelji fotografije\u201c. Izlo\u017eba fotografija realizirana je u suradnji s fotogrupom \u201eMoje fotografije-moj hobi\u201c koja aktivnim djelovanjem i promoviranjem fotografije okuplja preko 1 600 \u010dlanova, strastvenih fotografa s podru\u010dja Rijeke i Sjevernog primorja i cijele Hrvatske te iz gotovo svih zemalja [&hellip;]<\/p>\n","protected":false},"author":58,"featured_media":1673,"comment_status":"closed","ping_status":"closed","sticky":false,"template":"","format":"standard","meta":{"ngg_post_thumbnail":0},"categories":[8],"tags":[],"yoast_head":"<!-- This site is optimized with the Yoast SEO plugin v16.4 - https:\/\/yoast.com\/wordpress\/plugins\/seo\/ -->\n<meta name=\"robots\" content=\"index, follow, max-snippet:-1, max-image-preview:large, max-video-preview:-1\" \/>\n<link rel=\"canonical\" href=\"https:\/\/knjiznice.nsk.hr\/senj\/otvorenje-izlozbe-ljubitelji-fotografije\/\" \/>\n<meta property=\"og:locale\" content=\"hr_HR\" \/>\n<meta property=\"og:type\" content=\"article\" \/>\n<meta property=\"og:title\" content=\"OTVORENJE IZLO\u017dBE \u201eLJUBITELJI FOTOGRAFIJE\u201c - Gradska knji\u017enica Senj\" \/>\n<meta property=\"og:description\" content=\"U sklopu manifestacije Mjesec hrvatske knjige Gradska knji\u017enica Senj organizirala je otvorenje izlo\u017ebe pod nazivom \u201eLjubitelji fotografije\u201c. Izlo\u017eba fotografija realizirana je u suradnji s fotogrupom \u201eMoje fotografije-moj hobi\u201c koja aktivnim djelovanjem i promoviranjem fotografije okuplja preko 1 600 \u010dlanova, strastvenih fotografa s podru\u010dja Rijeke i Sjevernog primorja i cijele Hrvatske te iz gotovo svih zemalja [&hellip;]\" \/>\n<meta property=\"og:url\" content=\"https:\/\/knjiznice.nsk.hr\/senj\/otvorenje-izlozbe-ljubitelji-fotografije\/\" \/>\n<meta property=\"og:site_name\" content=\"Gradska knji\u017enica Senj\" \/>\n<meta property=\"article:publisher\" content=\"http:\/\/facebook.com\/Gradska-knji%c5%benica-SENJ\" \/>\n<meta property=\"article:published_time\" content=\"2018-11-16T10:11:13+00:00\" \/>\n<meta property=\"og:image\" content=\"http:\/\/knjiznice.nsk.hr\/senj\/wp-content\/uploads\/sites\/60\/2018\/11\/4-1.jpg\" \/>\n\t<meta property=\"og:image:width\" content=\"2592\" \/>\n\t<meta property=\"og:image:height\" content=\"1944\" \/>\n<meta name=\"twitter:label1\" content=\"Procijenjeno vrijeme \u010ditanja\" \/>\n\t<meta name=\"twitter:data1\" content=\"1 minuta\" \/>\n<script type=\"application\/ld+json\" class=\"yoast-schema-graph\">{\"@context\":\"https:\/\/schema.org\",\"@graph\":[{\"@type\":\"WebSite\",\"@id\":\"https:\/\/knjiznice.nsk.hr\/senj\/#website\",\"url\":\"https:\/\/knjiznice.nsk.hr\/senj\/\",\"name\":\"Gradska knji\\u017enica Senj\",\"description\":\"S vama od 1835. godine\",\"potentialAction\":[{\"@type\":\"SearchAction\",\"target\":\"https:\/\/knjiznice.nsk.hr\/senj\/?s={search_term_string}\",\"query-input\":\"required name=search_term_string\"}],\"inLanguage\":\"hr\"},{\"@type\":\"ImageObject\",\"@id\":\"https:\/\/knjiznice.nsk.hr\/senj\/otvorenje-izlozbe-ljubitelji-fotografije\/#primaryimage\",\"inLanguage\":\"hr\",\"url\":\"https:\/\/knjiznice.nsk.hr\/senj\/wp-content\/uploads\/sites\/60\/2018\/11\/4-1.jpg\",\"contentUrl\":\"https:\/\/knjiznice.nsk.hr\/senj\/wp-content\/uploads\/sites\/60\/2018\/11\/4-1.jpg\",\"width\":2592,\"height\":1944},{\"@type\":\"WebPage\",\"@id\":\"https:\/\/knjiznice.nsk.hr\/senj\/otvorenje-izlozbe-ljubitelji-fotografije\/#webpage\",\"url\":\"https:\/\/knjiznice.nsk.hr\/senj\/otvorenje-izlozbe-ljubitelji-fotografije\/\",\"name\":\"OTVORENJE IZLO\\u017dBE \\u201eLJUBITELJI FOTOGRAFIJE\\u201c - Gradska knji\\u017enica Senj\",\"isPartOf\":{\"@id\":\"https:\/\/knjiznice.nsk.hr\/senj\/#website\"},\"primaryImageOfPage\":{\"@id\":\"https:\/\/knjiznice.nsk.hr\/senj\/otvorenje-izlozbe-ljubitelji-fotografije\/#primaryimage\"},\"datePublished\":\"2018-11-16T10:11:13+00:00\",\"dateModified\":\"2018-11-16T10:11:13+00:00\",\"author\":{\"@id\":\"https:\/\/knjiznice.nsk.hr\/senj\/#\/schema\/person\/c6b0893cdaca205d44fe2c322c042ac7\"},\"breadcrumb\":{\"@id\":\"https:\/\/knjiznice.nsk.hr\/senj\/otvorenje-izlozbe-ljubitelji-fotografije\/#breadcrumb\"},\"inLanguage\":\"hr\",\"potentialAction\":[{\"@type\":\"ReadAction\",\"target\":[\"https:\/\/knjiznice.nsk.hr\/senj\/otvorenje-izlozbe-ljubitelji-fotografije\/\"]}]},{\"@type\":\"BreadcrumbList\",\"@id\":\"https:\/\/knjiznice.nsk.hr\/senj\/otvorenje-izlozbe-ljubitelji-fotografije\/#breadcrumb\",\"itemListElement\":[{\"@type\":\"ListItem\",\"position\":1,\"item\":{\"@type\":\"WebPage\",\"@id\":\"https:\/\/knjiznice.nsk.hr\/senj\/\",\"url\":\"https:\/\/knjiznice.nsk.hr\/senj\/\",\"name\":\"Po\\u010detna stranica\"}},{\"@type\":\"ListItem\",\"position\":2,\"item\":{\"@id\":\"https:\/\/knjiznice.nsk.hr\/senj\/otvorenje-izlozbe-ljubitelji-fotografije\/#webpage\"}}]},{\"@type\":\"Person\",\"@id\":\"https:\/\/knjiznice.nsk.hr\/senj\/#\/schema\/person\/c6b0893cdaca205d44fe2c322c042ac7\",\"name\":\"senj\",\"image\":{\"@type\":\"ImageObject\",\"@id\":\"https:\/\/knjiznice.nsk.hr\/senj\/#personlogo\",\"inLanguage\":\"hr\",\"url\":\"https:\/\/secure.gravatar.com\/avatar\/b00e8e1a99b5ba41772fe68c6bcfd17c?s=96&d=mm&r=g\",\"contentUrl\":\"https:\/\/secure.gravatar.com\/avatar\/b00e8e1a99b5ba41772fe68c6bcfd17c?s=96&d=mm&r=g\",\"caption\":\"senj\"}}]}<\/script>\n<!-- \/ Yoast SEO plugin. -->","_links":{"self":[{"href":"https:\/\/knjiznice.nsk.hr\/senj\/wp-json\/wp\/v2\/posts\/1672"}],"collection":[{"href":"https:\/\/knjiznice.nsk.hr\/senj\/wp-json\/wp\/v2\/posts"}],"about":[{"href":"https:\/\/knjiznice.nsk.hr\/senj\/wp-json\/wp\/v2\/types\/post"}],"author":[{"embeddable":true,"href":"https:\/\/knjiznice.nsk.hr\/senj\/wp-json\/wp\/v2\/users\/58"}],"replies":[{"embeddable":true,"href":"https:\/\/knjiznice.nsk.hr\/senj\/wp-json\/wp\/v2\/comments?post=1672"}],"version-history":[{"count":1,"href":"https:\/\/knjiznice.nsk.hr\/senj\/wp-json\/wp\/v2\/posts\/1672\/revisions"}],"predecessor-version":[{"id":1674,"href":"https:\/\/knjiznice.nsk.hr\/senj\/wp-json\/wp\/v2\/posts\/1672\/revisions\/1674"}],"wp:featuredmedia":[{"embeddable":true,"href":"https:\/\/knjiznice.nsk.hr\/senj\/wp-json\/wp\/v2\/media\/1673"}],"wp:attachment":[{"href":"https:\/\/knjiznice.nsk.hr\/senj\/wp-json\/wp\/v2\/media?parent=1672"}],"wp:term":[{"taxonomy":"category","embeddable":true,"href":"https:\/\/knjiznice.nsk.hr\/senj\/wp-json\/wp\/v2\/categories?post=1672"},{"taxonomy":"post_tag","embeddable":true,"href":"https:\/\/knjiznice.nsk.hr\/senj\/wp-json\/wp\/v2\/tags?post=1672"}],"curies":[{"name":"wp","href":"https:\/\/api.w.org\/{rel}","templated":true}]}}