{"id":1646,"date":"2018-10-30T12:07:45","date_gmt":"2018-10-30T12:07:45","guid":{"rendered":"http:\/\/knjiznice.nsk.hr\/senj\/?p=1646"},"modified":"2018-10-30T12:07:45","modified_gmt":"2018-10-30T12:07:45","slug":"senjska-zora-gostuje-u-glavnome-gradu","status":"publish","type":"post","link":"https:\/\/knjiznice.nsk.hr\/senj\/senjska-zora-gostuje-u-glavnome-gradu\/","title":{"rendered":"SENJSKA ZORA GOSTUJE U GLAVNOME GRADU!"},"content":{"rendered":"<p>Knji\u017enica Tina Ujevi\u0107a i<br \/>\nDru\u0161tvo Senjana i prijatelja Senja Zagreb<br \/>\npozivaju vas na<\/p>\n<p>PREDSTAVLJANJE HRVATSKOG IZDANJA ROMANA <\/p>\n<p>CRVENOKOSA ZORA I NJEZINA DRU\u017dINA<\/p>\n<p>9. STUDENOGA 2018. GODINE<br \/>\nS PO\u010cETKOM U 18 SATI<\/p>\n<p>Roman originalnog naslova Die rote Zora und ihre Bande napisao je 1941. g. njema\u010dki pisac Kurt Held. Topla ljudska pri\u010da o skupini siroma\u0161ne djece na obalama usko\u010dkoga grada Senja odu\u0161evila je \u010ditatelje diljem svijeta, i djecu i odrasle. Roman je postigao veliki uspjeh i popularnost te do\u017eivio prijevode na mnoge jezike te niz ekranizacija i dramatizacija.<br \/>\nNakon dugog niza godina, nedavno je i hrvatska verzija romana ugledala svjetlo dana. Izdavanjem romana Crvenokosa Zora i njezina dru\u017eina na hrvatskom jeziku doma\u0107a \u010ditateljska publika dobila je krasan primjer svevremenskog pou\u010dnog romana za djecu i mlade. <\/p>\n<p>                   Do\u0111ite na promociju i zajedno sa Senjanima upoznajte Zoru!<\/p>\n<p>U programu predstavljanja sudjeluju:<br \/>\n-Juraj Mandeki\u0107, predsjednik Dru\u0161tva Senjana i prijatelja Senja Zagreb,<br \/>\n-Ana Prpi\u0107 Rogi\u0107, glavna urednica izdanja i ravnateljica Gradske knji\u017enice Senj,<br \/>\n-u\u010denici Osnovne \u0161kole Kajzerica pod vodstvom profesorice Stanke Svetli\u010di\u0107<br \/>\n(uprizorenje scena iz romana).<\/p>\n<p>Veselimo se Va\u0161em dolasku!<\/p>\n","protected":false},"excerpt":{"rendered":"<p>Knji\u017enica Tina Ujevi\u0107a i Dru\u0161tvo Senjana i prijatelja Senja Zagreb pozivaju vas na PREDSTAVLJANJE HRVATSKOG IZDANJA ROMANA CRVENOKOSA ZORA I NJEZINA DRU\u017dINA 9. STUDENOGA 2018. GODINE S PO\u010cETKOM U 18 SATI Roman originalnog naslova Die rote Zora und ihre Bande napisao je 1941. g. njema\u010dki pisac Kurt Held. Topla ljudska pri\u010da o skupini siroma\u0161ne djece [&hellip;]<\/p>\n","protected":false},"author":58,"featured_media":1647,"comment_status":"closed","ping_status":"closed","sticky":false,"template":"","format":"standard","meta":{"ngg_post_thumbnail":0},"categories":[8],"tags":[],"yoast_head":"<!-- This site is optimized with the Yoast SEO plugin v16.4 - https:\/\/yoast.com\/wordpress\/plugins\/seo\/ -->\n<meta name=\"robots\" content=\"index, follow, max-snippet:-1, max-image-preview:large, max-video-preview:-1\" \/>\n<link rel=\"canonical\" href=\"https:\/\/knjiznice.nsk.hr\/senj\/senjska-zora-gostuje-u-glavnome-gradu\/\" \/>\n<meta property=\"og:locale\" content=\"hr_HR\" \/>\n<meta property=\"og:type\" content=\"article\" \/>\n<meta property=\"og:title\" content=\"SENJSKA ZORA GOSTUJE U GLAVNOME GRADU! - Gradska knji\u017enica Senj\" \/>\n<meta property=\"og:description\" content=\"Knji\u017enica Tina Ujevi\u0107a i Dru\u0161tvo Senjana i prijatelja Senja Zagreb pozivaju vas na PREDSTAVLJANJE HRVATSKOG IZDANJA ROMANA CRVENOKOSA ZORA I NJEZINA DRU\u017dINA 9. STUDENOGA 2018. GODINE S PO\u010cETKOM U 18 SATI Roman originalnog naslova Die rote Zora und ihre Bande napisao je 1941. g. njema\u010dki pisac Kurt Held. Topla ljudska pri\u010da o skupini siroma\u0161ne djece [&hellip;]\" \/>\n<meta property=\"og:url\" content=\"https:\/\/knjiznice.nsk.hr\/senj\/senjska-zora-gostuje-u-glavnome-gradu\/\" \/>\n<meta property=\"og:site_name\" content=\"Gradska knji\u017enica Senj\" \/>\n<meta property=\"article:publisher\" content=\"http:\/\/facebook.com\/Gradska-knji%c5%benica-SENJ\" \/>\n<meta property=\"article:published_time\" content=\"2018-10-30T12:07:45+00:00\" \/>\n<meta property=\"og:image\" content=\"http:\/\/knjiznice.nsk.hr\/senj\/wp-content\/uploads\/sites\/60\/2018\/10\/Promocija-Zore-Zagreb.jpg.resized.jpg\" \/>\n\t<meta property=\"og:image:width\" content=\"447\" \/>\n\t<meta property=\"og:image:height\" content=\"640\" \/>\n<meta name=\"twitter:label1\" content=\"Procijenjeno vrijeme \u010ditanja\" \/>\n\t<meta name=\"twitter:data1\" content=\"1 minuta\" \/>\n<script type=\"application\/ld+json\" class=\"yoast-schema-graph\">{\"@context\":\"https:\/\/schema.org\",\"@graph\":[{\"@type\":\"WebSite\",\"@id\":\"http:\/\/knjiznice.nsk.hr\/senj\/#website\",\"url\":\"http:\/\/knjiznice.nsk.hr\/senj\/\",\"name\":\"Gradska knji\\u017enica Senj\",\"description\":\"S vama od 1835. godine\",\"potentialAction\":[{\"@type\":\"SearchAction\",\"target\":\"http:\/\/knjiznice.nsk.hr\/senj\/?s={search_term_string}\",\"query-input\":\"required name=search_term_string\"}],\"inLanguage\":\"hr\"},{\"@type\":\"ImageObject\",\"@id\":\"https:\/\/knjiznice.nsk.hr\/senj\/senjska-zora-gostuje-u-glavnome-gradu\/#primaryimage\",\"inLanguage\":\"hr\",\"url\":\"https:\/\/knjiznice.nsk.hr\/senj\/wp-content\/uploads\/sites\/60\/2018\/10\/Promocija-Zore-Zagreb.jpg.resized.jpg\",\"contentUrl\":\"https:\/\/knjiznice.nsk.hr\/senj\/wp-content\/uploads\/sites\/60\/2018\/10\/Promocija-Zore-Zagreb.jpg.resized.jpg\",\"width\":447,\"height\":640},{\"@type\":\"WebPage\",\"@id\":\"https:\/\/knjiznice.nsk.hr\/senj\/senjska-zora-gostuje-u-glavnome-gradu\/#webpage\",\"url\":\"https:\/\/knjiznice.nsk.hr\/senj\/senjska-zora-gostuje-u-glavnome-gradu\/\",\"name\":\"SENJSKA ZORA GOSTUJE U GLAVNOME GRADU! - Gradska knji\\u017enica Senj\",\"isPartOf\":{\"@id\":\"http:\/\/knjiznice.nsk.hr\/senj\/#website\"},\"primaryImageOfPage\":{\"@id\":\"https:\/\/knjiznice.nsk.hr\/senj\/senjska-zora-gostuje-u-glavnome-gradu\/#primaryimage\"},\"datePublished\":\"2018-10-30T12:07:45+00:00\",\"dateModified\":\"2018-10-30T12:07:45+00:00\",\"author\":{\"@id\":\"http:\/\/knjiznice.nsk.hr\/senj\/#\/schema\/person\/c6b0893cdaca205d44fe2c322c042ac7\"},\"breadcrumb\":{\"@id\":\"https:\/\/knjiznice.nsk.hr\/senj\/senjska-zora-gostuje-u-glavnome-gradu\/#breadcrumb\"},\"inLanguage\":\"hr\",\"potentialAction\":[{\"@type\":\"ReadAction\",\"target\":[\"https:\/\/knjiznice.nsk.hr\/senj\/senjska-zora-gostuje-u-glavnome-gradu\/\"]}]},{\"@type\":\"BreadcrumbList\",\"@id\":\"https:\/\/knjiznice.nsk.hr\/senj\/senjska-zora-gostuje-u-glavnome-gradu\/#breadcrumb\",\"itemListElement\":[{\"@type\":\"ListItem\",\"position\":1,\"item\":{\"@type\":\"WebPage\",\"@id\":\"http:\/\/knjiznice.nsk.hr\/senj\/\",\"url\":\"http:\/\/knjiznice.nsk.hr\/senj\/\",\"name\":\"Po\\u010detna stranica\"}},{\"@type\":\"ListItem\",\"position\":2,\"item\":{\"@id\":\"https:\/\/knjiznice.nsk.hr\/senj\/senjska-zora-gostuje-u-glavnome-gradu\/#webpage\"}}]},{\"@type\":\"Person\",\"@id\":\"http:\/\/knjiznice.nsk.hr\/senj\/#\/schema\/person\/c6b0893cdaca205d44fe2c322c042ac7\",\"name\":\"senj\",\"image\":{\"@type\":\"ImageObject\",\"@id\":\"http:\/\/knjiznice.nsk.hr\/senj\/#personlogo\",\"inLanguage\":\"hr\",\"url\":\"https:\/\/secure.gravatar.com\/avatar\/b00e8e1a99b5ba41772fe68c6bcfd17c?s=96&d=mm&r=g\",\"contentUrl\":\"https:\/\/secure.gravatar.com\/avatar\/b00e8e1a99b5ba41772fe68c6bcfd17c?s=96&d=mm&r=g\",\"caption\":\"senj\"}}]}<\/script>\n<!-- \/ Yoast SEO plugin. -->","_links":{"self":[{"href":"https:\/\/knjiznice.nsk.hr\/senj\/wp-json\/wp\/v2\/posts\/1646"}],"collection":[{"href":"https:\/\/knjiznice.nsk.hr\/senj\/wp-json\/wp\/v2\/posts"}],"about":[{"href":"https:\/\/knjiznice.nsk.hr\/senj\/wp-json\/wp\/v2\/types\/post"}],"author":[{"embeddable":true,"href":"https:\/\/knjiznice.nsk.hr\/senj\/wp-json\/wp\/v2\/users\/58"}],"replies":[{"embeddable":true,"href":"https:\/\/knjiznice.nsk.hr\/senj\/wp-json\/wp\/v2\/comments?post=1646"}],"version-history":[{"count":1,"href":"https:\/\/knjiznice.nsk.hr\/senj\/wp-json\/wp\/v2\/posts\/1646\/revisions"}],"predecessor-version":[{"id":1648,"href":"https:\/\/knjiznice.nsk.hr\/senj\/wp-json\/wp\/v2\/posts\/1646\/revisions\/1648"}],"wp:featuredmedia":[{"embeddable":true,"href":"https:\/\/knjiznice.nsk.hr\/senj\/wp-json\/wp\/v2\/media\/1647"}],"wp:attachment":[{"href":"https:\/\/knjiznice.nsk.hr\/senj\/wp-json\/wp\/v2\/media?parent=1646"}],"wp:term":[{"taxonomy":"category","embeddable":true,"href":"https:\/\/knjiznice.nsk.hr\/senj\/wp-json\/wp\/v2\/categories?post=1646"},{"taxonomy":"post_tag","embeddable":true,"href":"https:\/\/knjiznice.nsk.hr\/senj\/wp-json\/wp\/v2\/tags?post=1646"}],"curies":[{"name":"wp","href":"https:\/\/api.w.org\/{rel}","templated":true}]}}