{"id":1595,"date":"2018-08-13T09:05:46","date_gmt":"2018-08-13T09:05:46","guid":{"rendered":"http:\/\/knjiznice.nsk.hr\/senj\/?p=1595"},"modified":"2018-08-13T09:05:46","modified_gmt":"2018-08-13T09:05:46","slug":"book-klub-o-istinama-i-lazima","status":"publish","type":"post","link":"https:\/\/knjiznice.nsk.hr\/senj\/book-klub-o-istinama-i-lazima\/","title":{"rendered":"Book klub-O istinama i la\u017eima"},"content":{"rendered":"<p>Nesnosne vru\u0107ine natjerale si i na\u0161e bookice na kratku pauzu od sastajanja. No, prije ljetne pauze na na\u0161oj smo terasi odr\u017eali book-sastanak, a obradili smo odli\u010dan psihotriler \u201eLa\u017ei\u201c autora T. M. Logana.<br \/>\nGlavni lik tog romana je Joe Lynch, \u010dovjek koji \u017eivi posve obi\u010dnim \u017eivotom. Sklon je rutinama- odlasci na posao, dolasci ku\u0107i, vrijeme sa \u017eenom i sinom i tako u krug. Ni\u0161ta neobi\u010dno se nije doga\u0111alo. Supruga je bila ta koja je vi\u0161e zara\u0111ivala, ali Joea to nije nimalo smetalo. No, kako to obi\u010dno biva, istina je ne\u0161to \u0161to ne vidimo na prvu. Iza sve te idile u kojoj je Joe mislio da \u017eivi, skrivalo se ne\u0161to trulo. Jednog dana Joe se uvjerio u to. Dovoljna je samo jedna sekunda da izvrne \u017eivot naopa\u010dke. I sve u \u0161to vjeruje\u0161 i smatra\u0161 istinom, postane prljava la\u017e. Knjiga se jako svidjela \u010dlanicama na\u0161eg knji\u0161kog kluba pa komentara i rasprave nije ni ovaj put nedostajalo.<br \/>\nIako je Book klub na \u201egodi\u0161njem\u201c do sredine rujna, na pauzu odlazimo s lektirnim zadatkom. Za rujan \u010ditamo \u201eSretni ljudi \u010ditaju i piju kavu\u201c autorice A. M. Lugand, toplu \u017eivotnu pri\u010du o kojoj \u0107emo raspravljati kad se rastanemo s ovim ljetnim vru\u0107inama.<br \/>\nDo sljede\u0107eg puta u\u017eivajte u ljetu i naravno \u010ditanju!<br \/>\nVa\u0161e book voditeljice<br \/>\nMaja i Ana<\/p>\n","protected":false},"excerpt":{"rendered":"<p>Nesnosne vru\u0107ine natjerale si i na\u0161e bookice na kratku pauzu od sastajanja. No, prije ljetne pauze na na\u0161oj smo terasi odr\u017eali book-sastanak, a obradili smo odli\u010dan psihotriler \u201eLa\u017ei\u201c autora T. M. Logana. Glavni lik tog romana je Joe Lynch, \u010dovjek koji \u017eivi posve obi\u010dnim \u017eivotom. Sklon je rutinama- odlasci na posao, dolasci ku\u0107i, vrijeme sa [&hellip;]<\/p>\n","protected":false},"author":58,"featured_media":1596,"comment_status":"closed","ping_status":"closed","sticky":false,"template":"","format":"standard","meta":{"ngg_post_thumbnail":0},"categories":[8],"tags":[],"yoast_head":"<!-- This site is optimized with the Yoast SEO plugin v16.4 - https:\/\/yoast.com\/wordpress\/plugins\/seo\/ -->\n<meta name=\"robots\" content=\"index, follow, max-snippet:-1, max-image-preview:large, max-video-preview:-1\" \/>\n<link rel=\"canonical\" href=\"https:\/\/knjiznice.nsk.hr\/senj\/book-klub-o-istinama-i-lazima\/\" \/>\n<meta property=\"og:locale\" content=\"hr_HR\" \/>\n<meta property=\"og:type\" content=\"article\" \/>\n<meta property=\"og:title\" content=\"Book klub-O istinama i la\u017eima - Gradska knji\u017enica Senj\" \/>\n<meta property=\"og:description\" content=\"Nesnosne vru\u0107ine natjerale si i na\u0161e bookice na kratku pauzu od sastajanja. No, prije ljetne pauze na na\u0161oj smo terasi odr\u017eali book-sastanak, a obradili smo odli\u010dan psihotriler \u201eLa\u017ei\u201c autora T. M. Logana. Glavni lik tog romana je Joe Lynch, \u010dovjek koji \u017eivi posve obi\u010dnim \u017eivotom. Sklon je rutinama- odlasci na posao, dolasci ku\u0107i, vrijeme sa [&hellip;]\" \/>\n<meta property=\"og:url\" content=\"https:\/\/knjiznice.nsk.hr\/senj\/book-klub-o-istinama-i-lazima\/\" \/>\n<meta property=\"og:site_name\" content=\"Gradska knji\u017enica Senj\" \/>\n<meta property=\"article:publisher\" content=\"http:\/\/facebook.com\/Gradska-knji%c5%benica-SENJ\" \/>\n<meta property=\"article:published_time\" content=\"2018-08-13T09:05:46+00:00\" \/>\n<meta property=\"og:image\" content=\"http:\/\/knjiznice.nsk.hr\/senj\/wp-content\/uploads\/sites\/60\/2018\/08\/IMG-20180813-WA0000.jpg\" \/>\n\t<meta property=\"og:image:width\" content=\"1296\" \/>\n\t<meta property=\"og:image:height\" content=\"729\" \/>\n<meta name=\"twitter:label1\" content=\"Procijenjeno vrijeme \u010ditanja\" \/>\n\t<meta name=\"twitter:data1\" content=\"1 minuta\" \/>\n<script type=\"application\/ld+json\" class=\"yoast-schema-graph\">{\"@context\":\"https:\/\/schema.org\",\"@graph\":[{\"@type\":\"WebSite\",\"@id\":\"https:\/\/knjiznice.nsk.hr\/senj\/#website\",\"url\":\"https:\/\/knjiznice.nsk.hr\/senj\/\",\"name\":\"Gradska knji\\u017enica Senj\",\"description\":\"S vama od 1835. godine\",\"potentialAction\":[{\"@type\":\"SearchAction\",\"target\":\"https:\/\/knjiznice.nsk.hr\/senj\/?s={search_term_string}\",\"query-input\":\"required name=search_term_string\"}],\"inLanguage\":\"hr\"},{\"@type\":\"ImageObject\",\"@id\":\"https:\/\/knjiznice.nsk.hr\/senj\/book-klub-o-istinama-i-lazima\/#primaryimage\",\"inLanguage\":\"hr\",\"url\":\"https:\/\/knjiznice.nsk.hr\/senj\/wp-content\/uploads\/sites\/60\/2018\/08\/IMG-20180813-WA0000.jpg\",\"contentUrl\":\"https:\/\/knjiznice.nsk.hr\/senj\/wp-content\/uploads\/sites\/60\/2018\/08\/IMG-20180813-WA0000.jpg\",\"width\":1296,\"height\":729},{\"@type\":\"WebPage\",\"@id\":\"https:\/\/knjiznice.nsk.hr\/senj\/book-klub-o-istinama-i-lazima\/#webpage\",\"url\":\"https:\/\/knjiznice.nsk.hr\/senj\/book-klub-o-istinama-i-lazima\/\",\"name\":\"Book klub-O istinama i la\\u017eima - Gradska knji\\u017enica Senj\",\"isPartOf\":{\"@id\":\"https:\/\/knjiznice.nsk.hr\/senj\/#website\"},\"primaryImageOfPage\":{\"@id\":\"https:\/\/knjiznice.nsk.hr\/senj\/book-klub-o-istinama-i-lazima\/#primaryimage\"},\"datePublished\":\"2018-08-13T09:05:46+00:00\",\"dateModified\":\"2018-08-13T09:05:46+00:00\",\"author\":{\"@id\":\"https:\/\/knjiznice.nsk.hr\/senj\/#\/schema\/person\/c6b0893cdaca205d44fe2c322c042ac7\"},\"breadcrumb\":{\"@id\":\"https:\/\/knjiznice.nsk.hr\/senj\/book-klub-o-istinama-i-lazima\/#breadcrumb\"},\"inLanguage\":\"hr\",\"potentialAction\":[{\"@type\":\"ReadAction\",\"target\":[\"https:\/\/knjiznice.nsk.hr\/senj\/book-klub-o-istinama-i-lazima\/\"]}]},{\"@type\":\"BreadcrumbList\",\"@id\":\"https:\/\/knjiznice.nsk.hr\/senj\/book-klub-o-istinama-i-lazima\/#breadcrumb\",\"itemListElement\":[{\"@type\":\"ListItem\",\"position\":1,\"item\":{\"@type\":\"WebPage\",\"@id\":\"https:\/\/knjiznice.nsk.hr\/senj\/\",\"url\":\"https:\/\/knjiznice.nsk.hr\/senj\/\",\"name\":\"Po\\u010detna stranica\"}},{\"@type\":\"ListItem\",\"position\":2,\"item\":{\"@id\":\"https:\/\/knjiznice.nsk.hr\/senj\/book-klub-o-istinama-i-lazima\/#webpage\"}}]},{\"@type\":\"Person\",\"@id\":\"https:\/\/knjiznice.nsk.hr\/senj\/#\/schema\/person\/c6b0893cdaca205d44fe2c322c042ac7\",\"name\":\"senj\",\"image\":{\"@type\":\"ImageObject\",\"@id\":\"https:\/\/knjiznice.nsk.hr\/senj\/#personlogo\",\"inLanguage\":\"hr\",\"url\":\"https:\/\/secure.gravatar.com\/avatar\/b00e8e1a99b5ba41772fe68c6bcfd17c?s=96&d=mm&r=g\",\"contentUrl\":\"https:\/\/secure.gravatar.com\/avatar\/b00e8e1a99b5ba41772fe68c6bcfd17c?s=96&d=mm&r=g\",\"caption\":\"senj\"}}]}<\/script>\n<!-- \/ Yoast SEO plugin. -->","_links":{"self":[{"href":"https:\/\/knjiznice.nsk.hr\/senj\/wp-json\/wp\/v2\/posts\/1595"}],"collection":[{"href":"https:\/\/knjiznice.nsk.hr\/senj\/wp-json\/wp\/v2\/posts"}],"about":[{"href":"https:\/\/knjiznice.nsk.hr\/senj\/wp-json\/wp\/v2\/types\/post"}],"author":[{"embeddable":true,"href":"https:\/\/knjiznice.nsk.hr\/senj\/wp-json\/wp\/v2\/users\/58"}],"replies":[{"embeddable":true,"href":"https:\/\/knjiznice.nsk.hr\/senj\/wp-json\/wp\/v2\/comments?post=1595"}],"version-history":[{"count":1,"href":"https:\/\/knjiznice.nsk.hr\/senj\/wp-json\/wp\/v2\/posts\/1595\/revisions"}],"predecessor-version":[{"id":1597,"href":"https:\/\/knjiznice.nsk.hr\/senj\/wp-json\/wp\/v2\/posts\/1595\/revisions\/1597"}],"wp:featuredmedia":[{"embeddable":true,"href":"https:\/\/knjiznice.nsk.hr\/senj\/wp-json\/wp\/v2\/media\/1596"}],"wp:attachment":[{"href":"https:\/\/knjiznice.nsk.hr\/senj\/wp-json\/wp\/v2\/media?parent=1595"}],"wp:term":[{"taxonomy":"category","embeddable":true,"href":"https:\/\/knjiznice.nsk.hr\/senj\/wp-json\/wp\/v2\/categories?post=1595"},{"taxonomy":"post_tag","embeddable":true,"href":"https:\/\/knjiznice.nsk.hr\/senj\/wp-json\/wp\/v2\/tags?post=1595"}],"curies":[{"name":"wp","href":"https:\/\/api.w.org\/{rel}","templated":true}]}}