{"id":1592,"date":"2018-08-07T11:17:53","date_gmt":"2018-08-07T11:17:53","guid":{"rendered":"http:\/\/knjiznice.nsk.hr\/senj\/?p=1592"},"modified":"2018-08-07T11:17:53","modified_gmt":"2018-08-07T11:17:53","slug":"zavrsen-ovogodisnji-ciklus-djecjih-radionica-srijeda-za-5","status":"publish","type":"post","link":"https:\/\/knjiznice.nsk.hr\/senj\/zavrsen-ovogodisnji-ciklus-djecjih-radionica-srijeda-za-5\/","title":{"rendered":"Zavr\u0161en ovogodi\u0161nji ciklus dje\u010djih radionica \u201eSrijeda za 5\u201c"},"content":{"rendered":"<p>Koncem netom zavr\u0161enog mjeseca odr\u017eana je i posljednja iz serije popularnih dje\u010djih radionica \u201eSrijeda za 5\u201c.<br \/>\nRadionica pod nazivom \u201eDje\u010dja prava nisu opti\u010dka iluzija\u201c opet je u na\u0161u knji\u017enicu privukla mnogo polaznika \u017eeljnih zabave, znanja, u\u010denja i kreativnog izra\u017eavanja.<br \/>\nU prvom dijelu radionice prou\u010davali smo i eksperimentirali s opti\u010dkim iluzijama te se uvjerili kako nas oko mo\u017ee prevariti. Drugi, edukativni dio kroz dru\u0161tvenu igru \u010covje\u010de, ispravi se! dotaknuo se dje\u010djih prava koja su djeca sa zanimanjem komentirala i usvojila. Djeca su rado i s veseljem sudjelovala u radionici te su se izvrsno snalazila u igrama.  <\/p>\n<p>Ovom radionicom okon\u010dano je na\u0161e dru\u017eenje za ovo ljeto. Kroz mjesec dana polaznici su na na\u0161oj \u201eknji\u017eni\u010dnoj pla\u017ei\u201c kroz zabavne sadr\u017eaje u\u010dili, \u010ditali, razgovarali i kreativno se izra\u017eavali, a na taj na\u010din sadr\u017eajno i konstruktivno ispunjavaju svoje slobodno vrijeme na \u0161kolskim praznicima.<br \/>\nIgrali smo kvizove znanja, igre asocijacija i pam\u0107enja te edukativne igre, a puno smo toga nau\u010dili o svome gradu i zavi\u010daju. Slikali smo, rezali, bojali i izra\u0111ivali oblike. Bilo je veselo, zanimljivo i sadr\u017eajno! Hvala svim polaznicima na lijepom dru\u017eenju i suradnji. Bilo nam je divno s vama!<br \/>\nVidimo se i sljede\u0107e ljeto u idu\u0107em ciklusu radionica \u201eSrijeda za 5\u201c!!<br \/>\nVa\u0161e voditeljice Ivana i Ana<\/p>\n","protected":false},"excerpt":{"rendered":"<p>Koncem netom zavr\u0161enog mjeseca odr\u017eana je i posljednja iz serije popularnih dje\u010djih radionica \u201eSrijeda za 5\u201c. Radionica pod nazivom \u201eDje\u010dja prava nisu opti\u010dka iluzija\u201c opet je u na\u0161u knji\u017enicu privukla mnogo polaznika \u017eeljnih zabave, znanja, u\u010denja i kreativnog izra\u017eavanja. U prvom dijelu radionice prou\u010davali smo i eksperimentirali s opti\u010dkim iluzijama te se uvjerili kako nas [&hellip;]<\/p>\n","protected":false},"author":58,"featured_media":1593,"comment_status":"closed","ping_status":"closed","sticky":false,"template":"","format":"standard","meta":{"ngg_post_thumbnail":0},"categories":[8],"tags":[],"yoast_head":"<!-- This site is optimized with the Yoast SEO plugin v16.4 - https:\/\/yoast.com\/wordpress\/plugins\/seo\/ -->\n<meta name=\"robots\" content=\"index, follow, max-snippet:-1, max-image-preview:large, max-video-preview:-1\" \/>\n<link rel=\"canonical\" href=\"http:\/\/knjiznice.nsk.hr\/senj\/zavrsen-ovogodisnji-ciklus-djecjih-radionica-srijeda-za-5\/\" \/>\n<meta property=\"og:locale\" content=\"hr_HR\" \/>\n<meta property=\"og:type\" content=\"article\" \/>\n<meta property=\"og:title\" content=\"Zavr\u0161en ovogodi\u0161nji ciklus dje\u010djih radionica \u201eSrijeda za 5\u201c - Gradska knji\u017enica Senj\" \/>\n<meta property=\"og:description\" content=\"Koncem netom zavr\u0161enog mjeseca odr\u017eana je i posljednja iz serije popularnih dje\u010djih radionica \u201eSrijeda za 5\u201c. Radionica pod nazivom \u201eDje\u010dja prava nisu opti\u010dka iluzija\u201c opet je u na\u0161u knji\u017enicu privukla mnogo polaznika \u017eeljnih zabave, znanja, u\u010denja i kreativnog izra\u017eavanja. U prvom dijelu radionice prou\u010davali smo i eksperimentirali s opti\u010dkim iluzijama te se uvjerili kako nas [&hellip;]\" \/>\n<meta property=\"og:url\" content=\"http:\/\/knjiznice.nsk.hr\/senj\/zavrsen-ovogodisnji-ciklus-djecjih-radionica-srijeda-za-5\/\" \/>\n<meta property=\"og:site_name\" content=\"Gradska knji\u017enica Senj\" \/>\n<meta property=\"article:publisher\" content=\"http:\/\/facebook.com\/Gradska-knji%c5%benica-SENJ\" \/>\n<meta property=\"article:published_time\" content=\"2018-08-07T11:17:53+00:00\" \/>\n<meta property=\"og:image\" content=\"http:\/\/knjiznice.nsk.hr\/senj\/wp-content\/uploads\/sites\/60\/2018\/08\/SRIDA.jpg\" \/>\n\t<meta property=\"og:image:width\" content=\"1080\" \/>\n\t<meta property=\"og:image:height\" content=\"983\" \/>\n<meta name=\"twitter:label1\" content=\"Procijenjeno vrijeme \u010ditanja\" \/>\n\t<meta name=\"twitter:data1\" content=\"1 minuta\" \/>\n<script type=\"application\/ld+json\" class=\"yoast-schema-graph\">{\"@context\":\"https:\/\/schema.org\",\"@graph\":[{\"@type\":\"WebSite\",\"@id\":\"https:\/\/knjiznice.nsk.hr\/senj\/#website\",\"url\":\"https:\/\/knjiznice.nsk.hr\/senj\/\",\"name\":\"Gradska knji\\u017enica Senj\",\"description\":\"S vama od 1835. godine\",\"potentialAction\":[{\"@type\":\"SearchAction\",\"target\":\"https:\/\/knjiznice.nsk.hr\/senj\/?s={search_term_string}\",\"query-input\":\"required name=search_term_string\"}],\"inLanguage\":\"hr\"},{\"@type\":\"ImageObject\",\"@id\":\"http:\/\/knjiznice.nsk.hr\/senj\/zavrsen-ovogodisnji-ciklus-djecjih-radionica-srijeda-za-5\/#primaryimage\",\"inLanguage\":\"hr\",\"url\":\"https:\/\/knjiznice.nsk.hr\/senj\/wp-content\/uploads\/sites\/60\/2018\/08\/SRIDA.jpg\",\"contentUrl\":\"https:\/\/knjiznice.nsk.hr\/senj\/wp-content\/uploads\/sites\/60\/2018\/08\/SRIDA.jpg\",\"width\":1080,\"height\":983},{\"@type\":\"WebPage\",\"@id\":\"http:\/\/knjiznice.nsk.hr\/senj\/zavrsen-ovogodisnji-ciklus-djecjih-radionica-srijeda-za-5\/#webpage\",\"url\":\"http:\/\/knjiznice.nsk.hr\/senj\/zavrsen-ovogodisnji-ciklus-djecjih-radionica-srijeda-za-5\/\",\"name\":\"Zavr\\u0161en ovogodi\\u0161nji ciklus dje\\u010djih radionica \\u201eSrijeda za 5\\u201c - Gradska knji\\u017enica Senj\",\"isPartOf\":{\"@id\":\"https:\/\/knjiznice.nsk.hr\/senj\/#website\"},\"primaryImageOfPage\":{\"@id\":\"http:\/\/knjiznice.nsk.hr\/senj\/zavrsen-ovogodisnji-ciklus-djecjih-radionica-srijeda-za-5\/#primaryimage\"},\"datePublished\":\"2018-08-07T11:17:53+00:00\",\"dateModified\":\"2018-08-07T11:17:53+00:00\",\"author\":{\"@id\":\"https:\/\/knjiznice.nsk.hr\/senj\/#\/schema\/person\/c6b0893cdaca205d44fe2c322c042ac7\"},\"breadcrumb\":{\"@id\":\"http:\/\/knjiznice.nsk.hr\/senj\/zavrsen-ovogodisnji-ciklus-djecjih-radionica-srijeda-za-5\/#breadcrumb\"},\"inLanguage\":\"hr\",\"potentialAction\":[{\"@type\":\"ReadAction\",\"target\":[\"http:\/\/knjiznice.nsk.hr\/senj\/zavrsen-ovogodisnji-ciklus-djecjih-radionica-srijeda-za-5\/\"]}]},{\"@type\":\"BreadcrumbList\",\"@id\":\"http:\/\/knjiznice.nsk.hr\/senj\/zavrsen-ovogodisnji-ciklus-djecjih-radionica-srijeda-za-5\/#breadcrumb\",\"itemListElement\":[{\"@type\":\"ListItem\",\"position\":1,\"item\":{\"@type\":\"WebPage\",\"@id\":\"https:\/\/knjiznice.nsk.hr\/senj\/\",\"url\":\"https:\/\/knjiznice.nsk.hr\/senj\/\",\"name\":\"Po\\u010detna stranica\"}},{\"@type\":\"ListItem\",\"position\":2,\"item\":{\"@id\":\"http:\/\/knjiznice.nsk.hr\/senj\/zavrsen-ovogodisnji-ciklus-djecjih-radionica-srijeda-za-5\/#webpage\"}}]},{\"@type\":\"Person\",\"@id\":\"https:\/\/knjiznice.nsk.hr\/senj\/#\/schema\/person\/c6b0893cdaca205d44fe2c322c042ac7\",\"name\":\"senj\",\"image\":{\"@type\":\"ImageObject\",\"@id\":\"https:\/\/knjiznice.nsk.hr\/senj\/#personlogo\",\"inLanguage\":\"hr\",\"url\":\"https:\/\/secure.gravatar.com\/avatar\/b00e8e1a99b5ba41772fe68c6bcfd17c?s=96&d=mm&r=g\",\"contentUrl\":\"https:\/\/secure.gravatar.com\/avatar\/b00e8e1a99b5ba41772fe68c6bcfd17c?s=96&d=mm&r=g\",\"caption\":\"senj\"}}]}<\/script>\n<!-- \/ Yoast SEO plugin. -->","_links":{"self":[{"href":"https:\/\/knjiznice.nsk.hr\/senj\/wp-json\/wp\/v2\/posts\/1592"}],"collection":[{"href":"https:\/\/knjiznice.nsk.hr\/senj\/wp-json\/wp\/v2\/posts"}],"about":[{"href":"https:\/\/knjiznice.nsk.hr\/senj\/wp-json\/wp\/v2\/types\/post"}],"author":[{"embeddable":true,"href":"https:\/\/knjiznice.nsk.hr\/senj\/wp-json\/wp\/v2\/users\/58"}],"replies":[{"embeddable":true,"href":"https:\/\/knjiznice.nsk.hr\/senj\/wp-json\/wp\/v2\/comments?post=1592"}],"version-history":[{"count":1,"href":"https:\/\/knjiznice.nsk.hr\/senj\/wp-json\/wp\/v2\/posts\/1592\/revisions"}],"predecessor-version":[{"id":1594,"href":"https:\/\/knjiznice.nsk.hr\/senj\/wp-json\/wp\/v2\/posts\/1592\/revisions\/1594"}],"wp:featuredmedia":[{"embeddable":true,"href":"https:\/\/knjiznice.nsk.hr\/senj\/wp-json\/wp\/v2\/media\/1593"}],"wp:attachment":[{"href":"https:\/\/knjiznice.nsk.hr\/senj\/wp-json\/wp\/v2\/media?parent=1592"}],"wp:term":[{"taxonomy":"category","embeddable":true,"href":"https:\/\/knjiznice.nsk.hr\/senj\/wp-json\/wp\/v2\/categories?post=1592"},{"taxonomy":"post_tag","embeddable":true,"href":"https:\/\/knjiznice.nsk.hr\/senj\/wp-json\/wp\/v2\/tags?post=1592"}],"curies":[{"name":"wp","href":"https:\/\/api.w.org\/{rel}","templated":true}]}}