{"id":1587,"date":"2018-08-06T09:31:35","date_gmt":"2018-08-06T09:31:35","guid":{"rendered":"http:\/\/knjiznice.nsk.hr\/senj\/?p=1587"},"modified":"2018-08-06T09:32:03","modified_gmt":"2018-08-06T09:32:03","slug":"izlozba-glagoljica-iz-ucenickih-radionica","status":"publish","type":"post","link":"https:\/\/knjiznice.nsk.hr\/senj\/izlozba-glagoljica-iz-ucenickih-radionica\/","title":{"rendered":"IZLO\u017dBA &#8220;GLAGOLJICA iz u\u010deni\u010dkih radionica&#8221;"},"content":{"rendered":"<p>\nOsnovna \u0161kola S.S. Kranj\u010devi\u0107a Senj i Gradska knji\u017enica Senj i ove godine organiziraju postav u\u010deni\u010dkih radova na temu glagoljice. Radove u glini-sli\u010dice, magnete i vaze s glagoljskim motivima te torbe s ru\u010dno \u0161ivanim motivima glagoljice izradili su u\u010denici senjske osnovne \u0161kole \u2013 \u010dlanovi u\u010deni\u010dke \u0161kolske zadruge Sinjal.<br \/>\nPredivne predmete umjetni\u010dke i uporabne vrijednosti koji su i svojevrsni senjski suveniri u\u010denici su stvarali pod vodstvom mentorica Melite Mareni\u0107 i Berte Tomljanovi\u0107 (keramika) i Ivane Tomljanovi\u0107 (grupa \u201eVezilje\u201c).<br \/>\nDo\u0111ite, razgledajte, u\u017eivajte u predivnim glagoljskim motivima koji su dio na\u0161eg senjskog kulturnog identiteta. Dodatnu vrijednost izlo\u017ebi daje \u010dinjenica da su izlo\u017ebu stvarali i o glagoljici u\u010dili mladi Senjani kojima ta bogata tradicija ostaje u naslje\u0111e.<br \/>\nPostav je u na\u0161oj Knji\u017enici izlo\u017een od 6. kolovoza do 15. rujna 2018. g. i prodajnog je karaktera, a sav prohod od prodaje Sinjal \u0107e utro\u0161iti za nabavku materijala kako bi i u novoj \u0161kolskoj godini mogli nastajati ovako divni radovi na\u0161oj glagoljici u \u010dast. <\/p>\n","protected":false},"excerpt":{"rendered":"<p>Osnovna \u0161kola S.S. Kranj\u010devi\u0107a Senj i Gradska knji\u017enica Senj i ove godine organiziraju postav u\u010deni\u010dkih radova na temu glagoljice. Radove u glini-sli\u010dice, magnete i vaze s glagoljskim motivima te torbe s ru\u010dno \u0161ivanim motivima glagoljice izradili su u\u010denici senjske osnovne \u0161kole \u2013 \u010dlanovi u\u010deni\u010dke \u0161kolske zadruge Sinjal. Predivne predmete umjetni\u010dke i uporabne vrijednosti koji su [&hellip;]<\/p>\n","protected":false},"author":58,"featured_media":1588,"comment_status":"closed","ping_status":"closed","sticky":false,"template":"","format":"standard","meta":{"ngg_post_thumbnail":0},"categories":[8],"tags":[],"yoast_head":"<!-- This site is optimized with the Yoast SEO plugin v16.4 - https:\/\/yoast.com\/wordpress\/plugins\/seo\/ -->\n<meta name=\"robots\" content=\"index, follow, max-snippet:-1, max-image-preview:large, max-video-preview:-1\" \/>\n<link rel=\"canonical\" href=\"https:\/\/knjiznice.nsk.hr\/senj\/izlozba-glagoljica-iz-ucenickih-radionica\/\" \/>\n<meta property=\"og:locale\" content=\"hr_HR\" \/>\n<meta property=\"og:type\" content=\"article\" \/>\n<meta property=\"og:title\" content=\"IZLO\u017dBA &quot;GLAGOLJICA iz u\u010deni\u010dkih radionica&quot; - Gradska knji\u017enica Senj\" \/>\n<meta property=\"og:description\" content=\"Osnovna \u0161kola S.S. Kranj\u010devi\u0107a Senj i Gradska knji\u017enica Senj i ove godine organiziraju postav u\u010deni\u010dkih radova na temu glagoljice. Radove u glini-sli\u010dice, magnete i vaze s glagoljskim motivima te torbe s ru\u010dno \u0161ivanim motivima glagoljice izradili su u\u010denici senjske osnovne \u0161kole \u2013 \u010dlanovi u\u010deni\u010dke \u0161kolske zadruge Sinjal. Predivne predmete umjetni\u010dke i uporabne vrijednosti koji su [&hellip;]\" \/>\n<meta property=\"og:url\" content=\"https:\/\/knjiznice.nsk.hr\/senj\/izlozba-glagoljica-iz-ucenickih-radionica\/\" \/>\n<meta property=\"og:site_name\" content=\"Gradska knji\u017enica Senj\" \/>\n<meta property=\"article:publisher\" content=\"http:\/\/facebook.com\/Gradska-knji%c5%benica-SENJ\" \/>\n<meta property=\"article:published_time\" content=\"2018-08-06T09:31:35+00:00\" \/>\n<meta property=\"article:modified_time\" content=\"2018-08-06T09:32:03+00:00\" \/>\n<meta property=\"og:image\" content=\"http:\/\/knjiznice.nsk.hr\/senj\/wp-content\/uploads\/sites\/60\/2018\/08\/IMG_20180806_101541.jpg.resized.jpg\" \/>\n\t<meta property=\"og:image:width\" content=\"531\" \/>\n\t<meta property=\"og:image:height\" content=\"480\" \/>\n<meta name=\"twitter:label1\" content=\"Procijenjeno vrijeme \u010ditanja\" \/>\n\t<meta name=\"twitter:data1\" content=\"1 minuta\" \/>\n<script type=\"application\/ld+json\" class=\"yoast-schema-graph\">{\"@context\":\"https:\/\/schema.org\",\"@graph\":[{\"@type\":\"WebSite\",\"@id\":\"https:\/\/knjiznice.nsk.hr\/senj\/#website\",\"url\":\"https:\/\/knjiznice.nsk.hr\/senj\/\",\"name\":\"Gradska knji\\u017enica Senj\",\"description\":\"S vama od 1835. godine\",\"potentialAction\":[{\"@type\":\"SearchAction\",\"target\":\"https:\/\/knjiznice.nsk.hr\/senj\/?s={search_term_string}\",\"query-input\":\"required name=search_term_string\"}],\"inLanguage\":\"hr\"},{\"@type\":\"ImageObject\",\"@id\":\"https:\/\/knjiznice.nsk.hr\/senj\/izlozba-glagoljica-iz-ucenickih-radionica\/#primaryimage\",\"inLanguage\":\"hr\",\"url\":\"https:\/\/knjiznice.nsk.hr\/senj\/wp-content\/uploads\/sites\/60\/2018\/08\/IMG_20180806_101541.jpg.resized.jpg\",\"contentUrl\":\"https:\/\/knjiznice.nsk.hr\/senj\/wp-content\/uploads\/sites\/60\/2018\/08\/IMG_20180806_101541.jpg.resized.jpg\",\"width\":531,\"height\":480},{\"@type\":\"WebPage\",\"@id\":\"https:\/\/knjiznice.nsk.hr\/senj\/izlozba-glagoljica-iz-ucenickih-radionica\/#webpage\",\"url\":\"https:\/\/knjiznice.nsk.hr\/senj\/izlozba-glagoljica-iz-ucenickih-radionica\/\",\"name\":\"IZLO\\u017dBA \\\"GLAGOLJICA iz u\\u010deni\\u010dkih radionica\\\" - Gradska knji\\u017enica Senj\",\"isPartOf\":{\"@id\":\"https:\/\/knjiznice.nsk.hr\/senj\/#website\"},\"primaryImageOfPage\":{\"@id\":\"https:\/\/knjiznice.nsk.hr\/senj\/izlozba-glagoljica-iz-ucenickih-radionica\/#primaryimage\"},\"datePublished\":\"2018-08-06T09:31:35+00:00\",\"dateModified\":\"2018-08-06T09:32:03+00:00\",\"author\":{\"@id\":\"https:\/\/knjiznice.nsk.hr\/senj\/#\/schema\/person\/c6b0893cdaca205d44fe2c322c042ac7\"},\"breadcrumb\":{\"@id\":\"https:\/\/knjiznice.nsk.hr\/senj\/izlozba-glagoljica-iz-ucenickih-radionica\/#breadcrumb\"},\"inLanguage\":\"hr\",\"potentialAction\":[{\"@type\":\"ReadAction\",\"target\":[\"https:\/\/knjiznice.nsk.hr\/senj\/izlozba-glagoljica-iz-ucenickih-radionica\/\"]}]},{\"@type\":\"BreadcrumbList\",\"@id\":\"https:\/\/knjiznice.nsk.hr\/senj\/izlozba-glagoljica-iz-ucenickih-radionica\/#breadcrumb\",\"itemListElement\":[{\"@type\":\"ListItem\",\"position\":1,\"item\":{\"@type\":\"WebPage\",\"@id\":\"https:\/\/knjiznice.nsk.hr\/senj\/\",\"url\":\"https:\/\/knjiznice.nsk.hr\/senj\/\",\"name\":\"Po\\u010detna stranica\"}},{\"@type\":\"ListItem\",\"position\":2,\"item\":{\"@id\":\"https:\/\/knjiznice.nsk.hr\/senj\/izlozba-glagoljica-iz-ucenickih-radionica\/#webpage\"}}]},{\"@type\":\"Person\",\"@id\":\"https:\/\/knjiznice.nsk.hr\/senj\/#\/schema\/person\/c6b0893cdaca205d44fe2c322c042ac7\",\"name\":\"senj\",\"image\":{\"@type\":\"ImageObject\",\"@id\":\"https:\/\/knjiznice.nsk.hr\/senj\/#personlogo\",\"inLanguage\":\"hr\",\"url\":\"https:\/\/secure.gravatar.com\/avatar\/b00e8e1a99b5ba41772fe68c6bcfd17c?s=96&d=mm&r=g\",\"contentUrl\":\"https:\/\/secure.gravatar.com\/avatar\/b00e8e1a99b5ba41772fe68c6bcfd17c?s=96&d=mm&r=g\",\"caption\":\"senj\"}}]}<\/script>\n<!-- \/ Yoast SEO plugin. -->","_links":{"self":[{"href":"https:\/\/knjiznice.nsk.hr\/senj\/wp-json\/wp\/v2\/posts\/1587"}],"collection":[{"href":"https:\/\/knjiznice.nsk.hr\/senj\/wp-json\/wp\/v2\/posts"}],"about":[{"href":"https:\/\/knjiznice.nsk.hr\/senj\/wp-json\/wp\/v2\/types\/post"}],"author":[{"embeddable":true,"href":"https:\/\/knjiznice.nsk.hr\/senj\/wp-json\/wp\/v2\/users\/58"}],"replies":[{"embeddable":true,"href":"https:\/\/knjiznice.nsk.hr\/senj\/wp-json\/wp\/v2\/comments?post=1587"}],"version-history":[{"count":2,"href":"https:\/\/knjiznice.nsk.hr\/senj\/wp-json\/wp\/v2\/posts\/1587\/revisions"}],"predecessor-version":[{"id":1590,"href":"https:\/\/knjiznice.nsk.hr\/senj\/wp-json\/wp\/v2\/posts\/1587\/revisions\/1590"}],"wp:featuredmedia":[{"embeddable":true,"href":"https:\/\/knjiznice.nsk.hr\/senj\/wp-json\/wp\/v2\/media\/1588"}],"wp:attachment":[{"href":"https:\/\/knjiznice.nsk.hr\/senj\/wp-json\/wp\/v2\/media?parent=1587"}],"wp:term":[{"taxonomy":"category","embeddable":true,"href":"https:\/\/knjiznice.nsk.hr\/senj\/wp-json\/wp\/v2\/categories?post=1587"},{"taxonomy":"post_tag","embeddable":true,"href":"https:\/\/knjiznice.nsk.hr\/senj\/wp-json\/wp\/v2\/tags?post=1587"}],"curies":[{"name":"wp","href":"https:\/\/api.w.org\/{rel}","templated":true}]}}