{"id":1565,"date":"2018-07-20T06:48:05","date_gmt":"2018-07-20T06:48:05","guid":{"rendered":"http:\/\/knjiznice.nsk.hr\/senj\/?p=1565"},"modified":"2018-07-20T06:48:05","modified_gmt":"2018-07-20T06:48:05","slug":"otvorena-izlozba-marije-puzak-boje-mediterana","status":"publish","type":"post","link":"https:\/\/knjiznice.nsk.hr\/senj\/otvorena-izlozba-marije-puzak-boje-mediterana\/","title":{"rendered":"OTVORENA IZLO\u017dBA MARIJE PUZAK \u201eBOJE MEDITERANA\u201c"},"content":{"rendered":"<p>U \u010detvrtak, 19. srpnja u Gradskoj knji\u017enici Senj otvorena je izlo\u017eba poznate akademske slikarice Marije Puzak pod nazivom \u201eBoje Mediterana\u201c.<br \/>\nIzlo\u017eba je uprili\u010dena povodom 40 godina uspje\u0161nog i plodonosnog rada umjetnice Puzak te je svojevrsna retrospektiva njezinih upe\u010datljivih i omiljenih slikarskih motiva i tema. Kao osnovne okosnice izlo\u017ebe name\u0107u se pejza\u017e kao konstanta u autori\u010dinom cjelokupnom stvarala\u0161tvu te ekspresivna, zavodljiva boja koja sna\u017eno, ali i odmjereno te dozirano donosi omiljeni slikari\u010din motiv-Mediteran i more.<br \/>\n-Marijine sna\u017ene slike i atraktivni koloriti podsje\u0107aju nas kako je divno \u017eivjeti uz more i koliko su mediteranski pejza\u017ei umjetniku sna\u017ena inspiracija koja ra\u0111a \u010dudesna djela. Boje su dio Marijinog umjetni\u010dkog kreda, one su zarazno lijepe, mame, koketiraju, pri\u010daju tisu\u0107u pri\u010da i zra\u010de ljepotom i senzibilno\u0161\u0107u. Svaka Marijina slika nosi nevidljivu zajedni\u010dku poveznicu i prepoznatljivi umjetni\u010dki rukopis, a svaka je opet toliko razli\u010dita, druga\u010dija, nevjerojatno lijepa na svoj na\u010din, posebna-ba\u0161 kao i Marija, rekla je uvodno moderatorica programa i ravnateljica Gradske knji\u017enice Senj Ana Prpi\u0107 Rogi\u0107 predstaviv\u0161i u nastavku \u017eivotni i umjetni\u010dki put Marije Puzak.<br \/>\nZagreba\u010dka slikarica Puzak jedan dio godine provodi u Senju gdje je u vi\u0161e navrata izlagala  slike i umjetni\u010dki nakit, a Senjani su uvijek znali cijeniti i prepoznati njezinu umjetnost \u0161to se odra\u017eavalo u velikoj posje\u0107enosti njezinih izlo\u017ebi i u zainteresiranosti za njezin opus. Potvrda koliko Senjani vole i cijene Mariju nije izostala ni ovoga puta-senjska knji\u017enica je prilikom otvorenja ove slavljeni\u010dke izlo\u017ebe bila puna posjetitelja.<br \/>\nUmjetnica se zahvalila svima okupljenima te napomenula da su joj me\u0111u brojnim izlo\u017ebama koje je imala u karijeri one senjske najdra\u017ee.<br \/>\nUgodnu ve\u010der i dru\u017eenje upotpunio je glazbenik Nenad Petkovi\u0107 na klavijaturama. Izlo\u017eba \u201eBoje Mediterana\u201c mo\u017ee se razgledati sve do 1. kolovoza u radno vrijeme Gradske knji\u017enice Senj.<br \/>\nGradska knji\u017enica Senj od srca zahvaljuje:<br \/>\nMariji Puzak na divnim slikama,<br \/>\nNenadu Petkovi\u0107u na sjajnoj glazbi te<br \/>\nsugra\u0111anima na dolasku i ugodnom dru\u017eenju.<\/p>\n<p>GALERIJA NA FB STRANICAMA KNJI\u017dNICE<\/p>\n","protected":false},"excerpt":{"rendered":"<p>U \u010detvrtak, 19. srpnja u Gradskoj knji\u017enici Senj otvorena je izlo\u017eba poznate akademske slikarice Marije Puzak pod nazivom \u201eBoje Mediterana\u201c. Izlo\u017eba je uprili\u010dena povodom 40 godina uspje\u0161nog i plodonosnog rada umjetnice Puzak te je svojevrsna retrospektiva njezinih upe\u010datljivih i omiljenih slikarskih motiva i tema. Kao osnovne okosnice izlo\u017ebe name\u0107u se pejza\u017e kao konstanta u autori\u010dinom [&hellip;]<\/p>\n","protected":false},"author":58,"featured_media":1566,"comment_status":"closed","ping_status":"closed","sticky":false,"template":"","format":"standard","meta":{"ngg_post_thumbnail":0},"categories":[8],"tags":[],"yoast_head":"<!-- This site is optimized with the Yoast SEO plugin v16.4 - https:\/\/yoast.com\/wordpress\/plugins\/seo\/ -->\n<meta name=\"robots\" content=\"index, follow, max-snippet:-1, max-image-preview:large, max-video-preview:-1\" \/>\n<link rel=\"canonical\" href=\"https:\/\/knjiznice.nsk.hr\/senj\/otvorena-izlozba-marije-puzak-boje-mediterana\/\" \/>\n<meta property=\"og:locale\" content=\"hr_HR\" \/>\n<meta property=\"og:type\" content=\"article\" \/>\n<meta property=\"og:title\" content=\"OTVORENA IZLO\u017dBA MARIJE PUZAK \u201eBOJE MEDITERANA\u201c - Gradska knji\u017enica Senj\" \/>\n<meta property=\"og:description\" content=\"U \u010detvrtak, 19. srpnja u Gradskoj knji\u017enici Senj otvorena je izlo\u017eba poznate akademske slikarice Marije Puzak pod nazivom \u201eBoje Mediterana\u201c. Izlo\u017eba je uprili\u010dena povodom 40 godina uspje\u0161nog i plodonosnog rada umjetnice Puzak te je svojevrsna retrospektiva njezinih upe\u010datljivih i omiljenih slikarskih motiva i tema. Kao osnovne okosnice izlo\u017ebe name\u0107u se pejza\u017e kao konstanta u autori\u010dinom [&hellip;]\" \/>\n<meta property=\"og:url\" content=\"https:\/\/knjiznice.nsk.hr\/senj\/otvorena-izlozba-marije-puzak-boje-mediterana\/\" \/>\n<meta property=\"og:site_name\" content=\"Gradska knji\u017enica Senj\" \/>\n<meta property=\"article:publisher\" content=\"http:\/\/facebook.com\/Gradska-knji%c5%benica-SENJ\" \/>\n<meta property=\"article:published_time\" content=\"2018-07-20T06:48:05+00:00\" \/>\n<meta property=\"og:image\" content=\"http:\/\/knjiznice.nsk.hr\/senj\/wp-content\/uploads\/sites\/60\/2018\/07\/SUDIONICI-I-ORGANIZATORI-OTVORENJA-S-UMJETNICOM-PUZAK.jpg.resized.jpg\" \/>\n\t<meta property=\"og:image:width\" content=\"640\" \/>\n\t<meta property=\"og:image:height\" content=\"361\" \/>\n<meta name=\"twitter:label1\" content=\"Procijenjeno vrijeme \u010ditanja\" \/>\n\t<meta name=\"twitter:data1\" content=\"2 minute\" \/>\n<script type=\"application\/ld+json\" class=\"yoast-schema-graph\">{\"@context\":\"https:\/\/schema.org\",\"@graph\":[{\"@type\":\"WebSite\",\"@id\":\"https:\/\/knjiznice.nsk.hr\/senj\/#website\",\"url\":\"https:\/\/knjiznice.nsk.hr\/senj\/\",\"name\":\"Gradska knji\\u017enica Senj\",\"description\":\"S vama od 1835. godine\",\"potentialAction\":[{\"@type\":\"SearchAction\",\"target\":\"https:\/\/knjiznice.nsk.hr\/senj\/?s={search_term_string}\",\"query-input\":\"required name=search_term_string\"}],\"inLanguage\":\"hr\"},{\"@type\":\"ImageObject\",\"@id\":\"https:\/\/knjiznice.nsk.hr\/senj\/otvorena-izlozba-marije-puzak-boje-mediterana\/#primaryimage\",\"inLanguage\":\"hr\",\"url\":\"https:\/\/knjiznice.nsk.hr\/senj\/wp-content\/uploads\/sites\/60\/2018\/07\/SUDIONICI-I-ORGANIZATORI-OTVORENJA-S-UMJETNICOM-PUZAK.jpg.resized.jpg\",\"contentUrl\":\"https:\/\/knjiznice.nsk.hr\/senj\/wp-content\/uploads\/sites\/60\/2018\/07\/SUDIONICI-I-ORGANIZATORI-OTVORENJA-S-UMJETNICOM-PUZAK.jpg.resized.jpg\",\"width\":640,\"height\":361},{\"@type\":\"WebPage\",\"@id\":\"https:\/\/knjiznice.nsk.hr\/senj\/otvorena-izlozba-marije-puzak-boje-mediterana\/#webpage\",\"url\":\"https:\/\/knjiznice.nsk.hr\/senj\/otvorena-izlozba-marije-puzak-boje-mediterana\/\",\"name\":\"OTVORENA IZLO\\u017dBA MARIJE PUZAK \\u201eBOJE MEDITERANA\\u201c - Gradska knji\\u017enica Senj\",\"isPartOf\":{\"@id\":\"https:\/\/knjiznice.nsk.hr\/senj\/#website\"},\"primaryImageOfPage\":{\"@id\":\"https:\/\/knjiznice.nsk.hr\/senj\/otvorena-izlozba-marije-puzak-boje-mediterana\/#primaryimage\"},\"datePublished\":\"2018-07-20T06:48:05+00:00\",\"dateModified\":\"2018-07-20T06:48:05+00:00\",\"author\":{\"@id\":\"https:\/\/knjiznice.nsk.hr\/senj\/#\/schema\/person\/c6b0893cdaca205d44fe2c322c042ac7\"},\"breadcrumb\":{\"@id\":\"https:\/\/knjiznice.nsk.hr\/senj\/otvorena-izlozba-marije-puzak-boje-mediterana\/#breadcrumb\"},\"inLanguage\":\"hr\",\"potentialAction\":[{\"@type\":\"ReadAction\",\"target\":[\"https:\/\/knjiznice.nsk.hr\/senj\/otvorena-izlozba-marije-puzak-boje-mediterana\/\"]}]},{\"@type\":\"BreadcrumbList\",\"@id\":\"https:\/\/knjiznice.nsk.hr\/senj\/otvorena-izlozba-marije-puzak-boje-mediterana\/#breadcrumb\",\"itemListElement\":[{\"@type\":\"ListItem\",\"position\":1,\"item\":{\"@type\":\"WebPage\",\"@id\":\"https:\/\/knjiznice.nsk.hr\/senj\/\",\"url\":\"https:\/\/knjiznice.nsk.hr\/senj\/\",\"name\":\"Po\\u010detna stranica\"}},{\"@type\":\"ListItem\",\"position\":2,\"item\":{\"@id\":\"https:\/\/knjiznice.nsk.hr\/senj\/otvorena-izlozba-marije-puzak-boje-mediterana\/#webpage\"}}]},{\"@type\":\"Person\",\"@id\":\"https:\/\/knjiznice.nsk.hr\/senj\/#\/schema\/person\/c6b0893cdaca205d44fe2c322c042ac7\",\"name\":\"senj\",\"image\":{\"@type\":\"ImageObject\",\"@id\":\"https:\/\/knjiznice.nsk.hr\/senj\/#personlogo\",\"inLanguage\":\"hr\",\"url\":\"https:\/\/secure.gravatar.com\/avatar\/b00e8e1a99b5ba41772fe68c6bcfd17c?s=96&d=mm&r=g\",\"contentUrl\":\"https:\/\/secure.gravatar.com\/avatar\/b00e8e1a99b5ba41772fe68c6bcfd17c?s=96&d=mm&r=g\",\"caption\":\"senj\"}}]}<\/script>\n<!-- \/ Yoast SEO plugin. -->","_links":{"self":[{"href":"https:\/\/knjiznice.nsk.hr\/senj\/wp-json\/wp\/v2\/posts\/1565"}],"collection":[{"href":"https:\/\/knjiznice.nsk.hr\/senj\/wp-json\/wp\/v2\/posts"}],"about":[{"href":"https:\/\/knjiznice.nsk.hr\/senj\/wp-json\/wp\/v2\/types\/post"}],"author":[{"embeddable":true,"href":"https:\/\/knjiznice.nsk.hr\/senj\/wp-json\/wp\/v2\/users\/58"}],"replies":[{"embeddable":true,"href":"https:\/\/knjiznice.nsk.hr\/senj\/wp-json\/wp\/v2\/comments?post=1565"}],"version-history":[{"count":1,"href":"https:\/\/knjiznice.nsk.hr\/senj\/wp-json\/wp\/v2\/posts\/1565\/revisions"}],"predecessor-version":[{"id":1567,"href":"https:\/\/knjiznice.nsk.hr\/senj\/wp-json\/wp\/v2\/posts\/1565\/revisions\/1567"}],"wp:featuredmedia":[{"embeddable":true,"href":"https:\/\/knjiznice.nsk.hr\/senj\/wp-json\/wp\/v2\/media\/1566"}],"wp:attachment":[{"href":"https:\/\/knjiznice.nsk.hr\/senj\/wp-json\/wp\/v2\/media?parent=1565"}],"wp:term":[{"taxonomy":"category","embeddable":true,"href":"https:\/\/knjiznice.nsk.hr\/senj\/wp-json\/wp\/v2\/categories?post=1565"},{"taxonomy":"post_tag","embeddable":true,"href":"https:\/\/knjiznice.nsk.hr\/senj\/wp-json\/wp\/v2\/tags?post=1565"}],"curies":[{"name":"wp","href":"https:\/\/api.w.org\/{rel}","templated":true}]}}