{"id":1517,"date":"2017-12-15T09:40:26","date_gmt":"2017-12-15T09:40:26","guid":{"rendered":"http:\/\/knjiznice.nsk.hr\/senj\/?p=1517"},"modified":"2018-07-10T19:22:39","modified_gmt":"2018-07-10T19:22:39","slug":"zavrsen-ciklus-blagdanskih-radionica-u-gradskoj-knjiznici-senj-2","status":"publish","type":"post","link":"https:\/\/knjiznice.nsk.hr\/senj\/zavrsen-ciklus-blagdanskih-radionica-u-gradskoj-knjiznici-senj-2\/","title":{"rendered":"ZAVR\u0160EN CIKLUS BLAGDANSKIH RADIONICA U GRADSKOJ KNJI\u017dNICI SENJ."},"content":{"rendered":"<p>Ovaj \u010detvrtak, 14. prosinca 2017. g. odr\u017eana je u Gradskoj knji\u017enici Senj tre\u0107a i posljednja ovogodi\u0161nja Knji\u017eni\u010dna bo\u017ei\u0107na radionica.&nbsp;<br \/>\nSlu\u0161ali smo bo\u017ei\u0107ne pjesme, \u010ditali prigodne bo\u017ei\u0107ne pri\u010de te smo izradili dekoracije i nakit za veliki zidni bor koji je ukrasio Dje\u010dji odjel na\u0161e Knji\u017enice. Izra\u0111ivali smo balotice s blagdanskim motivima, razne prigodne ukrase te \u010destitke pune lijepih \u017eelja za nadolaze\u0107e bo\u017ei\u0107ne dane i novu 2018.godinu.&nbsp;<br \/>\nKroz \u010ditanje pri\u010da, slikanje, pisanje&nbsp;i razgovor o blagdanima, djeci smo istaknuli da Bo\u017ei\u0107 nisu darovi i materijalne vrijednosti nego toplina srca i radost dru\u017eenja, ali i pomo\u0107 potrebitima, usamljenima i siroma\u0161nima kako bi i oni osjetili toplinu blagdana.<br \/>\nU sklopu susreta uprili\u010dena je i dodjela nagrada i priznanja naj\u010dita\u010dima Gradske knji\u017enice Senj za 2017. godinu. U kategoriji djece nagradu je odnijela Franka Biljaka, a u kategoriji odraslih \u010dita\u010da ove je godine najvi\u0161e posudbi ostvarila g\u0111a. Ana Labura (nagradu preuzeo suprug). \u010cestitamo od srca svim nagra\u0111enima i ponosimo se svojim naj\u010dita\u010dima, pogotovo onim najmla\u0111ima na kojima svijet \u010ditanja ostaje.<br \/>\nKnji\u017eni\u010dne bo\u017ei\u0107ne radionice odvijale su se u sklopu bogatog bo\u017ei\u0107nog programa u gradu pod Nehajem pod nazivom Advent u Senju kojim koordinira Turisti\u010dka zajednica Grada Senja u suradnji s brojnim senjskim ustanovama i udrugama.<br \/>\nKroz tri susreta djeci smo kroz razne aktivnosti obogatili ove blagdanske dane. Educirali smo ih o pravim vrijednostima Bo\u017ei\u0107a kao sto su ljubav, dru\u017eenje, opra\u0161tanje te radost zajedni\u0161tva te smo ih upu\u0107ivali na korisnost i ljepotu \u010ditanja. Tako\u0111er, u suradnji s Foto klubom Senj djeca su u\u010dila o fotografiji i na zabavan na\u010din upoznala osnove fotografiranja. Uz to,izra\u0111ivali smo nakit za jelku na Potoku, izra\u0111ivali \u010destitke te razne prigodne dekoracije.<br \/>\nBilo je ugodno, veselo, pou\u010dno i zabavno. Hvala djeci i roditeljima na dolasku i vidimo se i dogodine. Uz to, srda\u010dno zahvaljujemo Foto klubu Senj i Turisti\u010dkoj zajednici Grada Senja na lijepoj suradnji.<\/p>\n","protected":false},"excerpt":{"rendered":"<p>Ovaj \u010detvrtak, 14. prosinca 2017. g. odr\u017eana je u Gradskoj knji\u017enici Senj tre\u0107a i posljednja ovogodi\u0161nja Knji\u017eni\u010dna bo\u017ei\u0107na radionica.&nbsp; Slu\u0161ali smo bo\u017ei\u0107ne pjesme, \u010ditali prigodne bo\u017ei\u0107ne pri\u010de te smo izradili dekoracije i nakit za veliki zidni bor koji je ukrasio Dje\u010dji odjel na\u0161e Knji\u017enice. Izra\u0111ivali smo balotice s blagdanskim motivima, razne prigodne ukrase te \u010destitke [&hellip;]<\/p>\n","protected":false},"author":34,"featured_media":0,"comment_status":"closed","ping_status":"closed","sticky":false,"template":"","format":"standard","meta":{"ngg_post_thumbnail":0},"categories":[8],"tags":[],"yoast_head":"<!-- This site is optimized with the Yoast SEO plugin v16.4 - https:\/\/yoast.com\/wordpress\/plugins\/seo\/ -->\n<meta name=\"robots\" content=\"index, follow, max-snippet:-1, max-image-preview:large, max-video-preview:-1\" \/>\n<link rel=\"canonical\" href=\"http:\/\/knjiznice.nsk.hr\/senj\/zavrsen-ciklus-blagdanskih-radionica-u-gradskoj-knjiznici-senj-2\/\" \/>\n<meta property=\"og:locale\" content=\"hr_HR\" \/>\n<meta property=\"og:type\" content=\"article\" \/>\n<meta property=\"og:title\" content=\"ZAVR\u0160EN CIKLUS BLAGDANSKIH RADIONICA U GRADSKOJ KNJI\u017dNICI SENJ. - Gradska knji\u017enica Senj\" \/>\n<meta property=\"og:description\" content=\"Ovaj \u010detvrtak, 14. prosinca 2017. g. odr\u017eana je u Gradskoj knji\u017enici Senj tre\u0107a i posljednja ovogodi\u0161nja Knji\u017eni\u010dna bo\u017ei\u0107na radionica.&nbsp; Slu\u0161ali smo bo\u017ei\u0107ne pjesme, \u010ditali prigodne bo\u017ei\u0107ne pri\u010de te smo izradili dekoracije i nakit za veliki zidni bor koji je ukrasio Dje\u010dji odjel na\u0161e Knji\u017enice. Izra\u0111ivali smo balotice s blagdanskim motivima, razne prigodne ukrase te \u010destitke [&hellip;]\" \/>\n<meta property=\"og:url\" content=\"http:\/\/knjiznice.nsk.hr\/senj\/zavrsen-ciklus-blagdanskih-radionica-u-gradskoj-knjiznici-senj-2\/\" \/>\n<meta property=\"og:site_name\" content=\"Gradska knji\u017enica Senj\" \/>\n<meta property=\"article:publisher\" content=\"http:\/\/facebook.com\/Gradska-knji%c5%benica-SENJ\" \/>\n<meta property=\"article:published_time\" content=\"2017-12-15T09:40:26+00:00\" \/>\n<meta property=\"article:modified_time\" content=\"2018-07-10T19:22:39+00:00\" \/>\n<meta name=\"twitter:label1\" content=\"Procijenjeno vrijeme \u010ditanja\" \/>\n\t<meta name=\"twitter:data1\" content=\"2 minute\" \/>\n<script type=\"application\/ld+json\" class=\"yoast-schema-graph\">{\"@context\":\"https:\/\/schema.org\",\"@graph\":[{\"@type\":\"WebSite\",\"@id\":\"https:\/\/knjiznice.nsk.hr\/senj\/#website\",\"url\":\"https:\/\/knjiznice.nsk.hr\/senj\/\",\"name\":\"Gradska knji\\u017enica Senj\",\"description\":\"S vama od 1835. godine\",\"potentialAction\":[{\"@type\":\"SearchAction\",\"target\":\"https:\/\/knjiznice.nsk.hr\/senj\/?s={search_term_string}\",\"query-input\":\"required name=search_term_string\"}],\"inLanguage\":\"hr\"},{\"@type\":\"WebPage\",\"@id\":\"http:\/\/knjiznice.nsk.hr\/senj\/zavrsen-ciklus-blagdanskih-radionica-u-gradskoj-knjiznici-senj-2\/#webpage\",\"url\":\"http:\/\/knjiznice.nsk.hr\/senj\/zavrsen-ciklus-blagdanskih-radionica-u-gradskoj-knjiznici-senj-2\/\",\"name\":\"ZAVR\\u0160EN CIKLUS BLAGDANSKIH RADIONICA U GRADSKOJ KNJI\\u017dNICI SENJ. - Gradska knji\\u017enica Senj\",\"isPartOf\":{\"@id\":\"https:\/\/knjiznice.nsk.hr\/senj\/#website\"},\"datePublished\":\"2017-12-15T09:40:26+00:00\",\"dateModified\":\"2018-07-10T19:22:39+00:00\",\"author\":{\"@id\":\"https:\/\/knjiznice.nsk.hr\/senj\/#\/schema\/person\/315e37a82e4274a7e4c541214a65006e\"},\"breadcrumb\":{\"@id\":\"http:\/\/knjiznice.nsk.hr\/senj\/zavrsen-ciklus-blagdanskih-radionica-u-gradskoj-knjiznici-senj-2\/#breadcrumb\"},\"inLanguage\":\"hr\",\"potentialAction\":[{\"@type\":\"ReadAction\",\"target\":[\"http:\/\/knjiznice.nsk.hr\/senj\/zavrsen-ciklus-blagdanskih-radionica-u-gradskoj-knjiznici-senj-2\/\"]}]},{\"@type\":\"BreadcrumbList\",\"@id\":\"http:\/\/knjiznice.nsk.hr\/senj\/zavrsen-ciklus-blagdanskih-radionica-u-gradskoj-knjiznici-senj-2\/#breadcrumb\",\"itemListElement\":[{\"@type\":\"ListItem\",\"position\":1,\"item\":{\"@type\":\"WebPage\",\"@id\":\"https:\/\/knjiznice.nsk.hr\/senj\/\",\"url\":\"https:\/\/knjiznice.nsk.hr\/senj\/\",\"name\":\"Po\\u010detna stranica\"}},{\"@type\":\"ListItem\",\"position\":2,\"item\":{\"@id\":\"http:\/\/knjiznice.nsk.hr\/senj\/zavrsen-ciklus-blagdanskih-radionica-u-gradskoj-knjiznici-senj-2\/#webpage\"}}]},{\"@type\":\"Person\",\"@id\":\"https:\/\/knjiznice.nsk.hr\/senj\/#\/schema\/person\/315e37a82e4274a7e4c541214a65006e\",\"name\":\"Filip Lon\\u010dar\",\"image\":{\"@type\":\"ImageObject\",\"@id\":\"https:\/\/knjiznice.nsk.hr\/senj\/#personlogo\",\"inLanguage\":\"hr\",\"url\":\"https:\/\/secure.gravatar.com\/avatar\/88f82d4282f71a8cdcb47b662ce8628e?s=96&d=mm&r=g\",\"contentUrl\":\"https:\/\/secure.gravatar.com\/avatar\/88f82d4282f71a8cdcb47b662ce8628e?s=96&d=mm&r=g\",\"caption\":\"Filip Lon\\u010dar\"}}]}<\/script>\n<!-- \/ Yoast SEO plugin. -->","_links":{"self":[{"href":"https:\/\/knjiznice.nsk.hr\/senj\/wp-json\/wp\/v2\/posts\/1517"}],"collection":[{"href":"https:\/\/knjiznice.nsk.hr\/senj\/wp-json\/wp\/v2\/posts"}],"about":[{"href":"https:\/\/knjiznice.nsk.hr\/senj\/wp-json\/wp\/v2\/types\/post"}],"author":[{"embeddable":true,"href":"https:\/\/knjiznice.nsk.hr\/senj\/wp-json\/wp\/v2\/users\/34"}],"replies":[{"embeddable":true,"href":"https:\/\/knjiznice.nsk.hr\/senj\/wp-json\/wp\/v2\/comments?post=1517"}],"version-history":[{"count":1,"href":"https:\/\/knjiznice.nsk.hr\/senj\/wp-json\/wp\/v2\/posts\/1517\/revisions"}],"predecessor-version":[{"id":1518,"href":"https:\/\/knjiznice.nsk.hr\/senj\/wp-json\/wp\/v2\/posts\/1517\/revisions\/1518"}],"wp:attachment":[{"href":"https:\/\/knjiznice.nsk.hr\/senj\/wp-json\/wp\/v2\/media?parent=1517"}],"wp:term":[{"taxonomy":"category","embeddable":true,"href":"https:\/\/knjiznice.nsk.hr\/senj\/wp-json\/wp\/v2\/categories?post=1517"},{"taxonomy":"post_tag","embeddable":true,"href":"https:\/\/knjiznice.nsk.hr\/senj\/wp-json\/wp\/v2\/tags?post=1517"}],"curies":[{"name":"wp","href":"https:\/\/api.w.org\/{rel}","templated":true}]}}