{"id":1512,"date":"2018-02-05T09:37:39","date_gmt":"2018-02-05T09:37:39","guid":{"rendered":"http:\/\/knjiznice.nsk.hr\/senj\/?p=1512"},"modified":"2018-07-10T19:22:50","modified_gmt":"2018-07-10T19:22:50","slug":"obiljezen-medunarodni-dan-sjecanja-na-zrtve-holokausta","status":"publish","type":"post","link":"https:\/\/knjiznice.nsk.hr\/senj\/obiljezen-medunarodni-dan-sjecanja-na-zrtve-holokausta\/","title":{"rendered":"OBILJE\u017dEN ME\u0110UNARODNI DAN SJE\u0106ANJA NA \u017dRTVE HOLOKAUSTA"},"content":{"rendered":"<p>I ove godine Gradska knji\u017enica Senj i Srednja \u0161kola Pavla Ritera Vitezovi\u0107a Senj organizirali su edukativni sat za gimnazijalce povodom me\u0111unarodnog Dana sje\u0107anja na \u017ertve holokausta.<\/p>\n<p>&nbsp;<\/p>\n<p>-Dan sje\u0107anja na holokaust obilje\u017eava se diljem Europe, pa tako i u Hrvatskoj s posebnim naglaskom na obrazovanju mladih generacija. Iz tog razloga smo i mi danas tu. \u017delimo da mladi kroz razne vidove umjetnosti i edukacije saznaju \u0161to se u pro\u0161losti doga\u0111alo. Na ovaj Dan odajemo po\u010dast \u017ertvama rata i nagla\u0161avamo da su holokaust kao i svaka vrsta genocida posljedica mr\u017enje, netolerancije i ekstremizma. Zato nove generacije moramo odgajati kao gra\u0111ane koji \u017eive u demokraciji i toleranciji i prihva\u0107aju sve ljude bez obzira na dob, spol, vjeru, boju ko\u017ee i uvjerenje. Na taj na\u010din sprje\u010davamo novi holokaust i stvaramo bolji, ljep\u0161i svijet, rekla je uvodno ravnateljica Gradske knji\u017enice Senj Ana Prpi\u0107 Rogi\u0107 koja je u nastavku u\u010denicima predstavila literaturu koja na beletristi\u010dki, emotivan na\u010din pristupa ovoj tematici.<\/p>\n<p>&nbsp;<\/p>\n<p>Ovakva obilje\u017eavanja nemaju za cilj opteretiti mlade povije\u0161\u0107u, nego ih osvijestiti o posljedicama rata i senzibilizirati za \u017ertve rata. Uz u\u010denje iz ud\u017ebenika i knjiga koje dokumentarno obra\u0111uju ovu temu, treba temu holokausta sagledati i s one ljudske, osje\u0107ajne strane. Na taj na\u010din mladi razvijaju empatiju za \u017ertve rata uz \u017eelju za mirom, uz \u017eelju da se \u017ertva nikad ne zaboravi, ali i da se ovakvo zlo nikad vi\u0161e ne ponovi. U emocionalnom pristupu va\u017enu ulogu ima umjetnost. Fotografija, film, glazba, beletristika progovaraju o ovoj temi upravo na onaj najsenzibilniji na\u010din. Iz toga razloga odlu\u010dili smo s gimnazijalcima pogledati povijesnu dramu&nbsp;\u201ePijanist\u201c <a href=\"https:\/\/hr.wikipedia.org\/wiki\/Roman_Polanski\" target=\"_blank\" rel=\"noopener\">Romana Polanskog<\/a>&nbsp;iz&nbsp;<a href=\"https:\/\/hr.wikipedia.org\/wiki\/2002\" target=\"_blank\" rel=\"noopener\">2002<\/a>. godine s&nbsp;<a href=\"https:\/\/hr.wikipedia.org\/wiki\/Adrien_Brody\" target=\"_blank\" rel=\"noopener\">Adrienom Brodyjem<\/a> u glavnoj ulozi,&nbsp;<a href=\"https:\/\/hr.wikipedia.org\/wiki\/Filmska_adaptacija\" target=\"_blank\" rel=\"noopener\">snimljenu<\/a> prema&nbsp;istoimenoj autobiografiji&nbsp;<a href=\"https:\/\/hr.wikipedia.org\/wiki\/%C5%BDidov\" target=\"_blank\" rel=\"noopener\">\u017eidovsko<\/a>&#8211;<a href=\"https:\/\/hr.wikipedia.org\/wiki\/Poljska\" target=\"_blank\" rel=\"noopener\">poljskog<\/a>&nbsp;glazbenika Wladyslawa Szpilmana.<\/p>\n<p>&nbsp;<\/p>\n<p>Profesor povijesti Silvije \u0160ojat dao je povijesni kontekst u koji je film smje\u0161ten, a knji\u017eni\u010darka Prpi\u0107 Rogi\u0107 mladima je iznijela osnovne podatke vezane za ovo nagra\u0111ivano filmsko remek-djelo naglasiv\u0161i simboliku pojedinih scena te istaknuv\u0161i va\u017enost i vrijednost ovog filma koji je nastao prema istinitom doga\u0111aju.<\/p>\n<p>Iako traje gotovo 3 sata, u\u010denici su bez daha odgledali film te su njime bili vidno ganuti. Tijekom i nakon filma u\u010denici su iznosili svoje dojmove zaklju\u010div\u0161i da je film sjajan, ali i vrlo potresan, no svakako vrijedan gledanja i pa\u017enje.<\/p>\n<p>Hvala prof. \u0160ojatu i gimnazijalcima na uvijek dobroj suradnji, a hvala i na\u0161oj srednjoj \u0161koli \u0161to je Knji\u017enicu ove godine ugostila u svojim prostorima.<\/p>\n","protected":false},"excerpt":{"rendered":"<p>I ove godine Gradska knji\u017enica Senj i Srednja \u0161kola Pavla Ritera Vitezovi\u0107a Senj organizirali su edukativni sat za gimnazijalce povodom me\u0111unarodnog Dana sje\u0107anja na \u017ertve holokausta. &nbsp; -Dan sje\u0107anja na holokaust obilje\u017eava se diljem Europe, pa tako i u Hrvatskoj s posebnim naglaskom na obrazovanju mladih generacija. Iz tog razloga smo i mi danas tu. [&hellip;]<\/p>\n","protected":false},"author":34,"featured_media":0,"comment_status":"closed","ping_status":"closed","sticky":false,"template":"","format":"standard","meta":{"ngg_post_thumbnail":0},"categories":[8],"tags":[],"yoast_head":"<!-- This site is optimized with the Yoast SEO plugin v16.4 - https:\/\/yoast.com\/wordpress\/plugins\/seo\/ -->\n<meta name=\"robots\" content=\"index, follow, max-snippet:-1, max-image-preview:large, max-video-preview:-1\" \/>\n<link rel=\"canonical\" href=\"http:\/\/knjiznice.nsk.hr\/senj\/obiljezen-medunarodni-dan-sjecanja-na-zrtve-holokausta\/\" \/>\n<meta property=\"og:locale\" content=\"hr_HR\" \/>\n<meta property=\"og:type\" content=\"article\" \/>\n<meta property=\"og:title\" content=\"OBILJE\u017dEN ME\u0110UNARODNI DAN SJE\u0106ANJA NA \u017dRTVE HOLOKAUSTA - Gradska knji\u017enica Senj\" \/>\n<meta property=\"og:description\" content=\"I ove godine Gradska knji\u017enica Senj i Srednja \u0161kola Pavla Ritera Vitezovi\u0107a Senj organizirali su edukativni sat za gimnazijalce povodom me\u0111unarodnog Dana sje\u0107anja na \u017ertve holokausta. &nbsp; -Dan sje\u0107anja na holokaust obilje\u017eava se diljem Europe, pa tako i u Hrvatskoj s posebnim naglaskom na obrazovanju mladih generacija. Iz tog razloga smo i mi danas tu. [&hellip;]\" \/>\n<meta property=\"og:url\" content=\"http:\/\/knjiznice.nsk.hr\/senj\/obiljezen-medunarodni-dan-sjecanja-na-zrtve-holokausta\/\" \/>\n<meta property=\"og:site_name\" content=\"Gradska knji\u017enica Senj\" \/>\n<meta property=\"article:publisher\" content=\"http:\/\/facebook.com\/Gradska-knji%c5%benica-SENJ\" \/>\n<meta property=\"article:published_time\" content=\"2018-02-05T09:37:39+00:00\" \/>\n<meta property=\"article:modified_time\" content=\"2018-07-10T19:22:50+00:00\" \/>\n<meta name=\"twitter:label1\" content=\"Procijenjeno vrijeme \u010ditanja\" \/>\n\t<meta name=\"twitter:data1\" content=\"2 minute\" \/>\n<script type=\"application\/ld+json\" class=\"yoast-schema-graph\">{\"@context\":\"https:\/\/schema.org\",\"@graph\":[{\"@type\":\"WebSite\",\"@id\":\"https:\/\/knjiznice.nsk.hr\/senj\/#website\",\"url\":\"https:\/\/knjiznice.nsk.hr\/senj\/\",\"name\":\"Gradska knji\\u017enica Senj\",\"description\":\"S vama od 1835. godine\",\"potentialAction\":[{\"@type\":\"SearchAction\",\"target\":\"https:\/\/knjiznice.nsk.hr\/senj\/?s={search_term_string}\",\"query-input\":\"required name=search_term_string\"}],\"inLanguage\":\"hr\"},{\"@type\":\"WebPage\",\"@id\":\"http:\/\/knjiznice.nsk.hr\/senj\/obiljezen-medunarodni-dan-sjecanja-na-zrtve-holokausta\/#webpage\",\"url\":\"http:\/\/knjiznice.nsk.hr\/senj\/obiljezen-medunarodni-dan-sjecanja-na-zrtve-holokausta\/\",\"name\":\"OBILJE\\u017dEN ME\\u0110UNARODNI DAN SJE\\u0106ANJA NA \\u017dRTVE HOLOKAUSTA - Gradska knji\\u017enica Senj\",\"isPartOf\":{\"@id\":\"https:\/\/knjiznice.nsk.hr\/senj\/#website\"},\"datePublished\":\"2018-02-05T09:37:39+00:00\",\"dateModified\":\"2018-07-10T19:22:50+00:00\",\"author\":{\"@id\":\"https:\/\/knjiznice.nsk.hr\/senj\/#\/schema\/person\/315e37a82e4274a7e4c541214a65006e\"},\"breadcrumb\":{\"@id\":\"http:\/\/knjiznice.nsk.hr\/senj\/obiljezen-medunarodni-dan-sjecanja-na-zrtve-holokausta\/#breadcrumb\"},\"inLanguage\":\"hr\",\"potentialAction\":[{\"@type\":\"ReadAction\",\"target\":[\"http:\/\/knjiznice.nsk.hr\/senj\/obiljezen-medunarodni-dan-sjecanja-na-zrtve-holokausta\/\"]}]},{\"@type\":\"BreadcrumbList\",\"@id\":\"http:\/\/knjiznice.nsk.hr\/senj\/obiljezen-medunarodni-dan-sjecanja-na-zrtve-holokausta\/#breadcrumb\",\"itemListElement\":[{\"@type\":\"ListItem\",\"position\":1,\"item\":{\"@type\":\"WebPage\",\"@id\":\"https:\/\/knjiznice.nsk.hr\/senj\/\",\"url\":\"https:\/\/knjiznice.nsk.hr\/senj\/\",\"name\":\"Po\\u010detna stranica\"}},{\"@type\":\"ListItem\",\"position\":2,\"item\":{\"@id\":\"http:\/\/knjiznice.nsk.hr\/senj\/obiljezen-medunarodni-dan-sjecanja-na-zrtve-holokausta\/#webpage\"}}]},{\"@type\":\"Person\",\"@id\":\"https:\/\/knjiznice.nsk.hr\/senj\/#\/schema\/person\/315e37a82e4274a7e4c541214a65006e\",\"name\":\"Filip Lon\\u010dar\",\"image\":{\"@type\":\"ImageObject\",\"@id\":\"https:\/\/knjiznice.nsk.hr\/senj\/#personlogo\",\"inLanguage\":\"hr\",\"url\":\"https:\/\/secure.gravatar.com\/avatar\/88f82d4282f71a8cdcb47b662ce8628e?s=96&d=mm&r=g\",\"contentUrl\":\"https:\/\/secure.gravatar.com\/avatar\/88f82d4282f71a8cdcb47b662ce8628e?s=96&d=mm&r=g\",\"caption\":\"Filip Lon\\u010dar\"}}]}<\/script>\n<!-- \/ Yoast SEO plugin. -->","_links":{"self":[{"href":"https:\/\/knjiznice.nsk.hr\/senj\/wp-json\/wp\/v2\/posts\/1512"}],"collection":[{"href":"https:\/\/knjiznice.nsk.hr\/senj\/wp-json\/wp\/v2\/posts"}],"about":[{"href":"https:\/\/knjiznice.nsk.hr\/senj\/wp-json\/wp\/v2\/types\/post"}],"author":[{"embeddable":true,"href":"https:\/\/knjiznice.nsk.hr\/senj\/wp-json\/wp\/v2\/users\/34"}],"replies":[{"embeddable":true,"href":"https:\/\/knjiznice.nsk.hr\/senj\/wp-json\/wp\/v2\/comments?post=1512"}],"version-history":[{"count":2,"href":"https:\/\/knjiznice.nsk.hr\/senj\/wp-json\/wp\/v2\/posts\/1512\/revisions"}],"predecessor-version":[{"id":1514,"href":"https:\/\/knjiznice.nsk.hr\/senj\/wp-json\/wp\/v2\/posts\/1512\/revisions\/1514"}],"wp:attachment":[{"href":"https:\/\/knjiznice.nsk.hr\/senj\/wp-json\/wp\/v2\/media?parent=1512"}],"wp:term":[{"taxonomy":"category","embeddable":true,"href":"https:\/\/knjiznice.nsk.hr\/senj\/wp-json\/wp\/v2\/categories?post=1512"},{"taxonomy":"post_tag","embeddable":true,"href":"https:\/\/knjiznice.nsk.hr\/senj\/wp-json\/wp\/v2\/tags?post=1512"}],"curies":[{"name":"wp","href":"https:\/\/api.w.org\/{rel}","templated":true}]}}