{"id":1381,"date":"2017-11-09T16:20:55","date_gmt":"2017-11-09T16:20:55","guid":{"rendered":"http:\/\/knjiznice.nsk.hr\/senj\/?p=1381"},"modified":"2017-11-09T16:20:55","modified_gmt":"2017-11-09T16:20:55","slug":"via-dinarica-uskoro-gradskoj-knjiznici-senj","status":"publish","type":"post","link":"https:\/\/knjiznice.nsk.hr\/senj\/via-dinarica-uskoro-gradskoj-knjiznici-senj\/","title":{"rendered":"VIA DINARICA USKORO U GRADSKOJ KNJI\u017dNICI SENJ"},"content":{"rendered":"<p>PLANINARSKO DRU\u0160TVO \u201eZAVI\u017dAN\u201c SENJ I<\/p>\n<p>GRADSKA KNJINICA SENJ<\/p>\n<p>U SKLOPU MJESECA HRVATSKE KNJIGE<\/p>\n<p>POZIVAJU VAS<\/p>\n<p><strong>NA PREDAVANJE I PREZENTACIJU ALANA \u010cAPLARA<\/strong><\/p>\n<p>POD NAZIVOM<\/p>\n<p><strong><u>VIA DINARICA<\/u><\/strong><\/p>\n<p><strong><u>GRADSKA KNJI\u017dNICA SENJ, \u010cETVRTAK, 16. STUDENOGA 2017.GODINE, 18 SATI<\/u><\/strong><\/p>\n<p>&nbsp;<\/p>\n<p>&nbsp;<\/p>\n<p>U sklopu Mjeseca hrvatske knjige, a u organizaciji Planinarskog dru\u0161tva \u201eZavi\u017ean\u201c Senj i Gradske knji\u017enice Senj 16. studenoga 2017. g. u goste nam dolazi Alan \u010caplar, p<strong>redsjednik Udruge \u201eVia Dinarica Hrvatska\u201c,<\/strong> urednik magazina \u201eHrvatski planinar\u201c te autor preko 25 planinarskih vodi\u010da i priru\u010dnika.<\/p>\n<p>Gdin. \u010caplar \u0107e nam kroz rije\u010d i sliku do\u010darati Via Dinaricu-vrlo zanimljiv me\u0111unarodni projekt koji obuhva\u0107a zemlje regije na kojima se rasprostiru Dinaridi. Projektom je obuhva\u0107eno promoviranje planinarskih ruta, turizma, ekologije te kulturnog i povijesnog bogatsva toga podru\u010dja s ciljem unaprije\u0111enja i povezivanja potencijala Dinarskog gorja, a koliko je ovaj projekt omiljen i kvalitetan svjedo\u010de i pohvale od strane Nacional Greographica.<\/p>\n<p>Krasna je ovo tema za sve ljubitelje prirode, planinarenja i za sve one koji te\u017ee nau\u010diti ne\u0161to novo i otkriti nove mogu\u0107nosti. Stoga vas s veseljem pozivamo da zajedno s nama u\u017eivate u ovom zanimljivom i \u017eivopisnom predavanju i dru\u017eenju!<\/p>\n<p>&nbsp;<\/p>\n<p>Radujemo se va\u0161em dolasku!<\/p>\n<p>&nbsp;<\/p>\n","protected":false},"excerpt":{"rendered":"<p>PLANINARSKO DRU\u0160TVO \u201eZAVI\u017dAN\u201c SENJ I GRADSKA KNJINICA SENJ U SKLOPU MJESECA HRVATSKE KNJIGE POZIVAJU VAS NA PREDAVANJE I PREZENTACIJU ALANA \u010cAPLARA POD NAZIVOM VIA DINARICA GRADSKA KNJI\u017dNICA SENJ, \u010cETVRTAK, 16. STUDENOGA 2017.GODINE, 18 SATI &nbsp; &nbsp; U sklopu Mjeseca hrvatske knjige, a u organizaciji Planinarskog dru\u0161tva \u201eZavi\u017ean\u201c Senj i Gradske knji\u017enice Senj 16. studenoga 2017. [&hellip;]<\/p>\n","protected":false},"author":58,"featured_media":1382,"comment_status":"closed","ping_status":"closed","sticky":false,"template":"","format":"standard","meta":{"ngg_post_thumbnail":0},"categories":[8],"tags":[],"yoast_head":"<!-- This site is optimized with the Yoast SEO plugin v16.4 - https:\/\/yoast.com\/wordpress\/plugins\/seo\/ -->\n<meta name=\"robots\" content=\"index, follow, max-snippet:-1, max-image-preview:large, max-video-preview:-1\" \/>\n<link rel=\"canonical\" href=\"https:\/\/knjiznice.nsk.hr\/senj\/via-dinarica-uskoro-gradskoj-knjiznici-senj\/\" \/>\n<meta property=\"og:locale\" content=\"hr_HR\" \/>\n<meta property=\"og:type\" content=\"article\" \/>\n<meta property=\"og:title\" content=\"VIA DINARICA USKORO U GRADSKOJ KNJI\u017dNICI SENJ - Gradska knji\u017enica Senj\" \/>\n<meta property=\"og:description\" content=\"PLANINARSKO DRU\u0160TVO \u201eZAVI\u017dAN\u201c SENJ I GRADSKA KNJINICA SENJ U SKLOPU MJESECA HRVATSKE KNJIGE POZIVAJU VAS NA PREDAVANJE I PREZENTACIJU ALANA \u010cAPLARA POD NAZIVOM VIA DINARICA GRADSKA KNJI\u017dNICA SENJ, \u010cETVRTAK, 16. STUDENOGA 2017.GODINE, 18 SATI &nbsp; &nbsp; U sklopu Mjeseca hrvatske knjige, a u organizaciji Planinarskog dru\u0161tva \u201eZavi\u017ean\u201c Senj i Gradske knji\u017enice Senj 16. studenoga 2017. [&hellip;]\" \/>\n<meta property=\"og:url\" content=\"https:\/\/knjiznice.nsk.hr\/senj\/via-dinarica-uskoro-gradskoj-knjiznici-senj\/\" \/>\n<meta property=\"og:site_name\" content=\"Gradska knji\u017enica Senj\" \/>\n<meta property=\"article:publisher\" content=\"http:\/\/facebook.com\/Gradska-knji%c5%benica-SENJ\" \/>\n<meta property=\"article:published_time\" content=\"2017-11-09T16:20:55+00:00\" \/>\n<meta property=\"og:image\" content=\"http:\/\/knjiznice.nsk.hr\/senj\/wp-content\/uploads\/sites\/60\/2017\/11\/via-dinarica.jpg\" \/>\n\t<meta property=\"og:image:width\" content=\"424\" \/>\n\t<meta property=\"og:image:height\" content=\"300\" \/>\n<meta name=\"twitter:label1\" content=\"Procijenjeno vrijeme \u010ditanja\" \/>\n\t<meta name=\"twitter:data1\" content=\"1 minuta\" \/>\n<script type=\"application\/ld+json\" class=\"yoast-schema-graph\">{\"@context\":\"https:\/\/schema.org\",\"@graph\":[{\"@type\":\"WebSite\",\"@id\":\"https:\/\/knjiznice.nsk.hr\/senj\/#website\",\"url\":\"https:\/\/knjiznice.nsk.hr\/senj\/\",\"name\":\"Gradska knji\\u017enica Senj\",\"description\":\"S vama od 1835. godine\",\"potentialAction\":[{\"@type\":\"SearchAction\",\"target\":\"https:\/\/knjiznice.nsk.hr\/senj\/?s={search_term_string}\",\"query-input\":\"required name=search_term_string\"}],\"inLanguage\":\"hr\"},{\"@type\":\"ImageObject\",\"@id\":\"https:\/\/knjiznice.nsk.hr\/senj\/via-dinarica-uskoro-gradskoj-knjiznici-senj\/#primaryimage\",\"inLanguage\":\"hr\",\"url\":\"https:\/\/knjiznice.nsk.hr\/senj\/wp-content\/uploads\/sites\/60\/2017\/11\/via-dinarica.jpg\",\"contentUrl\":\"https:\/\/knjiznice.nsk.hr\/senj\/wp-content\/uploads\/sites\/60\/2017\/11\/via-dinarica.jpg\",\"width\":424,\"height\":300},{\"@type\":\"WebPage\",\"@id\":\"https:\/\/knjiznice.nsk.hr\/senj\/via-dinarica-uskoro-gradskoj-knjiznici-senj\/#webpage\",\"url\":\"https:\/\/knjiznice.nsk.hr\/senj\/via-dinarica-uskoro-gradskoj-knjiznici-senj\/\",\"name\":\"VIA DINARICA USKORO U GRADSKOJ KNJI\\u017dNICI SENJ - Gradska knji\\u017enica Senj\",\"isPartOf\":{\"@id\":\"https:\/\/knjiznice.nsk.hr\/senj\/#website\"},\"primaryImageOfPage\":{\"@id\":\"https:\/\/knjiznice.nsk.hr\/senj\/via-dinarica-uskoro-gradskoj-knjiznici-senj\/#primaryimage\"},\"datePublished\":\"2017-11-09T16:20:55+00:00\",\"dateModified\":\"2017-11-09T16:20:55+00:00\",\"author\":{\"@id\":\"https:\/\/knjiznice.nsk.hr\/senj\/#\/schema\/person\/c6b0893cdaca205d44fe2c322c042ac7\"},\"breadcrumb\":{\"@id\":\"https:\/\/knjiznice.nsk.hr\/senj\/via-dinarica-uskoro-gradskoj-knjiznici-senj\/#breadcrumb\"},\"inLanguage\":\"hr\",\"potentialAction\":[{\"@type\":\"ReadAction\",\"target\":[\"https:\/\/knjiznice.nsk.hr\/senj\/via-dinarica-uskoro-gradskoj-knjiznici-senj\/\"]}]},{\"@type\":\"BreadcrumbList\",\"@id\":\"https:\/\/knjiznice.nsk.hr\/senj\/via-dinarica-uskoro-gradskoj-knjiznici-senj\/#breadcrumb\",\"itemListElement\":[{\"@type\":\"ListItem\",\"position\":1,\"item\":{\"@type\":\"WebPage\",\"@id\":\"https:\/\/knjiznice.nsk.hr\/senj\/\",\"url\":\"https:\/\/knjiznice.nsk.hr\/senj\/\",\"name\":\"Po\\u010detna stranica\"}},{\"@type\":\"ListItem\",\"position\":2,\"item\":{\"@id\":\"https:\/\/knjiznice.nsk.hr\/senj\/via-dinarica-uskoro-gradskoj-knjiznici-senj\/#webpage\"}}]},{\"@type\":\"Person\",\"@id\":\"https:\/\/knjiznice.nsk.hr\/senj\/#\/schema\/person\/c6b0893cdaca205d44fe2c322c042ac7\",\"name\":\"senj\",\"image\":{\"@type\":\"ImageObject\",\"@id\":\"https:\/\/knjiznice.nsk.hr\/senj\/#personlogo\",\"inLanguage\":\"hr\",\"url\":\"https:\/\/secure.gravatar.com\/avatar\/b00e8e1a99b5ba41772fe68c6bcfd17c?s=96&d=mm&r=g\",\"contentUrl\":\"https:\/\/secure.gravatar.com\/avatar\/b00e8e1a99b5ba41772fe68c6bcfd17c?s=96&d=mm&r=g\",\"caption\":\"senj\"}}]}<\/script>\n<!-- \/ Yoast SEO plugin. -->","_links":{"self":[{"href":"https:\/\/knjiznice.nsk.hr\/senj\/wp-json\/wp\/v2\/posts\/1381"}],"collection":[{"href":"https:\/\/knjiznice.nsk.hr\/senj\/wp-json\/wp\/v2\/posts"}],"about":[{"href":"https:\/\/knjiznice.nsk.hr\/senj\/wp-json\/wp\/v2\/types\/post"}],"author":[{"embeddable":true,"href":"https:\/\/knjiznice.nsk.hr\/senj\/wp-json\/wp\/v2\/users\/58"}],"replies":[{"embeddable":true,"href":"https:\/\/knjiznice.nsk.hr\/senj\/wp-json\/wp\/v2\/comments?post=1381"}],"version-history":[{"count":1,"href":"https:\/\/knjiznice.nsk.hr\/senj\/wp-json\/wp\/v2\/posts\/1381\/revisions"}],"predecessor-version":[{"id":1383,"href":"https:\/\/knjiznice.nsk.hr\/senj\/wp-json\/wp\/v2\/posts\/1381\/revisions\/1383"}],"wp:featuredmedia":[{"embeddable":true,"href":"https:\/\/knjiznice.nsk.hr\/senj\/wp-json\/wp\/v2\/media\/1382"}],"wp:attachment":[{"href":"https:\/\/knjiznice.nsk.hr\/senj\/wp-json\/wp\/v2\/media?parent=1381"}],"wp:term":[{"taxonomy":"category","embeddable":true,"href":"https:\/\/knjiznice.nsk.hr\/senj\/wp-json\/wp\/v2\/categories?post=1381"},{"taxonomy":"post_tag","embeddable":true,"href":"https:\/\/knjiznice.nsk.hr\/senj\/wp-json\/wp\/v2\/tags?post=1381"}],"curies":[{"name":"wp","href":"https:\/\/api.w.org\/{rel}","templated":true}]}}