{"id":1371,"date":"2017-11-03T08:03:24","date_gmt":"2017-11-03T08:03:24","guid":{"rendered":"http:\/\/knjiznice.nsk.hr\/senj\/?p=1371"},"modified":"2017-11-03T08:03:24","modified_gmt":"2017-11-03T08:03:24","slug":"ivana-brlic-mazuranic-gradskoj-knjiznici-senj","status":"publish","type":"post","link":"https:\/\/knjiznice.nsk.hr\/senj\/ivana-brlic-mazuranic-gradskoj-knjiznici-senj\/","title":{"rendered":"IVANA BRLI\u0106 MA\u017dURANI\u0106 U GRADSKOJ KNJI\u017dNICI SENJ"},"content":{"rendered":"<p>&nbsp;<\/p>\n<p>30.10.2017.-u sklopu Mjeseca hrvatske knjige<\/p>\n<p>Tragom uspje\u0161ne ideje i realizacije senjske knji\u017enice i osnovne \u0161kole u 2015. godini, i u ovoj \u0161kolskoj godini organiziran je kostimirano-edukativni knji\u017eevni sat o Ivani Brli\u0107 Ma\u017eurani\u0107 pa je tako i ovogodi\u0161nja generacija senjskih \u010detvrta\u0161a imala prilike \u201eupoznati\u201c omiljenu hrvatsku dje\u010dju spisateljicu.<\/p>\n<p>Interpretatorica Prpi\u0107 Rogi\u0107 bila je odjevena ba\u0161 kao slavna knji\u017eevnica s prepoznatljivim detaljima poput njenog ko\u017euha, medaljona i karakteristi\u010dne frizure.<\/p>\n<p><em>Ivana<\/em> je \u010ditala ulomke iz Rego\u010da, ali i razgovarala s u\u010denicima upoznav\u0161i ih sa svojim \u017eivotom i djelom. Djeca, u\u010denici dvaju 4. razreda, sjajno su reagirala, javljala se i odgovarala na postavljena pitanja, a i sama ispitivala <em>Ivanu<\/em> sve \u0161to ih zanima.<\/p>\n<p>Cijeli doga\u0111aj odvijao se u ugodnom ambijentu Dje\u010djeg odjela senjske knji\u017enice koji je za tu priliku ure\u0111en u stilu vremena u kojem je Brli\u0107 Ma\u017eurani\u0107 \u017eivjela.<\/p>\n<p>Kroz ovakve susrete djeci se poti\u010de ma\u0161ta te pobu\u0111uje \u017eelja za \u010ditanjem, a nagla\u0161ava se i pouka o va\u017enosti&nbsp; prijateljstva, dobrote i pomaganja koja izbija iz Ivaninih pri\u010da.<\/p>\n<p>U\u010denicima je prezentirana bajka i autorica na poseban na\u010din, a pozitivna reakcija u\u010denika dokazuje da su u\u017eivali i da Ivana zaista i dalje \u017eivi u srcima djece kroz svoja svevremenska djela.<\/p>\n<p>Ina\u010de, idejna za\u010detnica i suorganizatorica prvog ovakvog susreta, u\u010diteljica Melita Mareni\u0107, ovu formu knji\u017eevnog sata predstavila je lani na stru\u010dnom skupu u Rijeci te izazvala odu\u0161evljenje kolega i stru\u010dnih savjetnika uz preporuku da ovakav knji\u017eevni sat s Ivanom Brli\u0107 Ma\u017eurani\u0107 postane tradicija u svakoj \u0161kolskoj godini jer je zanimljiv i vi\u0161estruko koristan sa svih pedago\u0161kih aspekata. Stoga, na radost knji\u017eni\u010dara, \u0111aka i u\u010ditelja ve\u0107 tre\u0107u godinu zaredom dru\u017eimo se s Ivanom, a nadamo se tome i u budu\u0107nosti.<\/p>\n<p>Hvala Osnovnoj \u0161koli S.S. Kranj\u010devi\u0107a Senj (posebno u\u010diteljicama Anastaziji Viatoris Matijevi\u0107 i Nata\u0161i Dragi\u010devi\u0107 i njihovim \u010detvrta\u0161ima) na uvijek lijepoj i ugodnoj suradnji i radujemo se novim susretima i dru\u017eenjima.<\/p>\n<p>&nbsp;<\/p>\n<p>Tekst: Ana Prpi\u0107 Rogi\u0107<\/p>\n<p>Fotografije: Sandra Prpi\u0107<\/p>\n<p>GALERIJA NA FB STRANICAMA GK SENJ<\/p>\n","protected":false},"excerpt":{"rendered":"<p>&nbsp; 30.10.2017.-u sklopu Mjeseca hrvatske knjige Tragom uspje\u0161ne ideje i realizacije senjske knji\u017enice i osnovne \u0161kole u 2015. godini, i u ovoj \u0161kolskoj godini organiziran je kostimirano-edukativni knji\u017eevni sat o Ivani Brli\u0107 Ma\u017eurani\u0107 pa je tako i ovogodi\u0161nja generacija senjskih \u010detvrta\u0161a imala prilike \u201eupoznati\u201c omiljenu hrvatsku dje\u010dju spisateljicu. Interpretatorica Prpi\u0107 Rogi\u0107 bila je odjevena ba\u0161 [&hellip;]<\/p>\n","protected":false},"author":58,"featured_media":1372,"comment_status":"closed","ping_status":"closed","sticky":false,"template":"","format":"standard","meta":{"ngg_post_thumbnail":0},"categories":[8],"tags":[],"yoast_head":"<!-- This site is optimized with the Yoast SEO plugin v16.4 - https:\/\/yoast.com\/wordpress\/plugins\/seo\/ -->\n<meta name=\"robots\" content=\"index, follow, max-snippet:-1, max-image-preview:large, max-video-preview:-1\" \/>\n<link rel=\"canonical\" href=\"http:\/\/knjiznice.nsk.hr\/senj\/ivana-brlic-mazuranic-gradskoj-knjiznici-senj\/\" \/>\n<meta property=\"og:locale\" content=\"hr_HR\" \/>\n<meta property=\"og:type\" content=\"article\" \/>\n<meta property=\"og:title\" content=\"IVANA BRLI\u0106 MA\u017dURANI\u0106 U GRADSKOJ KNJI\u017dNICI SENJ - Gradska knji\u017enica Senj\" \/>\n<meta property=\"og:description\" content=\"&nbsp; 30.10.2017.-u sklopu Mjeseca hrvatske knjige Tragom uspje\u0161ne ideje i realizacije senjske knji\u017enice i osnovne \u0161kole u 2015. godini, i u ovoj \u0161kolskoj godini organiziran je kostimirano-edukativni knji\u017eevni sat o Ivani Brli\u0107 Ma\u017eurani\u0107 pa je tako i ovogodi\u0161nja generacija senjskih \u010detvrta\u0161a imala prilike \u201eupoznati\u201c omiljenu hrvatsku dje\u010dju spisateljicu. Interpretatorica Prpi\u0107 Rogi\u0107 bila je odjevena ba\u0161 [&hellip;]\" \/>\n<meta property=\"og:url\" content=\"http:\/\/knjiznice.nsk.hr\/senj\/ivana-brlic-mazuranic-gradskoj-knjiznici-senj\/\" \/>\n<meta property=\"og:site_name\" content=\"Gradska knji\u017enica Senj\" \/>\n<meta property=\"article:publisher\" content=\"http:\/\/facebook.com\/Gradska-knji%c5%benica-SENJ\" \/>\n<meta property=\"article:published_time\" content=\"2017-11-03T08:03:24+00:00\" \/>\n<meta property=\"og:image\" content=\"http:\/\/knjiznice.nsk.hr\/senj\/wp-content\/uploads\/sites\/60\/2017\/11\/IMG-1d8ca1f838cd468291fd716abf29c957-V.jpg\" \/>\n\t<meta property=\"og:image:width\" content=\"400\" \/>\n\t<meta property=\"og:image:height\" content=\"300\" \/>\n<meta name=\"twitter:label1\" content=\"Procijenjeno vrijeme \u010ditanja\" \/>\n\t<meta name=\"twitter:data1\" content=\"2 minute\" \/>\n<script type=\"application\/ld+json\" class=\"yoast-schema-graph\">{\"@context\":\"https:\/\/schema.org\",\"@graph\":[{\"@type\":\"WebSite\",\"@id\":\"https:\/\/knjiznice.nsk.hr\/senj\/#website\",\"url\":\"https:\/\/knjiznice.nsk.hr\/senj\/\",\"name\":\"Gradska knji\\u017enica Senj\",\"description\":\"S vama od 1835. godine\",\"potentialAction\":[{\"@type\":\"SearchAction\",\"target\":\"https:\/\/knjiznice.nsk.hr\/senj\/?s={search_term_string}\",\"query-input\":\"required name=search_term_string\"}],\"inLanguage\":\"hr\"},{\"@type\":\"ImageObject\",\"@id\":\"http:\/\/knjiznice.nsk.hr\/senj\/ivana-brlic-mazuranic-gradskoj-knjiznici-senj\/#primaryimage\",\"inLanguage\":\"hr\",\"url\":\"https:\/\/knjiznice.nsk.hr\/senj\/wp-content\/uploads\/sites\/60\/2017\/11\/IMG-1d8ca1f838cd468291fd716abf29c957-V.jpg\",\"contentUrl\":\"https:\/\/knjiznice.nsk.hr\/senj\/wp-content\/uploads\/sites\/60\/2017\/11\/IMG-1d8ca1f838cd468291fd716abf29c957-V.jpg\",\"width\":400,\"height\":300},{\"@type\":\"WebPage\",\"@id\":\"http:\/\/knjiznice.nsk.hr\/senj\/ivana-brlic-mazuranic-gradskoj-knjiznici-senj\/#webpage\",\"url\":\"http:\/\/knjiznice.nsk.hr\/senj\/ivana-brlic-mazuranic-gradskoj-knjiznici-senj\/\",\"name\":\"IVANA BRLI\\u0106 MA\\u017dURANI\\u0106 U GRADSKOJ KNJI\\u017dNICI SENJ - Gradska knji\\u017enica Senj\",\"isPartOf\":{\"@id\":\"https:\/\/knjiznice.nsk.hr\/senj\/#website\"},\"primaryImageOfPage\":{\"@id\":\"http:\/\/knjiznice.nsk.hr\/senj\/ivana-brlic-mazuranic-gradskoj-knjiznici-senj\/#primaryimage\"},\"datePublished\":\"2017-11-03T08:03:24+00:00\",\"dateModified\":\"2017-11-03T08:03:24+00:00\",\"author\":{\"@id\":\"https:\/\/knjiznice.nsk.hr\/senj\/#\/schema\/person\/c6b0893cdaca205d44fe2c322c042ac7\"},\"breadcrumb\":{\"@id\":\"http:\/\/knjiznice.nsk.hr\/senj\/ivana-brlic-mazuranic-gradskoj-knjiznici-senj\/#breadcrumb\"},\"inLanguage\":\"hr\",\"potentialAction\":[{\"@type\":\"ReadAction\",\"target\":[\"http:\/\/knjiznice.nsk.hr\/senj\/ivana-brlic-mazuranic-gradskoj-knjiznici-senj\/\"]}]},{\"@type\":\"BreadcrumbList\",\"@id\":\"http:\/\/knjiznice.nsk.hr\/senj\/ivana-brlic-mazuranic-gradskoj-knjiznici-senj\/#breadcrumb\",\"itemListElement\":[{\"@type\":\"ListItem\",\"position\":1,\"item\":{\"@type\":\"WebPage\",\"@id\":\"https:\/\/knjiznice.nsk.hr\/senj\/\",\"url\":\"https:\/\/knjiznice.nsk.hr\/senj\/\",\"name\":\"Po\\u010detna stranica\"}},{\"@type\":\"ListItem\",\"position\":2,\"item\":{\"@id\":\"http:\/\/knjiznice.nsk.hr\/senj\/ivana-brlic-mazuranic-gradskoj-knjiznici-senj\/#webpage\"}}]},{\"@type\":\"Person\",\"@id\":\"https:\/\/knjiznice.nsk.hr\/senj\/#\/schema\/person\/c6b0893cdaca205d44fe2c322c042ac7\",\"name\":\"senj\",\"image\":{\"@type\":\"ImageObject\",\"@id\":\"https:\/\/knjiznice.nsk.hr\/senj\/#personlogo\",\"inLanguage\":\"hr\",\"url\":\"https:\/\/secure.gravatar.com\/avatar\/b00e8e1a99b5ba41772fe68c6bcfd17c?s=96&d=mm&r=g\",\"contentUrl\":\"https:\/\/secure.gravatar.com\/avatar\/b00e8e1a99b5ba41772fe68c6bcfd17c?s=96&d=mm&r=g\",\"caption\":\"senj\"}}]}<\/script>\n<!-- \/ Yoast SEO plugin. -->","_links":{"self":[{"href":"https:\/\/knjiznice.nsk.hr\/senj\/wp-json\/wp\/v2\/posts\/1371"}],"collection":[{"href":"https:\/\/knjiznice.nsk.hr\/senj\/wp-json\/wp\/v2\/posts"}],"about":[{"href":"https:\/\/knjiznice.nsk.hr\/senj\/wp-json\/wp\/v2\/types\/post"}],"author":[{"embeddable":true,"href":"https:\/\/knjiznice.nsk.hr\/senj\/wp-json\/wp\/v2\/users\/58"}],"replies":[{"embeddable":true,"href":"https:\/\/knjiznice.nsk.hr\/senj\/wp-json\/wp\/v2\/comments?post=1371"}],"version-history":[{"count":1,"href":"https:\/\/knjiznice.nsk.hr\/senj\/wp-json\/wp\/v2\/posts\/1371\/revisions"}],"predecessor-version":[{"id":1373,"href":"https:\/\/knjiznice.nsk.hr\/senj\/wp-json\/wp\/v2\/posts\/1371\/revisions\/1373"}],"wp:featuredmedia":[{"embeddable":true,"href":"https:\/\/knjiznice.nsk.hr\/senj\/wp-json\/wp\/v2\/media\/1372"}],"wp:attachment":[{"href":"https:\/\/knjiznice.nsk.hr\/senj\/wp-json\/wp\/v2\/media?parent=1371"}],"wp:term":[{"taxonomy":"category","embeddable":true,"href":"https:\/\/knjiznice.nsk.hr\/senj\/wp-json\/wp\/v2\/categories?post=1371"},{"taxonomy":"post_tag","embeddable":true,"href":"https:\/\/knjiznice.nsk.hr\/senj\/wp-json\/wp\/v2\/tags?post=1371"}],"curies":[{"name":"wp","href":"https:\/\/api.w.org\/{rel}","templated":true}]}}