{"id":1363,"date":"2017-10-27T19:34:51","date_gmt":"2017-10-27T19:34:51","guid":{"rendered":"http:\/\/knjiznice.nsk.hr\/senj\/?p=1363"},"modified":"2017-10-27T19:34:51","modified_gmt":"2017-10-27T19:34:51","slug":"vecer-s-enesom-kisevicem-gradskoj-knjiznici-senj","status":"publish","type":"post","link":"https:\/\/knjiznice.nsk.hr\/senj\/vecer-s-enesom-kisevicem-gradskoj-knjiznici-senj\/","title":{"rendered":"\u201eVE\u010cER S ENESOM KI\u0160EVI\u0106EM\u201c U GRADSKOJ KNJI\u017dNICI SENJ"},"content":{"rendered":"<p>&nbsp;<\/p>\n<p>&nbsp;<\/p>\n<p>U \u010detvrtak, 26. listopada 2017.g. u sklopu Mjeseca hrvatske knjige Gradska knji\u017enica Senj imala je \u010dast ugostiti jednog od najpoznatijih knji\u017eevnika ovih prostora-pjesnika i dramskog umjetnika Enesa Ki\u0161evi\u0107a.<\/p>\n<p>U dugogodi\u0161njoj bogatoj karijeri Enes Ki\u0161evi\u0107 ostvario je niz zapa\u017eenih uloga na kazali\u0161nim daskama, filmu i televiziji te u radiodramama, a do sada je napisao 24 knjige poezije (Lampa u prozoru, Jutarnja molitva, Sijeda djeca, Svjetlost je Tvoja sjena, Samo s Tobom ja sam ja, 101 vino od vina, Voda je moja Mati, Jutarnji mrak, Iza nali\u010dja i mnoge druge). \u010clan je Hrvatskog dru\u0161tva pisaca, Hrvatskog dru\u0161tva dramskih umjetnika i Hrvatskog haiku dru\u0161tva. Dobitnik je 13 knji\u017eevnih priznanja te 3 me\u0111unarodne nagrade za haiku ostvarenja. Pjesme su mu prevedene na dvadesetak stranih jezika, a zastupljen je i u mnogim antologijama i \u010ditankama.<\/p>\n<p>Prepuna knji\u017enica sat i pol u\u017eivala je u brojnim Enesovim poetskim ostvarenjima koja sna\u017eno progovaraju o va\u017enosti dobrote, duhovnosti i ljubavi, o ljepoti prirode i mora, o snazi rije\u010di i poezije te o ljubavi prema majci i obitelji. Izme\u0111u recitala, Enes je na duhovit i zanimljiv na\u010din podijelio s publikom mnoge anegdote i uspomene iz svoga \u017eivota, a sve je bilo za\u010dinjeno s mnogo mudrih i svevremenskih misli velikana svjetske knji\u017eevnosti.<\/p>\n<p>Kroz razgovor ugodni i \u0161etnju Enesovim stvarala\u010dkim opusom, publiku je uz autora vodila i njegova dugogodi\u0161nja prijateljica i moderatorica programa knji\u017eevnica Klara Polak Poljarevi\u0107 u \u010dijim smo stihovima tako\u0111er imali prilike u\u017eivati. Za potpuni ugo\u0111aj prigodnom se svirkom pobrinuo glazbenik Nenad Petkovi\u0107.<\/p>\n<p>Bila je to ve\u010der za pam\u0107enje puna predivnih stihova, puna duha, emocija i dobrih vibracija.<\/p>\n<p>I po zavr\u0161etku knji\u017eevnog susreta, publika se jo\u0161 dugo zadr\u017eala u neformalnom razgovoru i dru\u017eenju s velikim, ali tako jednostavnim i toplim \u010dovjekom &#8211; Enesom Ki\u0161evi\u0107em.<\/p>\n<p>Gradska knji\u017enica Senj od srca zahvaljuje Enesu na ovom sjajnom gostovanju i prekrasnoj knji\u017eevnoj ve\u010deri. Tako\u0111er, veliko hvala moderatorici Klari Polak Poljarevi\u0107 i glazbeniku Nenadu Petkovi\u0107u te brojnim posjetiteljima na dolasku kao i medijima na pra\u0107enju.<\/p>\n<p>&nbsp;<\/p>\n<p>&nbsp;<\/p>\n<p>&nbsp;<\/p>\n<p>&nbsp;<\/p>\n<p>galerija na fb stranicama gk senj<\/p>\n<p>&nbsp;<\/p>\n","protected":false},"excerpt":{"rendered":"<p>&nbsp; &nbsp; U \u010detvrtak, 26. listopada 2017.g. u sklopu Mjeseca hrvatske knjige Gradska knji\u017enica Senj imala je \u010dast ugostiti jednog od najpoznatijih knji\u017eevnika ovih prostora-pjesnika i dramskog umjetnika Enesa Ki\u0161evi\u0107a. U dugogodi\u0161njoj bogatoj karijeri Enes Ki\u0161evi\u0107 ostvario je niz zapa\u017eenih uloga na kazali\u0161nim daskama, filmu i televiziji te u radiodramama, a do sada je napisao [&hellip;]<\/p>\n","protected":false},"author":58,"featured_media":1364,"comment_status":"closed","ping_status":"closed","sticky":false,"template":"","format":"standard","meta":{"ngg_post_thumbnail":0},"categories":[8],"tags":[],"yoast_head":"<!-- This site is optimized with the Yoast SEO plugin v16.4 - https:\/\/yoast.com\/wordpress\/plugins\/seo\/ -->\n<meta name=\"robots\" content=\"index, follow, max-snippet:-1, max-image-preview:large, max-video-preview:-1\" \/>\n<link rel=\"canonical\" href=\"http:\/\/knjiznice.nsk.hr\/senj\/vecer-s-enesom-kisevicem-gradskoj-knjiznici-senj\/\" \/>\n<meta property=\"og:locale\" content=\"hr_HR\" \/>\n<meta property=\"og:type\" content=\"article\" \/>\n<meta property=\"og:title\" content=\"\u201eVE\u010cER S ENESOM KI\u0160EVI\u0106EM\u201c U GRADSKOJ KNJI\u017dNICI SENJ - Gradska knji\u017enica Senj\" \/>\n<meta property=\"og:description\" content=\"&nbsp; &nbsp; U \u010detvrtak, 26. listopada 2017.g. u sklopu Mjeseca hrvatske knjige Gradska knji\u017enica Senj imala je \u010dast ugostiti jednog od najpoznatijih knji\u017eevnika ovih prostora-pjesnika i dramskog umjetnika Enesa Ki\u0161evi\u0107a. U dugogodi\u0161njoj bogatoj karijeri Enes Ki\u0161evi\u0107 ostvario je niz zapa\u017eenih uloga na kazali\u0161nim daskama, filmu i televiziji te u radiodramama, a do sada je napisao [&hellip;]\" \/>\n<meta property=\"og:url\" content=\"http:\/\/knjiznice.nsk.hr\/senj\/vecer-s-enesom-kisevicem-gradskoj-knjiznici-senj\/\" \/>\n<meta property=\"og:site_name\" content=\"Gradska knji\u017enica Senj\" \/>\n<meta property=\"article:publisher\" content=\"http:\/\/facebook.com\/Gradska-knji%c5%benica-SENJ\" \/>\n<meta property=\"article:published_time\" content=\"2017-10-27T19:34:51+00:00\" \/>\n<meta property=\"og:image\" content=\"http:\/\/knjiznice.nsk.hr\/senj\/wp-content\/uploads\/sites\/60\/2017\/10\/IMG-4e87bb510766b7781fa78822437fe65e-V.jpg\" \/>\n\t<meta property=\"og:image:width\" content=\"400\" \/>\n\t<meta property=\"og:image:height\" content=\"300\" \/>\n<meta name=\"twitter:label1\" content=\"Procijenjeno vrijeme \u010ditanja\" \/>\n\t<meta name=\"twitter:data1\" content=\"2 minute\" \/>\n<script type=\"application\/ld+json\" class=\"yoast-schema-graph\">{\"@context\":\"https:\/\/schema.org\",\"@graph\":[{\"@type\":\"WebSite\",\"@id\":\"https:\/\/knjiznice.nsk.hr\/senj\/#website\",\"url\":\"https:\/\/knjiznice.nsk.hr\/senj\/\",\"name\":\"Gradska knji\\u017enica Senj\",\"description\":\"S vama od 1835. godine\",\"potentialAction\":[{\"@type\":\"SearchAction\",\"target\":\"https:\/\/knjiznice.nsk.hr\/senj\/?s={search_term_string}\",\"query-input\":\"required name=search_term_string\"}],\"inLanguage\":\"hr\"},{\"@type\":\"ImageObject\",\"@id\":\"http:\/\/knjiznice.nsk.hr\/senj\/vecer-s-enesom-kisevicem-gradskoj-knjiznici-senj\/#primaryimage\",\"inLanguage\":\"hr\",\"url\":\"https:\/\/knjiznice.nsk.hr\/senj\/wp-content\/uploads\/sites\/60\/2017\/10\/IMG-4e87bb510766b7781fa78822437fe65e-V.jpg\",\"contentUrl\":\"https:\/\/knjiznice.nsk.hr\/senj\/wp-content\/uploads\/sites\/60\/2017\/10\/IMG-4e87bb510766b7781fa78822437fe65e-V.jpg\",\"width\":400,\"height\":300},{\"@type\":\"WebPage\",\"@id\":\"http:\/\/knjiznice.nsk.hr\/senj\/vecer-s-enesom-kisevicem-gradskoj-knjiznici-senj\/#webpage\",\"url\":\"http:\/\/knjiznice.nsk.hr\/senj\/vecer-s-enesom-kisevicem-gradskoj-knjiznici-senj\/\",\"name\":\"\\u201eVE\\u010cER S ENESOM KI\\u0160EVI\\u0106EM\\u201c U GRADSKOJ KNJI\\u017dNICI SENJ - Gradska knji\\u017enica Senj\",\"isPartOf\":{\"@id\":\"https:\/\/knjiznice.nsk.hr\/senj\/#website\"},\"primaryImageOfPage\":{\"@id\":\"http:\/\/knjiznice.nsk.hr\/senj\/vecer-s-enesom-kisevicem-gradskoj-knjiznici-senj\/#primaryimage\"},\"datePublished\":\"2017-10-27T19:34:51+00:00\",\"dateModified\":\"2017-10-27T19:34:51+00:00\",\"author\":{\"@id\":\"https:\/\/knjiznice.nsk.hr\/senj\/#\/schema\/person\/c6b0893cdaca205d44fe2c322c042ac7\"},\"breadcrumb\":{\"@id\":\"http:\/\/knjiznice.nsk.hr\/senj\/vecer-s-enesom-kisevicem-gradskoj-knjiznici-senj\/#breadcrumb\"},\"inLanguage\":\"hr\",\"potentialAction\":[{\"@type\":\"ReadAction\",\"target\":[\"http:\/\/knjiznice.nsk.hr\/senj\/vecer-s-enesom-kisevicem-gradskoj-knjiznici-senj\/\"]}]},{\"@type\":\"BreadcrumbList\",\"@id\":\"http:\/\/knjiznice.nsk.hr\/senj\/vecer-s-enesom-kisevicem-gradskoj-knjiznici-senj\/#breadcrumb\",\"itemListElement\":[{\"@type\":\"ListItem\",\"position\":1,\"item\":{\"@type\":\"WebPage\",\"@id\":\"https:\/\/knjiznice.nsk.hr\/senj\/\",\"url\":\"https:\/\/knjiznice.nsk.hr\/senj\/\",\"name\":\"Po\\u010detna stranica\"}},{\"@type\":\"ListItem\",\"position\":2,\"item\":{\"@id\":\"http:\/\/knjiznice.nsk.hr\/senj\/vecer-s-enesom-kisevicem-gradskoj-knjiznici-senj\/#webpage\"}}]},{\"@type\":\"Person\",\"@id\":\"https:\/\/knjiznice.nsk.hr\/senj\/#\/schema\/person\/c6b0893cdaca205d44fe2c322c042ac7\",\"name\":\"senj\",\"image\":{\"@type\":\"ImageObject\",\"@id\":\"https:\/\/knjiznice.nsk.hr\/senj\/#personlogo\",\"inLanguage\":\"hr\",\"url\":\"https:\/\/secure.gravatar.com\/avatar\/b00e8e1a99b5ba41772fe68c6bcfd17c?s=96&d=mm&r=g\",\"contentUrl\":\"https:\/\/secure.gravatar.com\/avatar\/b00e8e1a99b5ba41772fe68c6bcfd17c?s=96&d=mm&r=g\",\"caption\":\"senj\"}}]}<\/script>\n<!-- \/ Yoast SEO plugin. -->","_links":{"self":[{"href":"https:\/\/knjiznice.nsk.hr\/senj\/wp-json\/wp\/v2\/posts\/1363"}],"collection":[{"href":"https:\/\/knjiznice.nsk.hr\/senj\/wp-json\/wp\/v2\/posts"}],"about":[{"href":"https:\/\/knjiznice.nsk.hr\/senj\/wp-json\/wp\/v2\/types\/post"}],"author":[{"embeddable":true,"href":"https:\/\/knjiznice.nsk.hr\/senj\/wp-json\/wp\/v2\/users\/58"}],"replies":[{"embeddable":true,"href":"https:\/\/knjiznice.nsk.hr\/senj\/wp-json\/wp\/v2\/comments?post=1363"}],"version-history":[{"count":1,"href":"https:\/\/knjiznice.nsk.hr\/senj\/wp-json\/wp\/v2\/posts\/1363\/revisions"}],"predecessor-version":[{"id":1365,"href":"https:\/\/knjiznice.nsk.hr\/senj\/wp-json\/wp\/v2\/posts\/1363\/revisions\/1365"}],"wp:featuredmedia":[{"embeddable":true,"href":"https:\/\/knjiznice.nsk.hr\/senj\/wp-json\/wp\/v2\/media\/1364"}],"wp:attachment":[{"href":"https:\/\/knjiznice.nsk.hr\/senj\/wp-json\/wp\/v2\/media?parent=1363"}],"wp:term":[{"taxonomy":"category","embeddable":true,"href":"https:\/\/knjiznice.nsk.hr\/senj\/wp-json\/wp\/v2\/categories?post=1363"},{"taxonomy":"post_tag","embeddable":true,"href":"https:\/\/knjiznice.nsk.hr\/senj\/wp-json\/wp\/v2\/tags?post=1363"}],"curies":[{"name":"wp","href":"https:\/\/api.w.org\/{rel}","templated":true}]}}