{"id":1354,"date":"2017-10-20T10:16:08","date_gmt":"2017-10-20T10:16:08","guid":{"rendered":"http:\/\/knjiznice.nsk.hr\/senj\/?p=1354"},"modified":"2017-10-20T10:16:08","modified_gmt":"2017-10-20T10:16:08","slug":"enes-kisevic-uskoro-senju-knjiznica-26-10-2017","status":"publish","type":"post","link":"https:\/\/knjiznice.nsk.hr\/senj\/enes-kisevic-uskoro-senju-knjiznica-26-10-2017\/","title":{"rendered":"ENES KI\u0160EVI\u0106 USKORO U SENJU-KNJI\u017dNICA-26.10.2017."},"content":{"rendered":"<p><a href=\"http:\/\/knjiznice.nsk.hr\/senj\/wp-content\/uploads\/sites\/60\/2017\/10\/plakat-enes-ki\u0161evi\u0107-Copy.jpg\"><\/a><\/p>\n<p><strong>MJESEC HRVATSKE KNJIGE 2017. g.<\/strong><\/p>\n<p>GRADSKA KNJI\u017dNICA SENJ POZIVA VAS<\/p>\n<p><u>NA KNJI\u017dEVNI SUSRET POD NAZIVOM<\/u><\/p>\n<p><u>\u201eVE\u010cER S ENESOM KI\u0160EVI\u0106EM\u201c<\/u><\/p>\n<p><u>GRADSKA KNJI\u017dNICA SENJ-<\/u><\/p>\n<p><u>\u010cETVRTAK,26. LISTOPADA 2017.g, 18.00 h<\/u><\/p>\n<p>U sklopu Mjeseca hrvatske knjige Gradska knji\u017enica Senj ima \u010dast ugostiti jednog od najpoznatijih knji\u017eevnika ovih prostora-pjesnika i dramskog umjetnika Enesa Ki\u0161evi\u0107a.<\/p>\n<p>U dugogodi\u0161njoj bogatoj karijeri Enes Ki\u0161evi\u0107 ostvario je niz zapa\u017eenih uloga na kazali\u0161nim daskama, filmu i televiziji te u radiodramama, a do sada je napisao 24 knjige poezije.<\/p>\n<p>\u010clan je Hrvatskog dru\u0161tva pisaca, Hrvatskog dru\u0161tva dramskih umjetnika i Hrvatskog haiku dru\u0161tva. Dobitnik je 10 knji\u017eevnih priznanja te 3 me\u0111unarodne nagrade za haiku ostvarenja. Pjesme su mu prevo\u0111ene na dvadesetak stranih jezika, a zastupljen je i u mnogim antologijama i \u010ditankama.<\/p>\n<p>Do\u0111ite u u\u017eivajte u Enesovim stihovima i ugodnom dru\u017eenju. Program \u0107e moderirati knji\u017eevnica Klara Polak Poljarevi\u0107, a sve \u0107e biti za\u010dinjeno s mnogo prigodne glazbe u izvedbi Nenada Petkovi\u0107a.<\/p>\n<p>&nbsp;<\/p>\n<p>&nbsp;<\/p>\n<p>Rado vas o\u010dekujemo!<\/p>\n<p>&nbsp;<\/p>\n","protected":false},"excerpt":{"rendered":"<p>MJESEC HRVATSKE KNJIGE 2017. g. GRADSKA KNJI\u017dNICA SENJ POZIVA VAS NA KNJI\u017dEVNI SUSRET POD NAZIVOM \u201eVE\u010cER S ENESOM KI\u0160EVI\u0106EM\u201c GRADSKA KNJI\u017dNICA SENJ- \u010cETVRTAK,26. LISTOPADA 2017.g, 18.00 h U sklopu Mjeseca hrvatske knjige Gradska knji\u017enica Senj ima \u010dast ugostiti jednog od najpoznatijih knji\u017eevnika ovih prostora-pjesnika i dramskog umjetnika Enesa Ki\u0161evi\u0107a. U dugogodi\u0161njoj bogatoj karijeri Enes Ki\u0161evi\u0107 [&hellip;]<\/p>\n","protected":false},"author":58,"featured_media":1355,"comment_status":"closed","ping_status":"closed","sticky":false,"template":"","format":"standard","meta":{"ngg_post_thumbnail":0},"categories":[8],"tags":[],"yoast_head":"<!-- This site is optimized with the Yoast SEO plugin v16.4 - https:\/\/yoast.com\/wordpress\/plugins\/seo\/ -->\n<meta name=\"robots\" content=\"index, follow, max-snippet:-1, max-image-preview:large, max-video-preview:-1\" \/>\n<link rel=\"canonical\" href=\"http:\/\/knjiznice.nsk.hr\/senj\/enes-kisevic-uskoro-senju-knjiznica-26-10-2017\/\" \/>\n<meta property=\"og:locale\" content=\"hr_HR\" \/>\n<meta property=\"og:type\" content=\"article\" \/>\n<meta property=\"og:title\" content=\"ENES KI\u0160EVI\u0106 USKORO U SENJU-KNJI\u017dNICA-26.10.2017. - Gradska knji\u017enica Senj\" \/>\n<meta property=\"og:description\" content=\"MJESEC HRVATSKE KNJIGE 2017. g. GRADSKA KNJI\u017dNICA SENJ POZIVA VAS NA KNJI\u017dEVNI SUSRET POD NAZIVOM \u201eVE\u010cER S ENESOM KI\u0160EVI\u0106EM\u201c GRADSKA KNJI\u017dNICA SENJ- \u010cETVRTAK,26. LISTOPADA 2017.g, 18.00 h U sklopu Mjeseca hrvatske knjige Gradska knji\u017enica Senj ima \u010dast ugostiti jednog od najpoznatijih knji\u017eevnika ovih prostora-pjesnika i dramskog umjetnika Enesa Ki\u0161evi\u0107a. U dugogodi\u0161njoj bogatoj karijeri Enes Ki\u0161evi\u0107 [&hellip;]\" \/>\n<meta property=\"og:url\" content=\"http:\/\/knjiznice.nsk.hr\/senj\/enes-kisevic-uskoro-senju-knjiznica-26-10-2017\/\" \/>\n<meta property=\"og:site_name\" content=\"Gradska knji\u017enica Senj\" \/>\n<meta property=\"article:publisher\" content=\"http:\/\/facebook.com\/Gradska-knji%c5%benica-SENJ\" \/>\n<meta property=\"article:published_time\" content=\"2017-10-20T10:16:08+00:00\" \/>\n<meta property=\"og:image\" content=\"http:\/\/knjiznice.nsk.hr\/senj\/wp-content\/uploads\/sites\/60\/2017\/10\/plakat-enes-ki\u0161evi\u0107-Copy.jpg\" \/>\n\t<meta property=\"og:image:width\" content=\"300\" \/>\n\t<meta property=\"og:image:height\" content=\"421\" \/>\n<meta name=\"twitter:label1\" content=\"Procijenjeno vrijeme \u010ditanja\" \/>\n\t<meta name=\"twitter:data1\" content=\"1 minuta\" \/>\n<script type=\"application\/ld+json\" class=\"yoast-schema-graph\">{\"@context\":\"https:\/\/schema.org\",\"@graph\":[{\"@type\":\"WebSite\",\"@id\":\"https:\/\/knjiznice.nsk.hr\/senj\/#website\",\"url\":\"https:\/\/knjiznice.nsk.hr\/senj\/\",\"name\":\"Gradska knji\\u017enica Senj\",\"description\":\"S vama od 1835. godine\",\"potentialAction\":[{\"@type\":\"SearchAction\",\"target\":\"https:\/\/knjiznice.nsk.hr\/senj\/?s={search_term_string}\",\"query-input\":\"required name=search_term_string\"}],\"inLanguage\":\"hr\"},{\"@type\":\"ImageObject\",\"@id\":\"http:\/\/knjiznice.nsk.hr\/senj\/enes-kisevic-uskoro-senju-knjiznica-26-10-2017\/#primaryimage\",\"inLanguage\":\"hr\",\"url\":\"https:\/\/knjiznice.nsk.hr\/senj\/wp-content\/uploads\/sites\/60\/2017\/10\/plakat-enes-ki\\u0161evi\\u0107-Copy.jpg\",\"contentUrl\":\"https:\/\/knjiznice.nsk.hr\/senj\/wp-content\/uploads\/sites\/60\/2017\/10\/plakat-enes-ki\\u0161evi\\u0107-Copy.jpg\",\"width\":300,\"height\":421},{\"@type\":\"WebPage\",\"@id\":\"http:\/\/knjiznice.nsk.hr\/senj\/enes-kisevic-uskoro-senju-knjiznica-26-10-2017\/#webpage\",\"url\":\"http:\/\/knjiznice.nsk.hr\/senj\/enes-kisevic-uskoro-senju-knjiznica-26-10-2017\/\",\"name\":\"ENES KI\\u0160EVI\\u0106 USKORO U SENJU-KNJI\\u017dNICA-26.10.2017. - Gradska knji\\u017enica Senj\",\"isPartOf\":{\"@id\":\"https:\/\/knjiznice.nsk.hr\/senj\/#website\"},\"primaryImageOfPage\":{\"@id\":\"http:\/\/knjiznice.nsk.hr\/senj\/enes-kisevic-uskoro-senju-knjiznica-26-10-2017\/#primaryimage\"},\"datePublished\":\"2017-10-20T10:16:08+00:00\",\"dateModified\":\"2017-10-20T10:16:08+00:00\",\"author\":{\"@id\":\"https:\/\/knjiznice.nsk.hr\/senj\/#\/schema\/person\/c6b0893cdaca205d44fe2c322c042ac7\"},\"breadcrumb\":{\"@id\":\"http:\/\/knjiznice.nsk.hr\/senj\/enes-kisevic-uskoro-senju-knjiznica-26-10-2017\/#breadcrumb\"},\"inLanguage\":\"hr\",\"potentialAction\":[{\"@type\":\"ReadAction\",\"target\":[\"http:\/\/knjiznice.nsk.hr\/senj\/enes-kisevic-uskoro-senju-knjiznica-26-10-2017\/\"]}]},{\"@type\":\"BreadcrumbList\",\"@id\":\"http:\/\/knjiznice.nsk.hr\/senj\/enes-kisevic-uskoro-senju-knjiznica-26-10-2017\/#breadcrumb\",\"itemListElement\":[{\"@type\":\"ListItem\",\"position\":1,\"item\":{\"@type\":\"WebPage\",\"@id\":\"https:\/\/knjiznice.nsk.hr\/senj\/\",\"url\":\"https:\/\/knjiznice.nsk.hr\/senj\/\",\"name\":\"Po\\u010detna stranica\"}},{\"@type\":\"ListItem\",\"position\":2,\"item\":{\"@id\":\"http:\/\/knjiznice.nsk.hr\/senj\/enes-kisevic-uskoro-senju-knjiznica-26-10-2017\/#webpage\"}}]},{\"@type\":\"Person\",\"@id\":\"https:\/\/knjiznice.nsk.hr\/senj\/#\/schema\/person\/c6b0893cdaca205d44fe2c322c042ac7\",\"name\":\"senj\",\"image\":{\"@type\":\"ImageObject\",\"@id\":\"https:\/\/knjiznice.nsk.hr\/senj\/#personlogo\",\"inLanguage\":\"hr\",\"url\":\"https:\/\/secure.gravatar.com\/avatar\/b00e8e1a99b5ba41772fe68c6bcfd17c?s=96&d=mm&r=g\",\"contentUrl\":\"https:\/\/secure.gravatar.com\/avatar\/b00e8e1a99b5ba41772fe68c6bcfd17c?s=96&d=mm&r=g\",\"caption\":\"senj\"}}]}<\/script>\n<!-- \/ Yoast SEO plugin. -->","_links":{"self":[{"href":"https:\/\/knjiznice.nsk.hr\/senj\/wp-json\/wp\/v2\/posts\/1354"}],"collection":[{"href":"https:\/\/knjiznice.nsk.hr\/senj\/wp-json\/wp\/v2\/posts"}],"about":[{"href":"https:\/\/knjiznice.nsk.hr\/senj\/wp-json\/wp\/v2\/types\/post"}],"author":[{"embeddable":true,"href":"https:\/\/knjiznice.nsk.hr\/senj\/wp-json\/wp\/v2\/users\/58"}],"replies":[{"embeddable":true,"href":"https:\/\/knjiznice.nsk.hr\/senj\/wp-json\/wp\/v2\/comments?post=1354"}],"version-history":[{"count":1,"href":"https:\/\/knjiznice.nsk.hr\/senj\/wp-json\/wp\/v2\/posts\/1354\/revisions"}],"predecessor-version":[{"id":1356,"href":"https:\/\/knjiznice.nsk.hr\/senj\/wp-json\/wp\/v2\/posts\/1354\/revisions\/1356"}],"wp:featuredmedia":[{"embeddable":true,"href":"https:\/\/knjiznice.nsk.hr\/senj\/wp-json\/wp\/v2\/media\/1355"}],"wp:attachment":[{"href":"https:\/\/knjiznice.nsk.hr\/senj\/wp-json\/wp\/v2\/media?parent=1354"}],"wp:term":[{"taxonomy":"category","embeddable":true,"href":"https:\/\/knjiznice.nsk.hr\/senj\/wp-json\/wp\/v2\/categories?post=1354"},{"taxonomy":"post_tag","embeddable":true,"href":"https:\/\/knjiznice.nsk.hr\/senj\/wp-json\/wp\/v2\/tags?post=1354"}],"curies":[{"name":"wp","href":"https:\/\/api.w.org\/{rel}","templated":true}]}}