{"id":1321,"date":"2017-10-12T10:26:13","date_gmt":"2017-10-12T10:26:13","guid":{"rendered":"http:\/\/knjiznice.nsk.hr\/senj\/?p=1321"},"modified":"2017-10-12T10:31:22","modified_gmt":"2017-10-12T10:31:22","slug":"mjesec-hrvatske-knjige-2017-gradska-knjiznica-senj","status":"publish","type":"post","link":"https:\/\/knjiznice.nsk.hr\/senj\/mjesec-hrvatske-knjige-2017-gradska-knjiznica-senj\/","title":{"rendered":"Mjesec hrvatske knjige 2017.-Gradska knji\u017enica Senj"},"content":{"rendered":"<p><a href=\"http:\/\/knjiznice.nsk.hr\/senj\/wp-content\/uploads\/sites\/60\/2017\/10\/plakat-MJESEC-HRVATSKE-KNJIGE-2017.-2-\u2013-kopija.jpg\"><img loading=\"lazy\" class=\"alignnone size-medium wp-image-1322\" src=\"http:\/\/knjiznice.nsk.hr\/senj\/wp-content\/uploads\/sites\/60\/2017\/10\/plakat-MJESEC-HRVATSKE-KNJIGE-2017.-2-\u2013-kopija-213x300.jpg\" alt=\"\" width=\"213\" height=\"300\" srcset=\"https:\/\/knjiznice.nsk.hr\/senj\/wp-content\/uploads\/sites\/60\/2017\/10\/plakat-MJESEC-HRVATSKE-KNJIGE-2017.-2-\u2013-kopija-213x300.jpg 213w, https:\/\/knjiznice.nsk.hr\/senj\/wp-content\/uploads\/sites\/60\/2017\/10\/plakat-MJESEC-HRVATSKE-KNJIGE-2017.-2-\u2013-kopija.jpg 300w\" sizes=\"(max-width: 213px) 100vw, 213px\" \/><\/a><\/p>\n<p>&nbsp;<\/p>\n<p><strong><u>MJESEC HRVATSKE KNJIGE 2017.-GRADSKA KNJI\u017dNICA SENJ <\/u><\/strong><\/p>\n<p>&nbsp;<\/p>\n<p>Mjesec hrvatske knjige vrlo je cijenjena tradicionalna manifestacija koja ima za cilj promovirati vrijednosti knjige i \u010ditanja, a odvija se u organizaciji Knji\u017enica Grada Zagreba te pod pokroviteljstvom Ministarstva kulture Republike Hrvatske.<\/p>\n<p>Gotovo 200 knji\u017enica sa svojim programima sudjeluje u obilje\u017eavanju Mjeseca hrvatske knjige. Vrlo smo ponosni \u0161to se na\u0161a Knji\u017enica ve\u0107 godinama aktivno priklju\u010duje ovom hvalevrijednom projektu te svojim korisnicima nudi pregr\u0161t zanimljivih doga\u0111anja.<\/p>\n<p>Evo \u0161to nas o\u010dekuje u ovogodi\u0161njem senjskom Mjesecu hrvatske knjige:<\/p>\n<ul>\n<li><strong>Otvorenje izlo\u017ebe fotografija \u2013\u201eOBITELJ STELLA-100 GODINA FOTOGRAFSKE TRADICIJE\u201c<\/strong><\/li>\n<\/ul>\n<p>Gradska knji\u017enica Senj-\u010detvrtak, 19. listopada 2017.g., 18.00 h<\/p>\n<p>Organizator: Gradska knji\u017enica Senj<\/p>\n<p>&nbsp;<\/p>\n<ul>\n<li><strong>Dru\u017eenje s poznatim knji\u017eevnikom-\u201eVE\u010cER S ENESOM KI\u0160EVI\u0106EM\u201c<\/strong><\/li>\n<\/ul>\n<p>Gradska knji\u017enica Senj-\u010detvrtak, 26. listopada 2017.g., 18.00 h<\/p>\n<p>Organizator: Gradska knji\u017enica Senj<\/p>\n<p>&nbsp;<\/p>\n<ul>\n<li><strong>Predavanje \u201eVIA DINARICA\u201c<\/strong><\/li>\n<\/ul>\n<p>Gradska knji\u017enica Senj-\u010detvrtak, 16. studenoga 2017.g., 18.00 h<\/p>\n<p>Organizator: Gradska knji\u017enica Senj i Planinarsko dru\u0161tvo \u201eZavi\u017ean\u201c Senj<\/p>\n<p><strong>&nbsp;<\/strong><\/p>\n<ul>\n<li><strong>Akcija-\u201eVRATITE KNJIGE BEZ PLA\u0106ANJA ZAKASNINE\u201c <\/strong><\/li>\n<\/ul>\n<p>Gradska knji\u017enica Senj-od 16. do 21. listopada 2017. g.<\/p>\n<p>Organizator: Gradska knji\u017enica Senj<\/p>\n<p>&nbsp;<\/p>\n<ul>\n<li><strong>Programi \u201e\u0160TO SE U KNJI\u017dNICI RADI?\u201c i \u201eVOLIM KNJI\u017dNICU<\/strong>!\u201c-organizirani posjeti djece iz vrti\u0107a i osnovne \u0161kole kako bi \u0161to bolje upoznala knji\u017enicu te svijet knjige i \u010ditanja.<\/li>\n<\/ul>\n<p>Gradska knji\u017enica Senj-od 15.listopada do 15. studenoga 2017.g.<\/p>\n<p>Organizator: Gradska knji\u017enica Senj u suradnji sa senjskim Dje\u010djim vrti\u0107em<\/p>\n<p>\u201eTravica\u201c i Osnovnom \u0161kolom S. S. Kranj\u010devi\u0107a Senj<\/p>\n<p><strong>&nbsp;<\/strong><\/p>\n<ul>\n<li><strong>\u201eSENJSKIM VELIKANIMA U \u010cAST\u201c-<\/strong>izlo\u017eba povodom 140. godi\u0161njice ro\u0111enja Milana Ogrizovi\u0107a i 365. godi\u0161njice ro\u0111enja Pavla Rittera Vitezovi\u0107a.<\/li>\n<\/ul>\n<p>Ogranak Sveti Juraj-od 15. listopada do 15. studenoga 2017.g.<\/p>\n<p>Organizator: Gradska knji\u017enica Senj<\/p>\n<p>&nbsp;<\/p>\n<ul>\n<li><strong>\u201eDR\u017dI\u0106U U \u010cAST\u201c-<\/strong>izlo\u017eba povodom visoke 450. godi\u0161njice smrti velikog hrvatskog knji\u017eevnika Marina Dr\u017ei\u0107a.<\/li>\n<\/ul>\n<p>Gradska knji\u017enica Senj-od 15.listopada do 15. studenoga 2017.g.<\/p>\n<p>Organizator: Gradska knji\u017enica Senj<\/p>\n<p>&nbsp;<\/p>\n<p>Radujemo se Va\u0161em dolasku!<\/p>\n<p>Va\u0161a Gradska knji\u017enica Senj<\/p>\n<p>&nbsp;<\/p>\n","protected":false},"excerpt":{"rendered":"<p>&nbsp; MJESEC HRVATSKE KNJIGE 2017.-GRADSKA KNJI\u017dNICA SENJ &nbsp; Mjesec hrvatske knjige vrlo je cijenjena tradicionalna manifestacija koja ima za cilj promovirati vrijednosti knjige i \u010ditanja, a odvija se u organizaciji Knji\u017enica Grada Zagreba te pod pokroviteljstvom Ministarstva kulture Republike Hrvatske. Gotovo 200 knji\u017enica sa svojim programima sudjeluje u obilje\u017eavanju Mjeseca hrvatske knjige. Vrlo smo ponosni [&hellip;]<\/p>\n","protected":false},"author":58,"featured_media":0,"comment_status":"closed","ping_status":"closed","sticky":false,"template":"","format":"standard","meta":{"ngg_post_thumbnail":0},"categories":[8],"tags":[],"yoast_head":"<!-- This site is optimized with the Yoast SEO plugin v16.4 - https:\/\/yoast.com\/wordpress\/plugins\/seo\/ -->\n<meta name=\"robots\" content=\"index, follow, max-snippet:-1, max-image-preview:large, max-video-preview:-1\" \/>\n<link rel=\"canonical\" href=\"http:\/\/knjiznice.nsk.hr\/senj\/mjesec-hrvatske-knjige-2017-gradska-knjiznica-senj\/\" \/>\n<meta property=\"og:locale\" content=\"hr_HR\" \/>\n<meta property=\"og:type\" content=\"article\" \/>\n<meta property=\"og:title\" content=\"Mjesec hrvatske knjige 2017.-Gradska knji\u017enica Senj - Gradska knji\u017enica Senj\" \/>\n<meta property=\"og:description\" content=\"&nbsp; MJESEC HRVATSKE KNJIGE 2017.-GRADSKA KNJI\u017dNICA SENJ &nbsp; Mjesec hrvatske knjige vrlo je cijenjena tradicionalna manifestacija koja ima za cilj promovirati vrijednosti knjige i \u010ditanja, a odvija se u organizaciji Knji\u017enica Grada Zagreba te pod pokroviteljstvom Ministarstva kulture Republike Hrvatske. Gotovo 200 knji\u017enica sa svojim programima sudjeluje u obilje\u017eavanju Mjeseca hrvatske knjige. Vrlo smo ponosni [&hellip;]\" \/>\n<meta property=\"og:url\" content=\"http:\/\/knjiznice.nsk.hr\/senj\/mjesec-hrvatske-knjige-2017-gradska-knjiznica-senj\/\" \/>\n<meta property=\"og:site_name\" content=\"Gradska knji\u017enica Senj\" \/>\n<meta property=\"article:publisher\" content=\"http:\/\/facebook.com\/Gradska-knji%c5%benica-SENJ\" \/>\n<meta property=\"article:published_time\" content=\"2017-10-12T10:26:13+00:00\" \/>\n<meta property=\"article:modified_time\" content=\"2017-10-12T10:31:22+00:00\" \/>\n<meta property=\"og:image\" content=\"http:\/\/knjiznice.nsk.hr\/senj\/wp-content\/uploads\/sites\/60\/2017\/10\/plakat-MJESEC-HRVATSKE-KNJIGE-2017.-2-\u2013-kopija-213x300.jpg\" \/>\n<meta name=\"twitter:label1\" content=\"Procijenjeno vrijeme \u010ditanja\" \/>\n\t<meta name=\"twitter:data1\" content=\"2 minute\" \/>\n<script type=\"application\/ld+json\" class=\"yoast-schema-graph\">{\"@context\":\"https:\/\/schema.org\",\"@graph\":[{\"@type\":\"WebSite\",\"@id\":\"https:\/\/knjiznice.nsk.hr\/senj\/#website\",\"url\":\"https:\/\/knjiznice.nsk.hr\/senj\/\",\"name\":\"Gradska knji\\u017enica Senj\",\"description\":\"S vama od 1835. godine\",\"potentialAction\":[{\"@type\":\"SearchAction\",\"target\":\"https:\/\/knjiznice.nsk.hr\/senj\/?s={search_term_string}\",\"query-input\":\"required name=search_term_string\"}],\"inLanguage\":\"hr\"},{\"@type\":\"ImageObject\",\"@id\":\"http:\/\/knjiznice.nsk.hr\/senj\/mjesec-hrvatske-knjige-2017-gradska-knjiznica-senj\/#primaryimage\",\"inLanguage\":\"hr\",\"url\":\"http:\/\/knjiznice.nsk.hr\/senj\/wp-content\/uploads\/sites\/60\/2017\/10\/plakat-MJESEC-HRVATSKE-KNJIGE-2017.-2-\\u2013-kopija-213x300.jpg\",\"contentUrl\":\"http:\/\/knjiznice.nsk.hr\/senj\/wp-content\/uploads\/sites\/60\/2017\/10\/plakat-MJESEC-HRVATSKE-KNJIGE-2017.-2-\\u2013-kopija-213x300.jpg\"},{\"@type\":\"WebPage\",\"@id\":\"http:\/\/knjiznice.nsk.hr\/senj\/mjesec-hrvatske-knjige-2017-gradska-knjiznica-senj\/#webpage\",\"url\":\"http:\/\/knjiznice.nsk.hr\/senj\/mjesec-hrvatske-knjige-2017-gradska-knjiznica-senj\/\",\"name\":\"Mjesec hrvatske knjige 2017.-Gradska knji\\u017enica Senj - Gradska knji\\u017enica Senj\",\"isPartOf\":{\"@id\":\"https:\/\/knjiznice.nsk.hr\/senj\/#website\"},\"primaryImageOfPage\":{\"@id\":\"http:\/\/knjiznice.nsk.hr\/senj\/mjesec-hrvatske-knjige-2017-gradska-knjiznica-senj\/#primaryimage\"},\"datePublished\":\"2017-10-12T10:26:13+00:00\",\"dateModified\":\"2017-10-12T10:31:22+00:00\",\"author\":{\"@id\":\"https:\/\/knjiznice.nsk.hr\/senj\/#\/schema\/person\/c6b0893cdaca205d44fe2c322c042ac7\"},\"breadcrumb\":{\"@id\":\"http:\/\/knjiznice.nsk.hr\/senj\/mjesec-hrvatske-knjige-2017-gradska-knjiznica-senj\/#breadcrumb\"},\"inLanguage\":\"hr\",\"potentialAction\":[{\"@type\":\"ReadAction\",\"target\":[\"http:\/\/knjiznice.nsk.hr\/senj\/mjesec-hrvatske-knjige-2017-gradska-knjiznica-senj\/\"]}]},{\"@type\":\"BreadcrumbList\",\"@id\":\"http:\/\/knjiznice.nsk.hr\/senj\/mjesec-hrvatske-knjige-2017-gradska-knjiznica-senj\/#breadcrumb\",\"itemListElement\":[{\"@type\":\"ListItem\",\"position\":1,\"item\":{\"@type\":\"WebPage\",\"@id\":\"https:\/\/knjiznice.nsk.hr\/senj\/\",\"url\":\"https:\/\/knjiznice.nsk.hr\/senj\/\",\"name\":\"Po\\u010detna stranica\"}},{\"@type\":\"ListItem\",\"position\":2,\"item\":{\"@id\":\"http:\/\/knjiznice.nsk.hr\/senj\/mjesec-hrvatske-knjige-2017-gradska-knjiznica-senj\/#webpage\"}}]},{\"@type\":\"Person\",\"@id\":\"https:\/\/knjiznice.nsk.hr\/senj\/#\/schema\/person\/c6b0893cdaca205d44fe2c322c042ac7\",\"name\":\"senj\",\"image\":{\"@type\":\"ImageObject\",\"@id\":\"https:\/\/knjiznice.nsk.hr\/senj\/#personlogo\",\"inLanguage\":\"hr\",\"url\":\"https:\/\/secure.gravatar.com\/avatar\/b00e8e1a99b5ba41772fe68c6bcfd17c?s=96&d=mm&r=g\",\"contentUrl\":\"https:\/\/secure.gravatar.com\/avatar\/b00e8e1a99b5ba41772fe68c6bcfd17c?s=96&d=mm&r=g\",\"caption\":\"senj\"}}]}<\/script>\n<!-- \/ Yoast SEO plugin. -->","_links":{"self":[{"href":"https:\/\/knjiznice.nsk.hr\/senj\/wp-json\/wp\/v2\/posts\/1321"}],"collection":[{"href":"https:\/\/knjiznice.nsk.hr\/senj\/wp-json\/wp\/v2\/posts"}],"about":[{"href":"https:\/\/knjiznice.nsk.hr\/senj\/wp-json\/wp\/v2\/types\/post"}],"author":[{"embeddable":true,"href":"https:\/\/knjiznice.nsk.hr\/senj\/wp-json\/wp\/v2\/users\/58"}],"replies":[{"embeddable":true,"href":"https:\/\/knjiznice.nsk.hr\/senj\/wp-json\/wp\/v2\/comments?post=1321"}],"version-history":[{"count":3,"href":"https:\/\/knjiznice.nsk.hr\/senj\/wp-json\/wp\/v2\/posts\/1321\/revisions"}],"predecessor-version":[{"id":1325,"href":"https:\/\/knjiznice.nsk.hr\/senj\/wp-json\/wp\/v2\/posts\/1321\/revisions\/1325"}],"wp:attachment":[{"href":"https:\/\/knjiznice.nsk.hr\/senj\/wp-json\/wp\/v2\/media?parent=1321"}],"wp:term":[{"taxonomy":"category","embeddable":true,"href":"https:\/\/knjiznice.nsk.hr\/senj\/wp-json\/wp\/v2\/categories?post=1321"},{"taxonomy":"post_tag","embeddable":true,"href":"https:\/\/knjiznice.nsk.hr\/senj\/wp-json\/wp\/v2\/tags?post=1321"}],"curies":[{"name":"wp","href":"https:\/\/api.w.org\/{rel}","templated":true}]}}