{"id":1300,"date":"2017-10-02T04:17:41","date_gmt":"2017-10-02T04:17:41","guid":{"rendered":"http:\/\/knjiznice.nsk.hr\/senj\/?p=1300"},"modified":"2017-10-02T04:17:41","modified_gmt":"2017-10-02T04:17:41","slug":"odrzani-dani-europske-bastine-u-gradskoj-knjiznici-senj","status":"publish","type":"post","link":"https:\/\/knjiznice.nsk.hr\/senj\/odrzani-dani-europske-bastine-u-gradskoj-knjiznici-senj\/","title":{"rendered":"ODR\u017dANI DANI EUROPSKE BA\u0160TINE U GRADSKOJ KNJI\u017dNICI SENJ"},"content":{"rendered":"<p>&nbsp;<\/p>\n<p>U srijedu, 27. rujna u Gradskoj knji\u017enici Senj odr\u017eani su Dani europske ba\u0161tine.<\/p>\n<p>U cijeloj Europskoj uniji ove se godine obilje\u017eavaju Dani europske ba\u0161tine sa zajedni\u010dkom temom &#8220;Ba\u0161tina i priroda: krajolik mogu\u0107nosti&#8221;. &nbsp;Ovim doga\u0111anjem i Senj je u\u0161ao na kartu tih hvalevrijednih doga\u0111anja kojima se osvje\u0161tava ljepota i posebnost prirodne i kulturne ba\u0161tine na\u0161e domovine kako bismo je \u010dim vi\u0161e cijenili i \u010duvali.<\/p>\n<p>U prvom dijelu programa predstavljeni su radovi ilustratorice Zrinke Ostovi\u0107 koja ve\u0107 dugi niz godina sa suradnicima kreira edukativne publikacije za djecu. Uz to, umjetnica Ostovi\u0107 djeci je pojasnila kako nastaju ilustracije i slikovnice, a zatim je ravnateljica Knji\u017enice Ana Prpi\u0107 Rogi\u0107 pro\u010ditala i s u\u010denicima obradila jednu od Zrinkinih slikovnicu koja govori o za\u0161ti\u0107enoj \u017eivotinji na\u0161ih krajeva. O ostalim za\u0161ti\u0107enim i ugro\u017eenim &nbsp;\u017eivotinjama na\u0161eg zavi\u010daja odr\u017eala je zanimljivu prezentaciju i kviz Irena Glavi\u010di\u0107 Serti\u0107 iz Nacionalnog parka Sjeverni Velebit.<\/p>\n<p>Drugi dio dru\u017eenja obilje\u017eila je likovna radionica koju je vodila umjetnica Ostovi\u0107. U\u010denici su izra\u0111ivali originalne pop-up razglednice iliti kartoline s likovima za\u0161ti\u0107enih \u017eivotinja na Velebitu pa smo ih i na taj na\u010din upoznali s prirodnim bogatstvom zavi\u010daja.<\/p>\n<p>Cilj organizatora bio je kroz razne kreativne, edukativne i zabavne sadr\u017eaje pribli\u017eiti u\u010denicima ljepotu i vrijednost prirodne raznolikosti na na\u0161em podru\u010dju uz pouku da po\u0161tuju i cijene iste, a pritom im naglasiti i va\u017enost \u010ditanja i tiskanih publikacija.<\/p>\n<p>Uz senjsku knji\u017enicu, doga\u0111aj su suorganizirali Nacionalni park Sjeverni Velebit te umjetnica Zrinka Ostovi\u0107 (ispred agencije SMAK) koja je ujedno i idejni inicijator doga\u0111aja.<\/p>\n<p>U\u010denici 2. a i b razreda senjske osnovne \u0161kole S.S. Kranj\u010devi\u0107a predvo\u0111eni u\u010diteljicama Melitom Mareni\u0107 i Karmen \u010cori\u0107 divno su sura\u0111ivali, sa zanimanjem pratili program te rado razgovarali i postavljali pitanja.<\/p>\n<p>Hvala Ministarstvu kulture na ukazanom povjerenju i svim partnerima na divnoj suradnji!<\/p>\n<p>&nbsp;<\/p>\n","protected":false},"excerpt":{"rendered":"<p>&nbsp; U srijedu, 27. rujna u Gradskoj knji\u017enici Senj odr\u017eani su Dani europske ba\u0161tine. U cijeloj Europskoj uniji ove se godine obilje\u017eavaju Dani europske ba\u0161tine sa zajedni\u010dkom temom &#8220;Ba\u0161tina i priroda: krajolik mogu\u0107nosti&#8221;. &nbsp;Ovim doga\u0111anjem i Senj je u\u0161ao na kartu tih hvalevrijednih doga\u0111anja kojima se osvje\u0161tava ljepota i posebnost prirodne i kulturne ba\u0161tine na\u0161e [&hellip;]<\/p>\n","protected":false},"author":58,"featured_media":1301,"comment_status":"closed","ping_status":"closed","sticky":false,"template":"","format":"standard","meta":{"ngg_post_thumbnail":0},"categories":[8],"tags":[],"yoast_head":"<!-- This site is optimized with the Yoast SEO plugin v16.4 - https:\/\/yoast.com\/wordpress\/plugins\/seo\/ -->\n<meta name=\"robots\" content=\"index, follow, max-snippet:-1, max-image-preview:large, max-video-preview:-1\" \/>\n<link rel=\"canonical\" href=\"http:\/\/knjiznice.nsk.hr\/senj\/odrzani-dani-europske-bastine-u-gradskoj-knjiznici-senj\/\" \/>\n<meta property=\"og:locale\" content=\"hr_HR\" \/>\n<meta property=\"og:type\" content=\"article\" \/>\n<meta property=\"og:title\" content=\"ODR\u017dANI DANI EUROPSKE BA\u0160TINE U GRADSKOJ KNJI\u017dNICI SENJ - Gradska knji\u017enica Senj\" \/>\n<meta property=\"og:description\" content=\"&nbsp; U srijedu, 27. rujna u Gradskoj knji\u017enici Senj odr\u017eani su Dani europske ba\u0161tine. U cijeloj Europskoj uniji ove se godine obilje\u017eavaju Dani europske ba\u0161tine sa zajedni\u010dkom temom &#8220;Ba\u0161tina i priroda: krajolik mogu\u0107nosti&#8221;. &nbsp;Ovim doga\u0111anjem i Senj je u\u0161ao na kartu tih hvalevrijednih doga\u0111anja kojima se osvje\u0161tava ljepota i posebnost prirodne i kulturne ba\u0161tine na\u0161e [&hellip;]\" \/>\n<meta property=\"og:url\" content=\"http:\/\/knjiznice.nsk.hr\/senj\/odrzani-dani-europske-bastine-u-gradskoj-knjiznici-senj\/\" \/>\n<meta property=\"og:site_name\" content=\"Gradska knji\u017enica Senj\" \/>\n<meta property=\"article:publisher\" content=\"http:\/\/facebook.com\/Gradska-knji%c5%benica-SENJ\" \/>\n<meta property=\"article:published_time\" content=\"2017-10-02T04:17:41+00:00\" \/>\n<meta property=\"og:image\" content=\"http:\/\/knjiznice.nsk.hr\/senj\/wp-content\/uploads\/sites\/60\/2017\/10\/20170927_110622_resized_1.jpg\" \/>\n\t<meta property=\"og:image:width\" content=\"400\" \/>\n\t<meta property=\"og:image:height\" content=\"300\" \/>\n<meta name=\"twitter:label1\" content=\"Procijenjeno vrijeme \u010ditanja\" \/>\n\t<meta name=\"twitter:data1\" content=\"2 minute\" \/>\n<script type=\"application\/ld+json\" class=\"yoast-schema-graph\">{\"@context\":\"https:\/\/schema.org\",\"@graph\":[{\"@type\":\"WebSite\",\"@id\":\"https:\/\/knjiznice.nsk.hr\/senj\/#website\",\"url\":\"https:\/\/knjiznice.nsk.hr\/senj\/\",\"name\":\"Gradska knji\\u017enica Senj\",\"description\":\"S vama od 1835. godine\",\"potentialAction\":[{\"@type\":\"SearchAction\",\"target\":\"https:\/\/knjiznice.nsk.hr\/senj\/?s={search_term_string}\",\"query-input\":\"required name=search_term_string\"}],\"inLanguage\":\"hr\"},{\"@type\":\"ImageObject\",\"@id\":\"http:\/\/knjiznice.nsk.hr\/senj\/odrzani-dani-europske-bastine-u-gradskoj-knjiznici-senj\/#primaryimage\",\"inLanguage\":\"hr\",\"url\":\"https:\/\/knjiznice.nsk.hr\/senj\/wp-content\/uploads\/sites\/60\/2017\/10\/20170927_110622_resized_1.jpg\",\"contentUrl\":\"https:\/\/knjiznice.nsk.hr\/senj\/wp-content\/uploads\/sites\/60\/2017\/10\/20170927_110622_resized_1.jpg\",\"width\":400,\"height\":300},{\"@type\":\"WebPage\",\"@id\":\"http:\/\/knjiznice.nsk.hr\/senj\/odrzani-dani-europske-bastine-u-gradskoj-knjiznici-senj\/#webpage\",\"url\":\"http:\/\/knjiznice.nsk.hr\/senj\/odrzani-dani-europske-bastine-u-gradskoj-knjiznici-senj\/\",\"name\":\"ODR\\u017dANI DANI EUROPSKE BA\\u0160TINE U GRADSKOJ KNJI\\u017dNICI SENJ - Gradska knji\\u017enica Senj\",\"isPartOf\":{\"@id\":\"https:\/\/knjiznice.nsk.hr\/senj\/#website\"},\"primaryImageOfPage\":{\"@id\":\"http:\/\/knjiznice.nsk.hr\/senj\/odrzani-dani-europske-bastine-u-gradskoj-knjiznici-senj\/#primaryimage\"},\"datePublished\":\"2017-10-02T04:17:41+00:00\",\"dateModified\":\"2017-10-02T04:17:41+00:00\",\"author\":{\"@id\":\"https:\/\/knjiznice.nsk.hr\/senj\/#\/schema\/person\/c6b0893cdaca205d44fe2c322c042ac7\"},\"breadcrumb\":{\"@id\":\"http:\/\/knjiznice.nsk.hr\/senj\/odrzani-dani-europske-bastine-u-gradskoj-knjiznici-senj\/#breadcrumb\"},\"inLanguage\":\"hr\",\"potentialAction\":[{\"@type\":\"ReadAction\",\"target\":[\"http:\/\/knjiznice.nsk.hr\/senj\/odrzani-dani-europske-bastine-u-gradskoj-knjiznici-senj\/\"]}]},{\"@type\":\"BreadcrumbList\",\"@id\":\"http:\/\/knjiznice.nsk.hr\/senj\/odrzani-dani-europske-bastine-u-gradskoj-knjiznici-senj\/#breadcrumb\",\"itemListElement\":[{\"@type\":\"ListItem\",\"position\":1,\"item\":{\"@type\":\"WebPage\",\"@id\":\"https:\/\/knjiznice.nsk.hr\/senj\/\",\"url\":\"https:\/\/knjiznice.nsk.hr\/senj\/\",\"name\":\"Po\\u010detna stranica\"}},{\"@type\":\"ListItem\",\"position\":2,\"item\":{\"@id\":\"http:\/\/knjiznice.nsk.hr\/senj\/odrzani-dani-europske-bastine-u-gradskoj-knjiznici-senj\/#webpage\"}}]},{\"@type\":\"Person\",\"@id\":\"https:\/\/knjiznice.nsk.hr\/senj\/#\/schema\/person\/c6b0893cdaca205d44fe2c322c042ac7\",\"name\":\"senj\",\"image\":{\"@type\":\"ImageObject\",\"@id\":\"https:\/\/knjiznice.nsk.hr\/senj\/#personlogo\",\"inLanguage\":\"hr\",\"url\":\"https:\/\/secure.gravatar.com\/avatar\/b00e8e1a99b5ba41772fe68c6bcfd17c?s=96&d=mm&r=g\",\"contentUrl\":\"https:\/\/secure.gravatar.com\/avatar\/b00e8e1a99b5ba41772fe68c6bcfd17c?s=96&d=mm&r=g\",\"caption\":\"senj\"}}]}<\/script>\n<!-- \/ Yoast SEO plugin. -->","_links":{"self":[{"href":"https:\/\/knjiznice.nsk.hr\/senj\/wp-json\/wp\/v2\/posts\/1300"}],"collection":[{"href":"https:\/\/knjiznice.nsk.hr\/senj\/wp-json\/wp\/v2\/posts"}],"about":[{"href":"https:\/\/knjiznice.nsk.hr\/senj\/wp-json\/wp\/v2\/types\/post"}],"author":[{"embeddable":true,"href":"https:\/\/knjiznice.nsk.hr\/senj\/wp-json\/wp\/v2\/users\/58"}],"replies":[{"embeddable":true,"href":"https:\/\/knjiznice.nsk.hr\/senj\/wp-json\/wp\/v2\/comments?post=1300"}],"version-history":[{"count":1,"href":"https:\/\/knjiznice.nsk.hr\/senj\/wp-json\/wp\/v2\/posts\/1300\/revisions"}],"predecessor-version":[{"id":1302,"href":"https:\/\/knjiznice.nsk.hr\/senj\/wp-json\/wp\/v2\/posts\/1300\/revisions\/1302"}],"wp:featuredmedia":[{"embeddable":true,"href":"https:\/\/knjiznice.nsk.hr\/senj\/wp-json\/wp\/v2\/media\/1301"}],"wp:attachment":[{"href":"https:\/\/knjiznice.nsk.hr\/senj\/wp-json\/wp\/v2\/media?parent=1300"}],"wp:term":[{"taxonomy":"category","embeddable":true,"href":"https:\/\/knjiznice.nsk.hr\/senj\/wp-json\/wp\/v2\/categories?post=1300"},{"taxonomy":"post_tag","embeddable":true,"href":"https:\/\/knjiznice.nsk.hr\/senj\/wp-json\/wp\/v2\/tags?post=1300"}],"curies":[{"name":"wp","href":"https:\/\/api.w.org\/{rel}","templated":true}]}}