{"id":1276,"date":"2017-08-04T05:54:21","date_gmt":"2017-08-04T05:54:21","guid":{"rendered":"http:\/\/knjiznice.nsk.hr\/senj\/?p=1276"},"modified":"2017-08-04T05:54:21","modified_gmt":"2017-08-04T05:54:21","slug":"novi-susret-book-kluba-citamo-i-na-40","status":"publish","type":"post","link":"https:\/\/knjiznice.nsk.hr\/senj\/novi-susret-book-kluba-citamo-i-na-40\/","title":{"rendered":"NOVI SUSRET BOOK KLUBA-\u010cITAMO I NA +40"},"content":{"rendered":"<p>&nbsp;<\/p>\n<p>I dok se \u017eiva u termometru di\u017ee i do 40 stupnjeva, na\u0161 Book klub ide dalje, a na\u0161e book dru\u0161tvo i dalje u\u017eiva u svom omiljenom svijetu knjiga.<\/p>\n<p>U utorak, 1. kolovoza \u010dlanice \u010citateljskog kluba u\u017eivale su u razgovoru i dru\u017eenju na terasi Gradske knji\u017enice Senj. Tema ovog book-sastanka bio je psiholo\u0161ki triler \u201eIza zaklju\u010danih vrata\u201c autorice B. A. Paris. Rasprava i tema je bilo napretek jer je glavna junakinja romana zlostavljana \u017eena koja je pro\u0161la pravi psiholo\u0161ki teror u braku. Knjiga nas je sve potresla i dojmila, ali i potaknula na promi\u0161ljanje i intenzivnu razmjenu mi\u0161ljenja. Iako sumorne tematike, knjiga se ve\u0107ini \u010dlanica svidjela jer ima napetu radnju i zaplete pa se \u010dita brzo i lako.<\/p>\n<p>I ovaj put smo se po\u010dastile s malo slatkog i osvje\u017eile hladnim napicima, a \u010dlanice su darovane i s originalnim bookmarkerima koje su izradile vrijedne ruke na\u0161e voditeljice Maje.<\/p>\n<p>I na sljede\u0107emo susretu nastavljamo pohod na vrhove top-ljestvica-\u010dita se besseler\u201eArcherov glas\u201c autorice Mie Sheridan.<\/p>\n<p>Hvala na\u0161im dragim bookicama na dolasku i jo\u0161 jednom predivnom dru\u017eenju. Preostaje nam jo\u0161 jedan susret u kolovozu, zakazan za 16. u mjesecu (srijeda) u 19.00 sati. Termin pomi\u010demo s utorka na srijedu zbog blagdana Velike Gospe koji pada na utorak.<\/p>\n<p>Radujemo se novom susretu!<\/p>\n<p>Va\u0161e book-voditeljice Maja i Ana<\/p>\n<p>&nbsp;<\/p>\n<p>&nbsp;<\/p>\n","protected":false},"excerpt":{"rendered":"<p>&nbsp; I dok se \u017eiva u termometru di\u017ee i do 40 stupnjeva, na\u0161 Book klub ide dalje, a na\u0161e book dru\u0161tvo i dalje u\u017eiva u svom omiljenom svijetu knjiga. U utorak, 1. kolovoza \u010dlanice \u010citateljskog kluba u\u017eivale su u razgovoru i dru\u017eenju na terasi Gradske knji\u017enice Senj. Tema ovog book-sastanka bio je psiholo\u0161ki triler \u201eIza [&hellip;]<\/p>\n","protected":false},"author":58,"featured_media":0,"comment_status":"closed","ping_status":"closed","sticky":false,"template":"","format":"standard","meta":{"ngg_post_thumbnail":0},"categories":[8],"tags":[],"yoast_head":"<!-- This site is optimized with the Yoast SEO plugin v16.4 - https:\/\/yoast.com\/wordpress\/plugins\/seo\/ -->\n<meta name=\"robots\" content=\"index, follow, max-snippet:-1, max-image-preview:large, max-video-preview:-1\" \/>\n<link rel=\"canonical\" href=\"https:\/\/knjiznice.nsk.hr\/senj\/novi-susret-book-kluba-citamo-i-na-40\/\" \/>\n<meta property=\"og:locale\" content=\"hr_HR\" \/>\n<meta property=\"og:type\" content=\"article\" \/>\n<meta property=\"og:title\" content=\"NOVI SUSRET BOOK KLUBA-\u010cITAMO I NA +40 - Gradska knji\u017enica Senj\" \/>\n<meta property=\"og:description\" content=\"&nbsp; I dok se \u017eiva u termometru di\u017ee i do 40 stupnjeva, na\u0161 Book klub ide dalje, a na\u0161e book dru\u0161tvo i dalje u\u017eiva u svom omiljenom svijetu knjiga. U utorak, 1. kolovoza \u010dlanice \u010citateljskog kluba u\u017eivale su u razgovoru i dru\u017eenju na terasi Gradske knji\u017enice Senj. Tema ovog book-sastanka bio je psiholo\u0161ki triler \u201eIza [&hellip;]\" \/>\n<meta property=\"og:url\" content=\"https:\/\/knjiznice.nsk.hr\/senj\/novi-susret-book-kluba-citamo-i-na-40\/\" \/>\n<meta property=\"og:site_name\" content=\"Gradska knji\u017enica Senj\" \/>\n<meta property=\"article:publisher\" content=\"http:\/\/facebook.com\/Gradska-knji%c5%benica-SENJ\" \/>\n<meta property=\"article:published_time\" content=\"2017-08-04T05:54:21+00:00\" \/>\n<meta name=\"twitter:label1\" content=\"Procijenjeno vrijeme \u010ditanja\" \/>\n\t<meta name=\"twitter:data1\" content=\"1 minuta\" \/>\n<script type=\"application\/ld+json\" class=\"yoast-schema-graph\">{\"@context\":\"https:\/\/schema.org\",\"@graph\":[{\"@type\":\"WebSite\",\"@id\":\"https:\/\/knjiznice.nsk.hr\/senj\/#website\",\"url\":\"https:\/\/knjiznice.nsk.hr\/senj\/\",\"name\":\"Gradska knji\\u017enica Senj\",\"description\":\"S vama od 1835. godine\",\"potentialAction\":[{\"@type\":\"SearchAction\",\"target\":\"https:\/\/knjiznice.nsk.hr\/senj\/?s={search_term_string}\",\"query-input\":\"required name=search_term_string\"}],\"inLanguage\":\"hr\"},{\"@type\":\"WebPage\",\"@id\":\"https:\/\/knjiznice.nsk.hr\/senj\/novi-susret-book-kluba-citamo-i-na-40\/#webpage\",\"url\":\"https:\/\/knjiznice.nsk.hr\/senj\/novi-susret-book-kluba-citamo-i-na-40\/\",\"name\":\"NOVI SUSRET BOOK KLUBA-\\u010cITAMO I NA +40 - Gradska knji\\u017enica Senj\",\"isPartOf\":{\"@id\":\"https:\/\/knjiznice.nsk.hr\/senj\/#website\"},\"datePublished\":\"2017-08-04T05:54:21+00:00\",\"dateModified\":\"2017-08-04T05:54:21+00:00\",\"author\":{\"@id\":\"https:\/\/knjiznice.nsk.hr\/senj\/#\/schema\/person\/c6b0893cdaca205d44fe2c322c042ac7\"},\"breadcrumb\":{\"@id\":\"https:\/\/knjiznice.nsk.hr\/senj\/novi-susret-book-kluba-citamo-i-na-40\/#breadcrumb\"},\"inLanguage\":\"hr\",\"potentialAction\":[{\"@type\":\"ReadAction\",\"target\":[\"https:\/\/knjiznice.nsk.hr\/senj\/novi-susret-book-kluba-citamo-i-na-40\/\"]}]},{\"@type\":\"BreadcrumbList\",\"@id\":\"https:\/\/knjiznice.nsk.hr\/senj\/novi-susret-book-kluba-citamo-i-na-40\/#breadcrumb\",\"itemListElement\":[{\"@type\":\"ListItem\",\"position\":1,\"item\":{\"@type\":\"WebPage\",\"@id\":\"https:\/\/knjiznice.nsk.hr\/senj\/\",\"url\":\"https:\/\/knjiznice.nsk.hr\/senj\/\",\"name\":\"Po\\u010detna stranica\"}},{\"@type\":\"ListItem\",\"position\":2,\"item\":{\"@id\":\"https:\/\/knjiznice.nsk.hr\/senj\/novi-susret-book-kluba-citamo-i-na-40\/#webpage\"}}]},{\"@type\":\"Person\",\"@id\":\"https:\/\/knjiznice.nsk.hr\/senj\/#\/schema\/person\/c6b0893cdaca205d44fe2c322c042ac7\",\"name\":\"senj\",\"image\":{\"@type\":\"ImageObject\",\"@id\":\"https:\/\/knjiznice.nsk.hr\/senj\/#personlogo\",\"inLanguage\":\"hr\",\"url\":\"https:\/\/secure.gravatar.com\/avatar\/b00e8e1a99b5ba41772fe68c6bcfd17c?s=96&d=mm&r=g\",\"contentUrl\":\"https:\/\/secure.gravatar.com\/avatar\/b00e8e1a99b5ba41772fe68c6bcfd17c?s=96&d=mm&r=g\",\"caption\":\"senj\"}}]}<\/script>\n<!-- \/ Yoast SEO plugin. -->","_links":{"self":[{"href":"https:\/\/knjiznice.nsk.hr\/senj\/wp-json\/wp\/v2\/posts\/1276"}],"collection":[{"href":"https:\/\/knjiznice.nsk.hr\/senj\/wp-json\/wp\/v2\/posts"}],"about":[{"href":"https:\/\/knjiznice.nsk.hr\/senj\/wp-json\/wp\/v2\/types\/post"}],"author":[{"embeddable":true,"href":"https:\/\/knjiznice.nsk.hr\/senj\/wp-json\/wp\/v2\/users\/58"}],"replies":[{"embeddable":true,"href":"https:\/\/knjiznice.nsk.hr\/senj\/wp-json\/wp\/v2\/comments?post=1276"}],"version-history":[{"count":1,"href":"https:\/\/knjiznice.nsk.hr\/senj\/wp-json\/wp\/v2\/posts\/1276\/revisions"}],"predecessor-version":[{"id":1278,"href":"https:\/\/knjiznice.nsk.hr\/senj\/wp-json\/wp\/v2\/posts\/1276\/revisions\/1278"}],"wp:attachment":[{"href":"https:\/\/knjiznice.nsk.hr\/senj\/wp-json\/wp\/v2\/media?parent=1276"}],"wp:term":[{"taxonomy":"category","embeddable":true,"href":"https:\/\/knjiznice.nsk.hr\/senj\/wp-json\/wp\/v2\/categories?post=1276"},{"taxonomy":"post_tag","embeddable":true,"href":"https:\/\/knjiznice.nsk.hr\/senj\/wp-json\/wp\/v2\/tags?post=1276"}],"curies":[{"name":"wp","href":"https:\/\/api.w.org\/{rel}","templated":true}]}}