{"id":1247,"date":"2017-07-07T07:04:52","date_gmt":"2017-07-07T07:04:52","guid":{"rendered":"http:\/\/knjiznice.nsk.hr\/senj\/?p=1247"},"modified":"2017-07-07T07:04:52","modified_gmt":"2017-07-07T07:04:52","slug":"strucni-susret-i-posjet-zagrebackih-kolega-gradskoj-knjiznici-senj","status":"publish","type":"post","link":"https:\/\/knjiznice.nsk.hr\/senj\/strucni-susret-i-posjet-zagrebackih-kolega-gradskoj-knjiznici-senj\/","title":{"rendered":"STRU\u010cNI SUSRET I POSJET ZAGREBA\u010cKIH KOLEGA GRADSKOJ KNJI\u017dNICI SENJ"},"content":{"rendered":"<p>&nbsp;<\/p>\n<p>Ovaj tjedan senjskim su knji\u017eni\u010darima u posjet do\u0161li kolege, prijatelji i suradnici iz zagreba\u010dke Osnovne \u0161kole \u201eRetkovec\u201c.<\/p>\n<p>Ravnateljica Gradske knji\u017enice Senj Ana Prpi\u0107 Rogi\u0107 drage je goste upoznala sa senjskom knji\u017enicom te odr\u017eala prezentaciju o uslugama, radu i djelatnostima iste. Tako\u0111er, kroz izlaganje, ali i kroz obilazak, gostima je predstavila Senj i njegove brojne spomenike i znamenitosti koje progovaraju o bogatoj kulturi, povijesti i tradiciji na\u0161ega grada.<\/p>\n<p>Na samom kraju posjeta kolege su posjetile Tvr\u0111avu Nehaj gdje su ih ljubazni djelatnici Gradskog muzeja Senj upoznali sa simbolom i ponosom na\u0161ega grada.<\/p>\n<p>Ovaj susret u gradu pod Nehajem spojio je ugodno s korisnim, odnosno, uz stru\u010dni aspekt i razmjenu ideja me\u0111u kolegama, za cilj je imao i turisti\u010dku promociju na\u0161ega grada te njegove kulture.<\/p>\n<p>Bilo nam je zadovoljstvo ugostiti zagreba\u010dke kolege, a \u010dinjenica da su oti\u0161li iz na\u0161eg grada i knji\u017enice prepuni pozitivnih dojmova \u010dini na\u0161e zadovoljstvo jo\u0161 ve\u0107im.<\/p>\n","protected":false},"excerpt":{"rendered":"<p>&nbsp; Ovaj tjedan senjskim su knji\u017eni\u010darima u posjet do\u0161li kolege, prijatelji i suradnici iz zagreba\u010dke Osnovne \u0161kole \u201eRetkovec\u201c. Ravnateljica Gradske knji\u017enice Senj Ana Prpi\u0107 Rogi\u0107 drage je goste upoznala sa senjskom knji\u017enicom te odr\u017eala prezentaciju o uslugama, radu i djelatnostima iste. Tako\u0111er, kroz izlaganje, ali i kroz obilazak, gostima je predstavila Senj i njegove brojne [&hellip;]<\/p>\n","protected":false},"author":58,"featured_media":1248,"comment_status":"closed","ping_status":"closed","sticky":false,"template":"","format":"standard","meta":{"ngg_post_thumbnail":0},"categories":[8],"tags":[],"yoast_head":"<!-- This site is optimized with the Yoast SEO plugin v16.4 - https:\/\/yoast.com\/wordpress\/plugins\/seo\/ -->\n<meta name=\"robots\" content=\"index, follow, max-snippet:-1, max-image-preview:large, max-video-preview:-1\" \/>\n<link rel=\"canonical\" href=\"https:\/\/knjiznice.nsk.hr\/senj\/strucni-susret-i-posjet-zagrebackih-kolega-gradskoj-knjiznici-senj\/\" \/>\n<meta property=\"og:locale\" content=\"hr_HR\" \/>\n<meta property=\"og:type\" content=\"article\" \/>\n<meta property=\"og:title\" content=\"STRU\u010cNI SUSRET I POSJET ZAGREBA\u010cKIH KOLEGA GRADSKOJ KNJI\u017dNICI SENJ - Gradska knji\u017enica Senj\" \/>\n<meta property=\"og:description\" content=\"&nbsp; Ovaj tjedan senjskim su knji\u017eni\u010darima u posjet do\u0161li kolege, prijatelji i suradnici iz zagreba\u010dke Osnovne \u0161kole \u201eRetkovec\u201c. Ravnateljica Gradske knji\u017enice Senj Ana Prpi\u0107 Rogi\u0107 drage je goste upoznala sa senjskom knji\u017enicom te odr\u017eala prezentaciju o uslugama, radu i djelatnostima iste. Tako\u0111er, kroz izlaganje, ali i kroz obilazak, gostima je predstavila Senj i njegove brojne [&hellip;]\" \/>\n<meta property=\"og:url\" content=\"https:\/\/knjiznice.nsk.hr\/senj\/strucni-susret-i-posjet-zagrebackih-kolega-gradskoj-knjiznici-senj\/\" \/>\n<meta property=\"og:site_name\" content=\"Gradska knji\u017enica Senj\" \/>\n<meta property=\"article:publisher\" content=\"http:\/\/facebook.com\/Gradska-knji%c5%benica-SENJ\" \/>\n<meta property=\"article:published_time\" content=\"2017-07-07T07:04:52+00:00\" \/>\n<meta property=\"og:image\" content=\"http:\/\/knjiznice.nsk.hr\/senj\/wp-content\/uploads\/sites\/60\/2017\/07\/20170705_153411_resized.jpg\" \/>\n\t<meta property=\"og:image:width\" content=\"533\" \/>\n\t<meta property=\"og:image:height\" content=\"300\" \/>\n<meta name=\"twitter:label1\" content=\"Procijenjeno vrijeme \u010ditanja\" \/>\n\t<meta name=\"twitter:data1\" content=\"1 minuta\" \/>\n<script type=\"application\/ld+json\" class=\"yoast-schema-graph\">{\"@context\":\"https:\/\/schema.org\",\"@graph\":[{\"@type\":\"WebSite\",\"@id\":\"https:\/\/knjiznice.nsk.hr\/senj\/#website\",\"url\":\"https:\/\/knjiznice.nsk.hr\/senj\/\",\"name\":\"Gradska knji\\u017enica Senj\",\"description\":\"S vama od 1835. godine\",\"potentialAction\":[{\"@type\":\"SearchAction\",\"target\":\"https:\/\/knjiznice.nsk.hr\/senj\/?s={search_term_string}\",\"query-input\":\"required name=search_term_string\"}],\"inLanguage\":\"hr\"},{\"@type\":\"ImageObject\",\"@id\":\"https:\/\/knjiznice.nsk.hr\/senj\/strucni-susret-i-posjet-zagrebackih-kolega-gradskoj-knjiznici-senj\/#primaryimage\",\"inLanguage\":\"hr\",\"url\":\"https:\/\/knjiznice.nsk.hr\/senj\/wp-content\/uploads\/sites\/60\/2017\/07\/20170705_153411_resized.jpg\",\"contentUrl\":\"https:\/\/knjiznice.nsk.hr\/senj\/wp-content\/uploads\/sites\/60\/2017\/07\/20170705_153411_resized.jpg\",\"width\":533,\"height\":300},{\"@type\":\"WebPage\",\"@id\":\"https:\/\/knjiznice.nsk.hr\/senj\/strucni-susret-i-posjet-zagrebackih-kolega-gradskoj-knjiznici-senj\/#webpage\",\"url\":\"https:\/\/knjiznice.nsk.hr\/senj\/strucni-susret-i-posjet-zagrebackih-kolega-gradskoj-knjiznici-senj\/\",\"name\":\"STRU\\u010cNI SUSRET I POSJET ZAGREBA\\u010cKIH KOLEGA GRADSKOJ KNJI\\u017dNICI SENJ - Gradska knji\\u017enica Senj\",\"isPartOf\":{\"@id\":\"https:\/\/knjiznice.nsk.hr\/senj\/#website\"},\"primaryImageOfPage\":{\"@id\":\"https:\/\/knjiznice.nsk.hr\/senj\/strucni-susret-i-posjet-zagrebackih-kolega-gradskoj-knjiznici-senj\/#primaryimage\"},\"datePublished\":\"2017-07-07T07:04:52+00:00\",\"dateModified\":\"2017-07-07T07:04:52+00:00\",\"author\":{\"@id\":\"https:\/\/knjiznice.nsk.hr\/senj\/#\/schema\/person\/c6b0893cdaca205d44fe2c322c042ac7\"},\"breadcrumb\":{\"@id\":\"https:\/\/knjiznice.nsk.hr\/senj\/strucni-susret-i-posjet-zagrebackih-kolega-gradskoj-knjiznici-senj\/#breadcrumb\"},\"inLanguage\":\"hr\",\"potentialAction\":[{\"@type\":\"ReadAction\",\"target\":[\"https:\/\/knjiznice.nsk.hr\/senj\/strucni-susret-i-posjet-zagrebackih-kolega-gradskoj-knjiznici-senj\/\"]}]},{\"@type\":\"BreadcrumbList\",\"@id\":\"https:\/\/knjiznice.nsk.hr\/senj\/strucni-susret-i-posjet-zagrebackih-kolega-gradskoj-knjiznici-senj\/#breadcrumb\",\"itemListElement\":[{\"@type\":\"ListItem\",\"position\":1,\"item\":{\"@type\":\"WebPage\",\"@id\":\"https:\/\/knjiznice.nsk.hr\/senj\/\",\"url\":\"https:\/\/knjiznice.nsk.hr\/senj\/\",\"name\":\"Po\\u010detna stranica\"}},{\"@type\":\"ListItem\",\"position\":2,\"item\":{\"@id\":\"https:\/\/knjiznice.nsk.hr\/senj\/strucni-susret-i-posjet-zagrebackih-kolega-gradskoj-knjiznici-senj\/#webpage\"}}]},{\"@type\":\"Person\",\"@id\":\"https:\/\/knjiznice.nsk.hr\/senj\/#\/schema\/person\/c6b0893cdaca205d44fe2c322c042ac7\",\"name\":\"senj\",\"image\":{\"@type\":\"ImageObject\",\"@id\":\"https:\/\/knjiznice.nsk.hr\/senj\/#personlogo\",\"inLanguage\":\"hr\",\"url\":\"https:\/\/secure.gravatar.com\/avatar\/b00e8e1a99b5ba41772fe68c6bcfd17c?s=96&d=mm&r=g\",\"contentUrl\":\"https:\/\/secure.gravatar.com\/avatar\/b00e8e1a99b5ba41772fe68c6bcfd17c?s=96&d=mm&r=g\",\"caption\":\"senj\"}}]}<\/script>\n<!-- \/ Yoast SEO plugin. -->","_links":{"self":[{"href":"https:\/\/knjiznice.nsk.hr\/senj\/wp-json\/wp\/v2\/posts\/1247"}],"collection":[{"href":"https:\/\/knjiznice.nsk.hr\/senj\/wp-json\/wp\/v2\/posts"}],"about":[{"href":"https:\/\/knjiznice.nsk.hr\/senj\/wp-json\/wp\/v2\/types\/post"}],"author":[{"embeddable":true,"href":"https:\/\/knjiznice.nsk.hr\/senj\/wp-json\/wp\/v2\/users\/58"}],"replies":[{"embeddable":true,"href":"https:\/\/knjiznice.nsk.hr\/senj\/wp-json\/wp\/v2\/comments?post=1247"}],"version-history":[{"count":1,"href":"https:\/\/knjiznice.nsk.hr\/senj\/wp-json\/wp\/v2\/posts\/1247\/revisions"}],"predecessor-version":[{"id":1249,"href":"https:\/\/knjiznice.nsk.hr\/senj\/wp-json\/wp\/v2\/posts\/1247\/revisions\/1249"}],"wp:featuredmedia":[{"embeddable":true,"href":"https:\/\/knjiznice.nsk.hr\/senj\/wp-json\/wp\/v2\/media\/1248"}],"wp:attachment":[{"href":"https:\/\/knjiznice.nsk.hr\/senj\/wp-json\/wp\/v2\/media?parent=1247"}],"wp:term":[{"taxonomy":"category","embeddable":true,"href":"https:\/\/knjiznice.nsk.hr\/senj\/wp-json\/wp\/v2\/categories?post=1247"},{"taxonomy":"post_tag","embeddable":true,"href":"https:\/\/knjiznice.nsk.hr\/senj\/wp-json\/wp\/v2\/tags?post=1247"}],"curies":[{"name":"wp","href":"https:\/\/api.w.org\/{rel}","templated":true}]}}