{"id":1244,"date":"2017-07-07T07:00:33","date_gmt":"2017-07-07T07:00:33","guid":{"rendered":"http:\/\/knjiznice.nsk.hr\/senj\/?p=1244"},"modified":"2017-07-07T07:00:33","modified_gmt":"2017-07-07T07:00:33","slug":"startale-knjiznicne-radionice-srijeda-za-5","status":"publish","type":"post","link":"https:\/\/knjiznice.nsk.hr\/senj\/startale-knjiznicne-radionice-srijeda-za-5\/","title":{"rendered":"STARTALE KNJI\u017dNI\u010cNE RADIONICE \u201eSRIJEDA ZA 5\u201c"},"content":{"rendered":"<p>I ovo ljeto Gradska knji\u017enica Senj organizira za djecu na \u0161kolskim praznicima popularne zabavno-edukativne radionice pod nazivom \u201eSrijeda za 5\u201c.<\/p>\n<p>Prva u nizu radionica odr\u017eala se ovaj tjedan, 5. srpnja 2017. godine u Dje\u010djem odjelu senjske knji\u017enice. Na \u201eknji\u017eni\u010dnoj pla\u017ei\u201c mla\u0111i osnovci su kroz zabavne sadr\u017eaje u\u010dili, \u010ditali, razgovarali i kreativno se izra\u017eavali, a na taj na\u010din sadr\u017eajno i konstruktivno ispunjavaju svoje slobodno vrijeme.<\/p>\n<p>Tema ovotjedne radionice bila je \u201eObitelji se razlikuju\u201c \u2013 prema \u201eEdu mapi &#8211; Po\u0161tujemo razli\u010ditosti\u201c autora Ostovi\u0107-Butorac, a vodila ju je knji\u017eni\u010darka Ivana Podol\u0161ak.<\/p>\n<p>Djeca su tematski bojala i izra\u0111ivala izlo\u017ebu, razgovarala i raspravljala o svojim obiteljima i razlikama me\u0111u svakom te logi\u010dki zaklju\u010divala. Polaznici su osvijestili da su sve obitelji \u201eprave\u201c i jednako va\u017ene. Nije bitno kolika je obitelj, ve\u0107 ljubav koja je povezuje. Istaknuta je i socijalna problematika-tema siroma\u0161nih obitelji, a to je bila prilika i za promicanje humanosti i karitativnih ustanova poput Caritasa i Crvenog kri\u017ea.<\/p>\n<p>Djeca su aktivno i rado sudjelovala u svim oblicima rada. Uz to, me\u0111usobno su se upoznala i bolje povezala kroz predstavljanje svojih obitelji, a za sam kraj radionice opustila su se uz slatki\u0161e te igraju\u0107i zabavne igre.<\/p>\n<p>Sljede\u0107a radionica odr\u017eat \u0107e se u srijedu, 12. srpnja s po\u010detkom u 11 sati.<\/p>\n<p>Hvala na\u0161im dragim polaznicima na dolasku i sudjelovanju i veselimo se sljede\u0107em susretu!<\/p>\n<p>Va\u0161a Knji\u017enica<\/p>\n<p>&nbsp;<\/p>\n<p>GALERIJA NA FB STRANICAMA GK SENJ<\/p>\n","protected":false},"excerpt":{"rendered":"<p>I ovo ljeto Gradska knji\u017enica Senj organizira za djecu na \u0161kolskim praznicima popularne zabavno-edukativne radionice pod nazivom \u201eSrijeda za 5\u201c. Prva u nizu radionica odr\u017eala se ovaj tjedan, 5. srpnja 2017. godine u Dje\u010djem odjelu senjske knji\u017enice. Na \u201eknji\u017eni\u010dnoj pla\u017ei\u201c mla\u0111i osnovci su kroz zabavne sadr\u017eaje u\u010dili, \u010ditali, razgovarali i kreativno se izra\u017eavali, a na [&hellip;]<\/p>\n","protected":false},"author":58,"featured_media":1245,"comment_status":"closed","ping_status":"closed","sticky":false,"template":"","format":"standard","meta":{"ngg_post_thumbnail":0},"categories":[8],"tags":[],"yoast_head":"<!-- This site is optimized with the Yoast SEO plugin v16.4 - https:\/\/yoast.com\/wordpress\/plugins\/seo\/ -->\n<meta name=\"robots\" content=\"index, follow, max-snippet:-1, max-image-preview:large, max-video-preview:-1\" \/>\n<link rel=\"canonical\" href=\"https:\/\/knjiznice.nsk.hr\/senj\/startale-knjiznicne-radionice-srijeda-za-5\/\" \/>\n<meta property=\"og:locale\" content=\"hr_HR\" \/>\n<meta property=\"og:type\" content=\"article\" \/>\n<meta property=\"og:title\" content=\"STARTALE KNJI\u017dNI\u010cNE RADIONICE \u201eSRIJEDA ZA 5\u201c - Gradska knji\u017enica Senj\" \/>\n<meta property=\"og:description\" content=\"I ovo ljeto Gradska knji\u017enica Senj organizira za djecu na \u0161kolskim praznicima popularne zabavno-edukativne radionice pod nazivom \u201eSrijeda za 5\u201c. Prva u nizu radionica odr\u017eala se ovaj tjedan, 5. srpnja 2017. godine u Dje\u010djem odjelu senjske knji\u017enice. Na \u201eknji\u017eni\u010dnoj pla\u017ei\u201c mla\u0111i osnovci su kroz zabavne sadr\u017eaje u\u010dili, \u010ditali, razgovarali i kreativno se izra\u017eavali, a na [&hellip;]\" \/>\n<meta property=\"og:url\" content=\"https:\/\/knjiznice.nsk.hr\/senj\/startale-knjiznicne-radionice-srijeda-za-5\/\" \/>\n<meta property=\"og:site_name\" content=\"Gradska knji\u017enica Senj\" \/>\n<meta property=\"article:publisher\" content=\"http:\/\/facebook.com\/Gradska-knji%c5%benica-SENJ\" \/>\n<meta property=\"article:published_time\" content=\"2017-07-07T07:00:33+00:00\" \/>\n<meta property=\"og:image\" content=\"http:\/\/knjiznice.nsk.hr\/senj\/wp-content\/uploads\/sites\/60\/2017\/07\/image-0-02-05-541df4c5b486c336c93a60e66cfedbe369c2bdde371fcb3947a2dbb1e8b13005-V.jpg\" \/>\n\t<meta property=\"og:image:width\" content=\"400\" \/>\n\t<meta property=\"og:image:height\" content=\"300\" \/>\n<meta name=\"twitter:label1\" content=\"Procijenjeno vrijeme \u010ditanja\" \/>\n\t<meta name=\"twitter:data1\" content=\"1 minuta\" \/>\n<script type=\"application\/ld+json\" class=\"yoast-schema-graph\">{\"@context\":\"https:\/\/schema.org\",\"@graph\":[{\"@type\":\"WebSite\",\"@id\":\"https:\/\/knjiznice.nsk.hr\/senj\/#website\",\"url\":\"https:\/\/knjiznice.nsk.hr\/senj\/\",\"name\":\"Gradska knji\\u017enica Senj\",\"description\":\"S vama od 1835. godine\",\"potentialAction\":[{\"@type\":\"SearchAction\",\"target\":\"https:\/\/knjiznice.nsk.hr\/senj\/?s={search_term_string}\",\"query-input\":\"required name=search_term_string\"}],\"inLanguage\":\"hr\"},{\"@type\":\"ImageObject\",\"@id\":\"https:\/\/knjiznice.nsk.hr\/senj\/startale-knjiznicne-radionice-srijeda-za-5\/#primaryimage\",\"inLanguage\":\"hr\",\"url\":\"https:\/\/knjiznice.nsk.hr\/senj\/wp-content\/uploads\/sites\/60\/2017\/07\/image-0-02-05-541df4c5b486c336c93a60e66cfedbe369c2bdde371fcb3947a2dbb1e8b13005-V.jpg\",\"contentUrl\":\"https:\/\/knjiznice.nsk.hr\/senj\/wp-content\/uploads\/sites\/60\/2017\/07\/image-0-02-05-541df4c5b486c336c93a60e66cfedbe369c2bdde371fcb3947a2dbb1e8b13005-V.jpg\",\"width\":400,\"height\":300},{\"@type\":\"WebPage\",\"@id\":\"https:\/\/knjiznice.nsk.hr\/senj\/startale-knjiznicne-radionice-srijeda-za-5\/#webpage\",\"url\":\"https:\/\/knjiznice.nsk.hr\/senj\/startale-knjiznicne-radionice-srijeda-za-5\/\",\"name\":\"STARTALE KNJI\\u017dNI\\u010cNE RADIONICE \\u201eSRIJEDA ZA 5\\u201c - Gradska knji\\u017enica Senj\",\"isPartOf\":{\"@id\":\"https:\/\/knjiznice.nsk.hr\/senj\/#website\"},\"primaryImageOfPage\":{\"@id\":\"https:\/\/knjiznice.nsk.hr\/senj\/startale-knjiznicne-radionice-srijeda-za-5\/#primaryimage\"},\"datePublished\":\"2017-07-07T07:00:33+00:00\",\"dateModified\":\"2017-07-07T07:00:33+00:00\",\"author\":{\"@id\":\"https:\/\/knjiznice.nsk.hr\/senj\/#\/schema\/person\/c6b0893cdaca205d44fe2c322c042ac7\"},\"breadcrumb\":{\"@id\":\"https:\/\/knjiznice.nsk.hr\/senj\/startale-knjiznicne-radionice-srijeda-za-5\/#breadcrumb\"},\"inLanguage\":\"hr\",\"potentialAction\":[{\"@type\":\"ReadAction\",\"target\":[\"https:\/\/knjiznice.nsk.hr\/senj\/startale-knjiznicne-radionice-srijeda-za-5\/\"]}]},{\"@type\":\"BreadcrumbList\",\"@id\":\"https:\/\/knjiznice.nsk.hr\/senj\/startale-knjiznicne-radionice-srijeda-za-5\/#breadcrumb\",\"itemListElement\":[{\"@type\":\"ListItem\",\"position\":1,\"item\":{\"@type\":\"WebPage\",\"@id\":\"https:\/\/knjiznice.nsk.hr\/senj\/\",\"url\":\"https:\/\/knjiznice.nsk.hr\/senj\/\",\"name\":\"Po\\u010detna stranica\"}},{\"@type\":\"ListItem\",\"position\":2,\"item\":{\"@id\":\"https:\/\/knjiznice.nsk.hr\/senj\/startale-knjiznicne-radionice-srijeda-za-5\/#webpage\"}}]},{\"@type\":\"Person\",\"@id\":\"https:\/\/knjiznice.nsk.hr\/senj\/#\/schema\/person\/c6b0893cdaca205d44fe2c322c042ac7\",\"name\":\"senj\",\"image\":{\"@type\":\"ImageObject\",\"@id\":\"https:\/\/knjiznice.nsk.hr\/senj\/#personlogo\",\"inLanguage\":\"hr\",\"url\":\"https:\/\/secure.gravatar.com\/avatar\/b00e8e1a99b5ba41772fe68c6bcfd17c?s=96&d=mm&r=g\",\"contentUrl\":\"https:\/\/secure.gravatar.com\/avatar\/b00e8e1a99b5ba41772fe68c6bcfd17c?s=96&d=mm&r=g\",\"caption\":\"senj\"}}]}<\/script>\n<!-- \/ Yoast SEO plugin. -->","_links":{"self":[{"href":"https:\/\/knjiznice.nsk.hr\/senj\/wp-json\/wp\/v2\/posts\/1244"}],"collection":[{"href":"https:\/\/knjiznice.nsk.hr\/senj\/wp-json\/wp\/v2\/posts"}],"about":[{"href":"https:\/\/knjiznice.nsk.hr\/senj\/wp-json\/wp\/v2\/types\/post"}],"author":[{"embeddable":true,"href":"https:\/\/knjiznice.nsk.hr\/senj\/wp-json\/wp\/v2\/users\/58"}],"replies":[{"embeddable":true,"href":"https:\/\/knjiznice.nsk.hr\/senj\/wp-json\/wp\/v2\/comments?post=1244"}],"version-history":[{"count":1,"href":"https:\/\/knjiznice.nsk.hr\/senj\/wp-json\/wp\/v2\/posts\/1244\/revisions"}],"predecessor-version":[{"id":1246,"href":"https:\/\/knjiznice.nsk.hr\/senj\/wp-json\/wp\/v2\/posts\/1244\/revisions\/1246"}],"wp:featuredmedia":[{"embeddable":true,"href":"https:\/\/knjiznice.nsk.hr\/senj\/wp-json\/wp\/v2\/media\/1245"}],"wp:attachment":[{"href":"https:\/\/knjiznice.nsk.hr\/senj\/wp-json\/wp\/v2\/media?parent=1244"}],"wp:term":[{"taxonomy":"category","embeddable":true,"href":"https:\/\/knjiznice.nsk.hr\/senj\/wp-json\/wp\/v2\/categories?post=1244"},{"taxonomy":"post_tag","embeddable":true,"href":"https:\/\/knjiznice.nsk.hr\/senj\/wp-json\/wp\/v2\/tags?post=1244"}],"curies":[{"name":"wp","href":"https:\/\/api.w.org\/{rel}","templated":true}]}}