{"id":1233,"date":"2017-07-04T06:47:50","date_gmt":"2017-07-04T06:47:50","guid":{"rendered":"http:\/\/knjiznice.nsk.hr\/senj\/?p=1233"},"modified":"2017-07-04T06:47:50","modified_gmt":"2017-07-04T06:47:50","slug":"novo-radno-vrijeme-gradske-knjiznice-senj","status":"publish","type":"post","link":"https:\/\/knjiznice.nsk.hr\/senj\/novo-radno-vrijeme-gradske-knjiznice-senj\/","title":{"rendered":"NOVO RADNO VRIJEME GRADSKE KNJI\u017dNICE SENJ"},"content":{"rendered":"<p>Po\u0161tovani korisnici,<\/p>\n<p>odlukom Osniva\u010da, Gradska knji\u017enica Senj od dana 3. srpnja 2017. godine pa nadalje radi prema sljede\u0107em radnom vremenu:<\/p>\n<p><u>GRADSKA KNJI\u017dNICA SENJ \u2013RADNO VRIJEME<\/u><\/p>\n<ul>\n<li>Ponedjeljak-7-14 h<\/li>\n<li>Utorak-7-14 h<\/li>\n<li>Srijeda-7-14 h<\/li>\n<li>\u010cetvrtak-13 -20 h<\/li>\n<li>Petak-7-14 h<\/li>\n<li>Subota: 7.30-12.30 h<\/li>\n<\/ul>\n<p>&nbsp;<\/p>\n<p>&nbsp;<\/p>\n<p>&nbsp;<\/p>\n","protected":false},"excerpt":{"rendered":"<p>Po\u0161tovani korisnici, odlukom Osniva\u010da, Gradska knji\u017enica Senj od dana 3. srpnja 2017. godine pa nadalje radi prema sljede\u0107em radnom vremenu: GRADSKA KNJI\u017dNICA SENJ \u2013RADNO VRIJEME Ponedjeljak-7-14 h Utorak-7-14 h Srijeda-7-14 h \u010cetvrtak-13 -20 h Petak-7-14 h Subota: 7.30-12.30 h &nbsp; &nbsp; &nbsp;<\/p>\n","protected":false},"author":58,"featured_media":1235,"comment_status":"closed","ping_status":"closed","sticky":false,"template":"","format":"standard","meta":{"ngg_post_thumbnail":0},"categories":[8],"tags":[],"yoast_head":"<!-- This site is optimized with the Yoast SEO plugin v16.4 - https:\/\/yoast.com\/wordpress\/plugins\/seo\/ -->\n<meta name=\"robots\" content=\"index, follow, max-snippet:-1, max-image-preview:large, max-video-preview:-1\" \/>\n<link rel=\"canonical\" href=\"https:\/\/knjiznice.nsk.hr\/senj\/novo-radno-vrijeme-gradske-knjiznice-senj\/\" \/>\n<meta property=\"og:locale\" content=\"hr_HR\" \/>\n<meta property=\"og:type\" content=\"article\" \/>\n<meta property=\"og:title\" content=\"NOVO RADNO VRIJEME GRADSKE KNJI\u017dNICE SENJ - Gradska knji\u017enica Senj\" \/>\n<meta property=\"og:description\" content=\"Po\u0161tovani korisnici, odlukom Osniva\u010da, Gradska knji\u017enica Senj od dana 3. srpnja 2017. godine pa nadalje radi prema sljede\u0107em radnom vremenu: GRADSKA KNJI\u017dNICA SENJ \u2013RADNO VRIJEME Ponedjeljak-7-14 h Utorak-7-14 h Srijeda-7-14 h \u010cetvrtak-13 -20 h Petak-7-14 h Subota: 7.30-12.30 h &nbsp; &nbsp; &nbsp;\" \/>\n<meta property=\"og:url\" content=\"https:\/\/knjiznice.nsk.hr\/senj\/novo-radno-vrijeme-gradske-knjiznice-senj\/\" \/>\n<meta property=\"og:site_name\" content=\"Gradska knji\u017enica Senj\" \/>\n<meta property=\"article:publisher\" content=\"http:\/\/facebook.com\/Gradska-knji%c5%benica-SENJ\" \/>\n<meta property=\"article:published_time\" content=\"2017-07-04T06:47:50+00:00\" \/>\n<meta property=\"og:image\" content=\"http:\/\/knjiznice.nsk.hr\/senj\/wp-content\/uploads\/sites\/60\/2017\/07\/images-2.jpg\" \/>\n\t<meta property=\"og:image:width\" content=\"224\" \/>\n\t<meta property=\"og:image:height\" content=\"225\" \/>\n<script type=\"application\/ld+json\" class=\"yoast-schema-graph\">{\"@context\":\"https:\/\/schema.org\",\"@graph\":[{\"@type\":\"WebSite\",\"@id\":\"https:\/\/knjiznice.nsk.hr\/senj\/#website\",\"url\":\"https:\/\/knjiznice.nsk.hr\/senj\/\",\"name\":\"Gradska knji\\u017enica Senj\",\"description\":\"S vama od 1835. godine\",\"potentialAction\":[{\"@type\":\"SearchAction\",\"target\":\"https:\/\/knjiznice.nsk.hr\/senj\/?s={search_term_string}\",\"query-input\":\"required name=search_term_string\"}],\"inLanguage\":\"hr\"},{\"@type\":\"ImageObject\",\"@id\":\"https:\/\/knjiznice.nsk.hr\/senj\/novo-radno-vrijeme-gradske-knjiznice-senj\/#primaryimage\",\"inLanguage\":\"hr\",\"url\":\"https:\/\/knjiznice.nsk.hr\/senj\/wp-content\/uploads\/sites\/60\/2017\/07\/images-2.jpg\",\"contentUrl\":\"https:\/\/knjiznice.nsk.hr\/senj\/wp-content\/uploads\/sites\/60\/2017\/07\/images-2.jpg\",\"width\":224,\"height\":225},{\"@type\":\"WebPage\",\"@id\":\"https:\/\/knjiznice.nsk.hr\/senj\/novo-radno-vrijeme-gradske-knjiznice-senj\/#webpage\",\"url\":\"https:\/\/knjiznice.nsk.hr\/senj\/novo-radno-vrijeme-gradske-knjiznice-senj\/\",\"name\":\"NOVO RADNO VRIJEME GRADSKE KNJI\\u017dNICE SENJ - Gradska knji\\u017enica Senj\",\"isPartOf\":{\"@id\":\"https:\/\/knjiznice.nsk.hr\/senj\/#website\"},\"primaryImageOfPage\":{\"@id\":\"https:\/\/knjiznice.nsk.hr\/senj\/novo-radno-vrijeme-gradske-knjiznice-senj\/#primaryimage\"},\"datePublished\":\"2017-07-04T06:47:50+00:00\",\"dateModified\":\"2017-07-04T06:47:50+00:00\",\"author\":{\"@id\":\"https:\/\/knjiznice.nsk.hr\/senj\/#\/schema\/person\/c6b0893cdaca205d44fe2c322c042ac7\"},\"breadcrumb\":{\"@id\":\"https:\/\/knjiznice.nsk.hr\/senj\/novo-radno-vrijeme-gradske-knjiznice-senj\/#breadcrumb\"},\"inLanguage\":\"hr\",\"potentialAction\":[{\"@type\":\"ReadAction\",\"target\":[\"https:\/\/knjiznice.nsk.hr\/senj\/novo-radno-vrijeme-gradske-knjiznice-senj\/\"]}]},{\"@type\":\"BreadcrumbList\",\"@id\":\"https:\/\/knjiznice.nsk.hr\/senj\/novo-radno-vrijeme-gradske-knjiznice-senj\/#breadcrumb\",\"itemListElement\":[{\"@type\":\"ListItem\",\"position\":1,\"item\":{\"@type\":\"WebPage\",\"@id\":\"https:\/\/knjiznice.nsk.hr\/senj\/\",\"url\":\"https:\/\/knjiznice.nsk.hr\/senj\/\",\"name\":\"Po\\u010detna stranica\"}},{\"@type\":\"ListItem\",\"position\":2,\"item\":{\"@id\":\"https:\/\/knjiznice.nsk.hr\/senj\/novo-radno-vrijeme-gradske-knjiznice-senj\/#webpage\"}}]},{\"@type\":\"Person\",\"@id\":\"https:\/\/knjiznice.nsk.hr\/senj\/#\/schema\/person\/c6b0893cdaca205d44fe2c322c042ac7\",\"name\":\"senj\",\"image\":{\"@type\":\"ImageObject\",\"@id\":\"https:\/\/knjiznice.nsk.hr\/senj\/#personlogo\",\"inLanguage\":\"hr\",\"url\":\"https:\/\/secure.gravatar.com\/avatar\/b00e8e1a99b5ba41772fe68c6bcfd17c?s=96&d=mm&r=g\",\"contentUrl\":\"https:\/\/secure.gravatar.com\/avatar\/b00e8e1a99b5ba41772fe68c6bcfd17c?s=96&d=mm&r=g\",\"caption\":\"senj\"}}]}<\/script>\n<!-- \/ Yoast SEO plugin. -->","_links":{"self":[{"href":"https:\/\/knjiznice.nsk.hr\/senj\/wp-json\/wp\/v2\/posts\/1233"}],"collection":[{"href":"https:\/\/knjiznice.nsk.hr\/senj\/wp-json\/wp\/v2\/posts"}],"about":[{"href":"https:\/\/knjiznice.nsk.hr\/senj\/wp-json\/wp\/v2\/types\/post"}],"author":[{"embeddable":true,"href":"https:\/\/knjiznice.nsk.hr\/senj\/wp-json\/wp\/v2\/users\/58"}],"replies":[{"embeddable":true,"href":"https:\/\/knjiznice.nsk.hr\/senj\/wp-json\/wp\/v2\/comments?post=1233"}],"version-history":[{"count":1,"href":"https:\/\/knjiznice.nsk.hr\/senj\/wp-json\/wp\/v2\/posts\/1233\/revisions"}],"predecessor-version":[{"id":1236,"href":"https:\/\/knjiznice.nsk.hr\/senj\/wp-json\/wp\/v2\/posts\/1233\/revisions\/1236"}],"wp:featuredmedia":[{"embeddable":true,"href":"https:\/\/knjiznice.nsk.hr\/senj\/wp-json\/wp\/v2\/media\/1235"}],"wp:attachment":[{"href":"https:\/\/knjiznice.nsk.hr\/senj\/wp-json\/wp\/v2\/media?parent=1233"}],"wp:term":[{"taxonomy":"category","embeddable":true,"href":"https:\/\/knjiznice.nsk.hr\/senj\/wp-json\/wp\/v2\/categories?post=1233"},{"taxonomy":"post_tag","embeddable":true,"href":"https:\/\/knjiznice.nsk.hr\/senj\/wp-json\/wp\/v2\/tags?post=1233"}],"curies":[{"name":"wp","href":"https:\/\/api.w.org\/{rel}","templated":true}]}}