{"id":1209,"date":"2017-06-09T06:45:35","date_gmt":"2017-06-09T06:45:35","guid":{"rendered":"http:\/\/knjiznice.nsk.hr\/senj\/?p=1209"},"modified":"2017-06-09T06:48:04","modified_gmt":"2017-06-09T06:48:04","slug":"ljetno-radno-vrijeme-gradske-knjiznice-senj","status":"publish","type":"post","link":"https:\/\/knjiznice.nsk.hr\/senj\/ljetno-radno-vrijeme-gradske-knjiznice-senj\/","title":{"rendered":"LJETNO RADNO VRIJEME GRADSKE KNJI\u017dNICE SENJ"},"content":{"rendered":"<p>Po\u0161tovani korisnici, <strong>od 10. lipnja do 10. rujna<\/strong> 2017. godine Gradska knji\u017enica Senj radi prema ljetnom radnom vremenu koje je prilago\u0111eno ljetnim vremenskim uvjetima i najve\u0107oj frekvenciji korisnika u knji\u017enici u ljetnim mjesecima.<\/p>\n<p>Va\u0161a Knji\u017enica!:))<\/p>\n<p>&nbsp;<\/p>\n<ul>\n<li><strong>Ponedjeljak: 8-14.00 h<\/strong><\/li>\n<li><strong>Utorak: 8-14.00 h<\/strong><\/li>\n<li><strong>Srijeda: 8-14.00 h<\/strong><\/li>\n<li><strong>\u010cetvrtak: 16-20.00 h<\/strong><\/li>\n<li><strong>Petak: 8-14.00 h<\/strong><\/li>\n<li><strong>Druga i \u010detvrta subota u mjesecu: 9.00-12.00 h<\/strong><\/li>\n<\/ul>\n<p>&nbsp;<\/p>\n<p><strong>Radne subote u ljetnom periodu:<\/strong><\/p>\n<ol start=\"10\">\n<li><strong> i 24. lipnja; 8. i 22. srpnja; 12. i 26. kolovoza i 9. rujna 2017. godine.<\/strong><\/li>\n<\/ol>\n<p>&nbsp;<\/p>\n","protected":false},"excerpt":{"rendered":"<p>Po\u0161tovani korisnici, od 10. lipnja do 10. rujna 2017. godine Gradska knji\u017enica Senj radi prema ljetnom radnom vremenu koje je prilago\u0111eno ljetnim vremenskim uvjetima i najve\u0107oj frekvenciji korisnika u knji\u017enici u ljetnim mjesecima. Va\u0161a Knji\u017enica!:)) &nbsp; Ponedjeljak: 8-14.00 h Utorak: 8-14.00 h Srijeda: 8-14.00 h \u010cetvrtak: 16-20.00 h Petak: 8-14.00 h Druga i \u010detvrta subota [&hellip;]<\/p>\n","protected":false},"author":58,"featured_media":402,"comment_status":"closed","ping_status":"closed","sticky":false,"template":"","format":"standard","meta":{"ngg_post_thumbnail":0},"categories":[1],"tags":[],"yoast_head":"<!-- This site is optimized with the Yoast SEO plugin v16.4 - https:\/\/yoast.com\/wordpress\/plugins\/seo\/ -->\n<meta name=\"robots\" content=\"index, follow, max-snippet:-1, max-image-preview:large, max-video-preview:-1\" \/>\n<link rel=\"canonical\" href=\"https:\/\/knjiznice.nsk.hr\/senj\/ljetno-radno-vrijeme-gradske-knjiznice-senj\/\" \/>\n<meta property=\"og:locale\" content=\"hr_HR\" \/>\n<meta property=\"og:type\" content=\"article\" \/>\n<meta property=\"og:title\" content=\"LJETNO RADNO VRIJEME GRADSKE KNJI\u017dNICE SENJ - Gradska knji\u017enica Senj\" \/>\n<meta property=\"og:description\" content=\"Po\u0161tovani korisnici, od 10. lipnja do 10. rujna 2017. godine Gradska knji\u017enica Senj radi prema ljetnom radnom vremenu koje je prilago\u0111eno ljetnim vremenskim uvjetima i najve\u0107oj frekvenciji korisnika u knji\u017enici u ljetnim mjesecima. Va\u0161a Knji\u017enica!:)) &nbsp; Ponedjeljak: 8-14.00 h Utorak: 8-14.00 h Srijeda: 8-14.00 h \u010cetvrtak: 16-20.00 h Petak: 8-14.00 h Druga i \u010detvrta subota [&hellip;]\" \/>\n<meta property=\"og:url\" content=\"https:\/\/knjiznice.nsk.hr\/senj\/ljetno-radno-vrijeme-gradske-knjiznice-senj\/\" \/>\n<meta property=\"og:site_name\" content=\"Gradska knji\u017enica Senj\" \/>\n<meta property=\"article:publisher\" content=\"http:\/\/facebook.com\/Gradska-knji%c5%benica-SENJ\" \/>\n<meta property=\"article:published_time\" content=\"2017-06-09T06:45:35+00:00\" \/>\n<meta property=\"article:modified_time\" content=\"2017-06-09T06:48:04+00:00\" \/>\n<meta property=\"og:image\" content=\"http:\/\/knjiznice.nsk.hr\/senj\/wp-content\/uploads\/sites\/60\/2015\/09\/images.jpg\" \/>\n\t<meta property=\"og:image:width\" content=\"154\" \/>\n\t<meta property=\"og:image:height\" content=\"90\" \/>\n<script type=\"application\/ld+json\" class=\"yoast-schema-graph\">{\"@context\":\"https:\/\/schema.org\",\"@graph\":[{\"@type\":\"WebSite\",\"@id\":\"https:\/\/knjiznice.nsk.hr\/senj\/#website\",\"url\":\"https:\/\/knjiznice.nsk.hr\/senj\/\",\"name\":\"Gradska knji\\u017enica Senj\",\"description\":\"S vama od 1835. godine\",\"potentialAction\":[{\"@type\":\"SearchAction\",\"target\":\"https:\/\/knjiznice.nsk.hr\/senj\/?s={search_term_string}\",\"query-input\":\"required name=search_term_string\"}],\"inLanguage\":\"hr\"},{\"@type\":\"ImageObject\",\"@id\":\"https:\/\/knjiznice.nsk.hr\/senj\/ljetno-radno-vrijeme-gradske-knjiznice-senj\/#primaryimage\",\"inLanguage\":\"hr\",\"url\":\"https:\/\/knjiznice.nsk.hr\/senj\/wp-content\/uploads\/sites\/60\/2015\/09\/images.jpg\",\"contentUrl\":\"https:\/\/knjiznice.nsk.hr\/senj\/wp-content\/uploads\/sites\/60\/2015\/09\/images.jpg\",\"width\":154,\"height\":90},{\"@type\":\"WebPage\",\"@id\":\"https:\/\/knjiznice.nsk.hr\/senj\/ljetno-radno-vrijeme-gradske-knjiznice-senj\/#webpage\",\"url\":\"https:\/\/knjiznice.nsk.hr\/senj\/ljetno-radno-vrijeme-gradske-knjiznice-senj\/\",\"name\":\"LJETNO RADNO VRIJEME GRADSKE KNJI\\u017dNICE SENJ - Gradska knji\\u017enica Senj\",\"isPartOf\":{\"@id\":\"https:\/\/knjiznice.nsk.hr\/senj\/#website\"},\"primaryImageOfPage\":{\"@id\":\"https:\/\/knjiznice.nsk.hr\/senj\/ljetno-radno-vrijeme-gradske-knjiznice-senj\/#primaryimage\"},\"datePublished\":\"2017-06-09T06:45:35+00:00\",\"dateModified\":\"2017-06-09T06:48:04+00:00\",\"author\":{\"@id\":\"https:\/\/knjiznice.nsk.hr\/senj\/#\/schema\/person\/c6b0893cdaca205d44fe2c322c042ac7\"},\"breadcrumb\":{\"@id\":\"https:\/\/knjiznice.nsk.hr\/senj\/ljetno-radno-vrijeme-gradske-knjiznice-senj\/#breadcrumb\"},\"inLanguage\":\"hr\",\"potentialAction\":[{\"@type\":\"ReadAction\",\"target\":[\"https:\/\/knjiznice.nsk.hr\/senj\/ljetno-radno-vrijeme-gradske-knjiznice-senj\/\"]}]},{\"@type\":\"BreadcrumbList\",\"@id\":\"https:\/\/knjiznice.nsk.hr\/senj\/ljetno-radno-vrijeme-gradske-knjiznice-senj\/#breadcrumb\",\"itemListElement\":[{\"@type\":\"ListItem\",\"position\":1,\"item\":{\"@type\":\"WebPage\",\"@id\":\"https:\/\/knjiznice.nsk.hr\/senj\/\",\"url\":\"https:\/\/knjiznice.nsk.hr\/senj\/\",\"name\":\"Po\\u010detna stranica\"}},{\"@type\":\"ListItem\",\"position\":2,\"item\":{\"@id\":\"https:\/\/knjiznice.nsk.hr\/senj\/ljetno-radno-vrijeme-gradske-knjiznice-senj\/#webpage\"}}]},{\"@type\":\"Person\",\"@id\":\"https:\/\/knjiznice.nsk.hr\/senj\/#\/schema\/person\/c6b0893cdaca205d44fe2c322c042ac7\",\"name\":\"senj\",\"image\":{\"@type\":\"ImageObject\",\"@id\":\"https:\/\/knjiznice.nsk.hr\/senj\/#personlogo\",\"inLanguage\":\"hr\",\"url\":\"https:\/\/secure.gravatar.com\/avatar\/b00e8e1a99b5ba41772fe68c6bcfd17c?s=96&d=mm&r=g\",\"contentUrl\":\"https:\/\/secure.gravatar.com\/avatar\/b00e8e1a99b5ba41772fe68c6bcfd17c?s=96&d=mm&r=g\",\"caption\":\"senj\"}}]}<\/script>\n<!-- \/ Yoast SEO plugin. -->","_links":{"self":[{"href":"https:\/\/knjiznice.nsk.hr\/senj\/wp-json\/wp\/v2\/posts\/1209"}],"collection":[{"href":"https:\/\/knjiznice.nsk.hr\/senj\/wp-json\/wp\/v2\/posts"}],"about":[{"href":"https:\/\/knjiznice.nsk.hr\/senj\/wp-json\/wp\/v2\/types\/post"}],"author":[{"embeddable":true,"href":"https:\/\/knjiznice.nsk.hr\/senj\/wp-json\/wp\/v2\/users\/58"}],"replies":[{"embeddable":true,"href":"https:\/\/knjiznice.nsk.hr\/senj\/wp-json\/wp\/v2\/comments?post=1209"}],"version-history":[{"count":2,"href":"https:\/\/knjiznice.nsk.hr\/senj\/wp-json\/wp\/v2\/posts\/1209\/revisions"}],"predecessor-version":[{"id":1211,"href":"https:\/\/knjiznice.nsk.hr\/senj\/wp-json\/wp\/v2\/posts\/1209\/revisions\/1211"}],"wp:featuredmedia":[{"embeddable":true,"href":"https:\/\/knjiznice.nsk.hr\/senj\/wp-json\/wp\/v2\/media\/402"}],"wp:attachment":[{"href":"https:\/\/knjiznice.nsk.hr\/senj\/wp-json\/wp\/v2\/media?parent=1209"}],"wp:term":[{"taxonomy":"category","embeddable":true,"href":"https:\/\/knjiznice.nsk.hr\/senj\/wp-json\/wp\/v2\/categories?post=1209"},{"taxonomy":"post_tag","embeddable":true,"href":"https:\/\/knjiznice.nsk.hr\/senj\/wp-json\/wp\/v2\/tags?post=1209"}],"curies":[{"name":"wp","href":"https:\/\/api.w.org\/{rel}","templated":true}]}}