{"id":1176,"date":"2017-05-26T09:09:18","date_gmt":"2017-05-26T09:09:18","guid":{"rendered":"http:\/\/knjiznice.nsk.hr\/senj\/?p=1176"},"modified":"2017-05-26T09:09:18","modified_gmt":"2017-05-26T09:09:18","slug":"nova-filmska-jutra-u-nasem-djecjem-odjelu","status":"publish","type":"post","link":"https:\/\/knjiznice.nsk.hr\/senj\/nova-filmska-jutra-u-nasem-djecjem-odjelu\/","title":{"rendered":"NOVA FILMSKA JUTRA U NA\u0160EM DJE\u010cJEM ODJELU"},"content":{"rendered":"<p>U petak, 26. svibnja ujutro posjetili su nas dragi gosti, u\u010denici 4. a razreda osnovne \u0161kole S.S. Kranj\u010devi\u0107a i njihova u\u010diteljica Berta Tomljanovi\u0107. S u\u010denicima smo u\u017eivali u jo\u0161 jednom ugodnom kino dru\u017eenju u sklopu programa <em>Filmska jutra u Gradskoj knji\u017enici Senj.<\/em><\/p>\n<p>U na\u0161em <em>knji\u017eni\u010dnom kinu<\/em>&nbsp; pogledali smo film \u201eDru\u017eba Pere Kvr\u017eice\u201c. Autor filma je Vladimir Tadej, a temelji se na istoimenom Lovrakovom nezaboravnom dje\u010djem klasiku.&nbsp;<br \/>\nU\u017eivali smo u projekciji filma, ali i ponovili pojmove kao \u0161to su autor, redatelj i ekranizacija.<\/p>\n<p><em>Filmska jutra u Gradskoj knji\u017enici Senj<\/em> ulaze u tre\u0107u godinu odr\u017eavanja i drago nam je da u\u010diteljice i \u0111aci na\u0161e osnovne \u0161kole rado posje\u0107uju na\u0161e <em>knji\u017eni\u010dno kino<\/em> u Dje\u010djem odjelu kako bi pogledali ekranizacije poznatih lektirnih naslova. Lijep je to i zabavan na\u010din da se popularizira i pribli\u017ei djeci lektira, ali i da osnovci nadograde svoj do\u017eivljaj pro\u010ditanog djela.&nbsp; Uz to, \u0111aci imaju prilike usporediti filmsko ostvarenje i knji\u017eevni predlo\u017eak na temelju kojeg je film nastao \u0161to jer vi\u0161estruko korisno jer na taj na\u010din utvr\u0111uju pro\u010ditano, grade vlastiti umjetni\u010dki ukus te se upoznaju s filmskom umjetno\u0161\u0107u.<\/p>\n<p>Hvala u\u010diteljici Berti i njenim u\u010denicima na posjetu i ugodnom dru\u017eenju. Do\u0111ite nam opet!!<\/p>\n","protected":false},"excerpt":{"rendered":"<p>U petak, 26. svibnja ujutro posjetili su nas dragi gosti, u\u010denici 4. a razreda osnovne \u0161kole S.S. Kranj\u010devi\u0107a i njihova u\u010diteljica Berta Tomljanovi\u0107. S u\u010denicima smo u\u017eivali u jo\u0161 jednom ugodnom kino dru\u017eenju u sklopu programa Filmska jutra u Gradskoj knji\u017enici Senj. U na\u0161em knji\u017eni\u010dnom kinu&nbsp; pogledali smo film \u201eDru\u017eba Pere Kvr\u017eice\u201c. Autor filma je [&hellip;]<\/p>\n","protected":false},"author":58,"featured_media":1177,"comment_status":"closed","ping_status":"closed","sticky":false,"template":"","format":"standard","meta":{"ngg_post_thumbnail":0},"categories":[8],"tags":[],"yoast_head":"<!-- This site is optimized with the Yoast SEO plugin v16.4 - https:\/\/yoast.com\/wordpress\/plugins\/seo\/ -->\n<meta name=\"robots\" content=\"index, follow, max-snippet:-1, max-image-preview:large, max-video-preview:-1\" \/>\n<link rel=\"canonical\" href=\"https:\/\/knjiznice.nsk.hr\/senj\/nova-filmska-jutra-u-nasem-djecjem-odjelu\/\" \/>\n<meta property=\"og:locale\" content=\"hr_HR\" \/>\n<meta property=\"og:type\" content=\"article\" \/>\n<meta property=\"og:title\" content=\"NOVA FILMSKA JUTRA U NA\u0160EM DJE\u010cJEM ODJELU - Gradska knji\u017enica Senj\" \/>\n<meta property=\"og:description\" content=\"U petak, 26. svibnja ujutro posjetili su nas dragi gosti, u\u010denici 4. a razreda osnovne \u0161kole S.S. Kranj\u010devi\u0107a i njihova u\u010diteljica Berta Tomljanovi\u0107. S u\u010denicima smo u\u017eivali u jo\u0161 jednom ugodnom kino dru\u017eenju u sklopu programa Filmska jutra u Gradskoj knji\u017enici Senj. U na\u0161em knji\u017eni\u010dnom kinu&nbsp; pogledali smo film \u201eDru\u017eba Pere Kvr\u017eice\u201c. Autor filma je [&hellip;]\" \/>\n<meta property=\"og:url\" content=\"https:\/\/knjiznice.nsk.hr\/senj\/nova-filmska-jutra-u-nasem-djecjem-odjelu\/\" \/>\n<meta property=\"og:site_name\" content=\"Gradska knji\u017enica Senj\" \/>\n<meta property=\"article:publisher\" content=\"http:\/\/facebook.com\/Gradska-knji%c5%benica-SENJ\" \/>\n<meta property=\"article:published_time\" content=\"2017-05-26T09:09:18+00:00\" \/>\n<meta property=\"og:image\" content=\"http:\/\/knjiznice.nsk.hr\/senj\/wp-content\/uploads\/sites\/60\/2017\/05\/image-0-02-04-ec72d2e92ac38fb56e56fd87a4eb252e052ff9e693ebb8bfdf77dd7c2878d9f0-V.jpg\" \/>\n\t<meta property=\"og:image:width\" content=\"400\" \/>\n\t<meta property=\"og:image:height\" content=\"300\" \/>\n<meta name=\"twitter:label1\" content=\"Procijenjeno vrijeme \u010ditanja\" \/>\n\t<meta name=\"twitter:data1\" content=\"1 minuta\" \/>\n<script type=\"application\/ld+json\" class=\"yoast-schema-graph\">{\"@context\":\"https:\/\/schema.org\",\"@graph\":[{\"@type\":\"WebSite\",\"@id\":\"https:\/\/knjiznice.nsk.hr\/senj\/#website\",\"url\":\"https:\/\/knjiznice.nsk.hr\/senj\/\",\"name\":\"Gradska knji\\u017enica Senj\",\"description\":\"S vama od 1835. godine\",\"potentialAction\":[{\"@type\":\"SearchAction\",\"target\":\"https:\/\/knjiznice.nsk.hr\/senj\/?s={search_term_string}\",\"query-input\":\"required name=search_term_string\"}],\"inLanguage\":\"hr\"},{\"@type\":\"ImageObject\",\"@id\":\"https:\/\/knjiznice.nsk.hr\/senj\/nova-filmska-jutra-u-nasem-djecjem-odjelu\/#primaryimage\",\"inLanguage\":\"hr\",\"url\":\"https:\/\/knjiznice.nsk.hr\/senj\/wp-content\/uploads\/sites\/60\/2017\/05\/image-0-02-04-ec72d2e92ac38fb56e56fd87a4eb252e052ff9e693ebb8bfdf77dd7c2878d9f0-V.jpg\",\"contentUrl\":\"https:\/\/knjiznice.nsk.hr\/senj\/wp-content\/uploads\/sites\/60\/2017\/05\/image-0-02-04-ec72d2e92ac38fb56e56fd87a4eb252e052ff9e693ebb8bfdf77dd7c2878d9f0-V.jpg\",\"width\":400,\"height\":300},{\"@type\":\"WebPage\",\"@id\":\"https:\/\/knjiznice.nsk.hr\/senj\/nova-filmska-jutra-u-nasem-djecjem-odjelu\/#webpage\",\"url\":\"https:\/\/knjiznice.nsk.hr\/senj\/nova-filmska-jutra-u-nasem-djecjem-odjelu\/\",\"name\":\"NOVA FILMSKA JUTRA U NA\\u0160EM DJE\\u010cJEM ODJELU - Gradska knji\\u017enica Senj\",\"isPartOf\":{\"@id\":\"https:\/\/knjiznice.nsk.hr\/senj\/#website\"},\"primaryImageOfPage\":{\"@id\":\"https:\/\/knjiznice.nsk.hr\/senj\/nova-filmska-jutra-u-nasem-djecjem-odjelu\/#primaryimage\"},\"datePublished\":\"2017-05-26T09:09:18+00:00\",\"dateModified\":\"2017-05-26T09:09:18+00:00\",\"author\":{\"@id\":\"https:\/\/knjiznice.nsk.hr\/senj\/#\/schema\/person\/c6b0893cdaca205d44fe2c322c042ac7\"},\"breadcrumb\":{\"@id\":\"https:\/\/knjiznice.nsk.hr\/senj\/nova-filmska-jutra-u-nasem-djecjem-odjelu\/#breadcrumb\"},\"inLanguage\":\"hr\",\"potentialAction\":[{\"@type\":\"ReadAction\",\"target\":[\"https:\/\/knjiznice.nsk.hr\/senj\/nova-filmska-jutra-u-nasem-djecjem-odjelu\/\"]}]},{\"@type\":\"BreadcrumbList\",\"@id\":\"https:\/\/knjiznice.nsk.hr\/senj\/nova-filmska-jutra-u-nasem-djecjem-odjelu\/#breadcrumb\",\"itemListElement\":[{\"@type\":\"ListItem\",\"position\":1,\"item\":{\"@type\":\"WebPage\",\"@id\":\"https:\/\/knjiznice.nsk.hr\/senj\/\",\"url\":\"https:\/\/knjiznice.nsk.hr\/senj\/\",\"name\":\"Po\\u010detna stranica\"}},{\"@type\":\"ListItem\",\"position\":2,\"item\":{\"@id\":\"https:\/\/knjiznice.nsk.hr\/senj\/nova-filmska-jutra-u-nasem-djecjem-odjelu\/#webpage\"}}]},{\"@type\":\"Person\",\"@id\":\"https:\/\/knjiznice.nsk.hr\/senj\/#\/schema\/person\/c6b0893cdaca205d44fe2c322c042ac7\",\"name\":\"senj\",\"image\":{\"@type\":\"ImageObject\",\"@id\":\"https:\/\/knjiznice.nsk.hr\/senj\/#personlogo\",\"inLanguage\":\"hr\",\"url\":\"https:\/\/secure.gravatar.com\/avatar\/b00e8e1a99b5ba41772fe68c6bcfd17c?s=96&d=mm&r=g\",\"contentUrl\":\"https:\/\/secure.gravatar.com\/avatar\/b00e8e1a99b5ba41772fe68c6bcfd17c?s=96&d=mm&r=g\",\"caption\":\"senj\"}}]}<\/script>\n<!-- \/ Yoast SEO plugin. -->","_links":{"self":[{"href":"https:\/\/knjiznice.nsk.hr\/senj\/wp-json\/wp\/v2\/posts\/1176"}],"collection":[{"href":"https:\/\/knjiznice.nsk.hr\/senj\/wp-json\/wp\/v2\/posts"}],"about":[{"href":"https:\/\/knjiznice.nsk.hr\/senj\/wp-json\/wp\/v2\/types\/post"}],"author":[{"embeddable":true,"href":"https:\/\/knjiznice.nsk.hr\/senj\/wp-json\/wp\/v2\/users\/58"}],"replies":[{"embeddable":true,"href":"https:\/\/knjiznice.nsk.hr\/senj\/wp-json\/wp\/v2\/comments?post=1176"}],"version-history":[{"count":1,"href":"https:\/\/knjiznice.nsk.hr\/senj\/wp-json\/wp\/v2\/posts\/1176\/revisions"}],"predecessor-version":[{"id":1178,"href":"https:\/\/knjiznice.nsk.hr\/senj\/wp-json\/wp\/v2\/posts\/1176\/revisions\/1178"}],"wp:featuredmedia":[{"embeddable":true,"href":"https:\/\/knjiznice.nsk.hr\/senj\/wp-json\/wp\/v2\/media\/1177"}],"wp:attachment":[{"href":"https:\/\/knjiznice.nsk.hr\/senj\/wp-json\/wp\/v2\/media?parent=1176"}],"wp:term":[{"taxonomy":"category","embeddable":true,"href":"https:\/\/knjiznice.nsk.hr\/senj\/wp-json\/wp\/v2\/categories?post=1176"},{"taxonomy":"post_tag","embeddable":true,"href":"https:\/\/knjiznice.nsk.hr\/senj\/wp-json\/wp\/v2\/tags?post=1176"}],"curies":[{"name":"wp","href":"https:\/\/api.w.org\/{rel}","templated":true}]}}