{"id":1171,"date":"2017-05-26T07:48:42","date_gmt":"2017-05-26T07:48:42","guid":{"rendered":"http:\/\/knjiznice.nsk.hr\/senj\/?p=1171"},"modified":"2017-05-26T07:48:42","modified_gmt":"2017-05-26T07:48:42","slug":"book-klub-i-dalje-uziva-na-otvorenom","status":"publish","type":"post","link":"https:\/\/knjiznice.nsk.hr\/senj\/book-klub-i-dalje-uziva-na-otvorenom\/","title":{"rendered":"BOOK KLUB I DALJE U\u017dIVA NA OTVORENOM"},"content":{"rendered":"<p>\u010citanje na otvorenom je i dalje aktualno. Ju\u010der, u \u010detvrtak 25. svibnja odr\u017eao se jo\u0161 jedan susret na\u0161eg Book Kluba. Ovaj put na redu za \u010ditanje je bila knjiga \u201eSarin klju\u010d\u201c. Knjiga koja nas je potakla na razmi\u0161ljanje i dovela do novih saznanja. Knjiga govori o Drugom svjetskom ratu u Francuskoj. To je bilo jedno od najmra\u010dnijih razdoblja ljudske povijesti . Iako o njemu \u010ditamo stalno, teme o Drugom svjetskom ratu su dostupne posvuda, autorica nam je htjela pokazati kako ipa<span class=\"text_exposed_show\">k znamo malo o njemu i o patnji ljudi u to vrijeme. \u201eSarin klju\u010d\u201c je knjiga koja se urezuje u pam\u0107enje, nikog ne ostavlja ravnodu\u0161nim.<br \/>\nIako je bilo rije\u010d o \u201ete\u017eoj\u201c i dosta emotivnoj knjizi, atmosfera u Book Klubu je bila odli\u010dna. \u010clanice su iznijele svoja saznanja i iskustva. Nevjerojatno je koliko mo\u017eemo saznati jedni o drugih, a za sve to zaslu\u017ena je knjiga. Knjiga zbilja povezuje ljude, dokaz tomu je i na\u0161 Book Klub.<br \/>\nRazgovarali smo uz kavu, \u010dokoladu i grickalice na \u201eterasi\u201c ispred Gradske knji\u017enice. \u010cak ni vjetri\u0107 koji je zapuhao i prolio kavu nije pokvario atmosferu. Smijeha i ovaj put nije nedostajalo.<br \/>\nHvala na\u0161im knjigoljupkama na dolasku i predivnom dru\u017eenju.<br \/>\nSlijede\u0107i sastanak Book Kluba je 6. lipnja u 18 sati, a \u010dita se \u201eFantasti\u010dni ma\u010dak Bob\u201c.<br \/>\nVa\u0161e book voditeljice Maja i Ana<\/span><\/p>\n","protected":false},"excerpt":{"rendered":"<p>\u010citanje na otvorenom je i dalje aktualno. Ju\u010der, u \u010detvrtak 25. svibnja odr\u017eao se jo\u0161 jedan susret na\u0161eg Book Kluba. Ovaj put na redu za \u010ditanje je bila knjiga \u201eSarin klju\u010d\u201c. Knjiga koja nas je potakla na razmi\u0161ljanje i dovela do novih saznanja. Knjiga govori o Drugom svjetskom ratu u Francuskoj. To je bilo jedno [&hellip;]<\/p>\n","protected":false},"author":58,"featured_media":1172,"comment_status":"closed","ping_status":"closed","sticky":false,"template":"","format":"standard","meta":{"ngg_post_thumbnail":0},"categories":[8],"tags":[],"yoast_head":"<!-- This site is optimized with the Yoast SEO plugin v16.4 - https:\/\/yoast.com\/wordpress\/plugins\/seo\/ -->\n<meta name=\"robots\" content=\"index, follow, max-snippet:-1, max-image-preview:large, max-video-preview:-1\" \/>\n<link rel=\"canonical\" href=\"https:\/\/knjiznice.nsk.hr\/senj\/book-klub-i-dalje-uziva-na-otvorenom\/\" \/>\n<meta property=\"og:locale\" content=\"hr_HR\" \/>\n<meta property=\"og:type\" content=\"article\" \/>\n<meta property=\"og:title\" content=\"BOOK KLUB I DALJE U\u017dIVA NA OTVORENOM - Gradska knji\u017enica Senj\" \/>\n<meta property=\"og:description\" content=\"\u010citanje na otvorenom je i dalje aktualno. Ju\u010der, u \u010detvrtak 25. svibnja odr\u017eao se jo\u0161 jedan susret na\u0161eg Book Kluba. Ovaj put na redu za \u010ditanje je bila knjiga \u201eSarin klju\u010d\u201c. Knjiga koja nas je potakla na razmi\u0161ljanje i dovela do novih saznanja. Knjiga govori o Drugom svjetskom ratu u Francuskoj. To je bilo jedno [&hellip;]\" \/>\n<meta property=\"og:url\" content=\"https:\/\/knjiznice.nsk.hr\/senj\/book-klub-i-dalje-uziva-na-otvorenom\/\" \/>\n<meta property=\"og:site_name\" content=\"Gradska knji\u017enica Senj\" \/>\n<meta property=\"article:publisher\" content=\"http:\/\/facebook.com\/Gradska-knji%c5%benica-SENJ\" \/>\n<meta property=\"article:published_time\" content=\"2017-05-26T07:48:42+00:00\" \/>\n<meta property=\"og:image\" content=\"http:\/\/knjiznice.nsk.hr\/senj\/wp-content\/uploads\/sites\/60\/2017\/05\/b.jpg\" \/>\n\t<meta property=\"og:image:width\" content=\"533\" \/>\n\t<meta property=\"og:image:height\" content=\"300\" \/>\n<meta name=\"twitter:label1\" content=\"Procijenjeno vrijeme \u010ditanja\" \/>\n\t<meta name=\"twitter:data1\" content=\"1 minuta\" \/>\n<script type=\"application\/ld+json\" class=\"yoast-schema-graph\">{\"@context\":\"https:\/\/schema.org\",\"@graph\":[{\"@type\":\"WebSite\",\"@id\":\"https:\/\/knjiznice.nsk.hr\/senj\/#website\",\"url\":\"https:\/\/knjiznice.nsk.hr\/senj\/\",\"name\":\"Gradska knji\\u017enica Senj\",\"description\":\"S vama od 1835. godine\",\"potentialAction\":[{\"@type\":\"SearchAction\",\"target\":\"https:\/\/knjiznice.nsk.hr\/senj\/?s={search_term_string}\",\"query-input\":\"required name=search_term_string\"}],\"inLanguage\":\"hr\"},{\"@type\":\"ImageObject\",\"@id\":\"https:\/\/knjiznice.nsk.hr\/senj\/book-klub-i-dalje-uziva-na-otvorenom\/#primaryimage\",\"inLanguage\":\"hr\",\"url\":\"https:\/\/knjiznice.nsk.hr\/senj\/wp-content\/uploads\/sites\/60\/2017\/05\/b.jpg\",\"contentUrl\":\"https:\/\/knjiznice.nsk.hr\/senj\/wp-content\/uploads\/sites\/60\/2017\/05\/b.jpg\",\"width\":533,\"height\":300},{\"@type\":\"WebPage\",\"@id\":\"https:\/\/knjiznice.nsk.hr\/senj\/book-klub-i-dalje-uziva-na-otvorenom\/#webpage\",\"url\":\"https:\/\/knjiznice.nsk.hr\/senj\/book-klub-i-dalje-uziva-na-otvorenom\/\",\"name\":\"BOOK KLUB I DALJE U\\u017dIVA NA OTVORENOM - Gradska knji\\u017enica Senj\",\"isPartOf\":{\"@id\":\"https:\/\/knjiznice.nsk.hr\/senj\/#website\"},\"primaryImageOfPage\":{\"@id\":\"https:\/\/knjiznice.nsk.hr\/senj\/book-klub-i-dalje-uziva-na-otvorenom\/#primaryimage\"},\"datePublished\":\"2017-05-26T07:48:42+00:00\",\"dateModified\":\"2017-05-26T07:48:42+00:00\",\"author\":{\"@id\":\"https:\/\/knjiznice.nsk.hr\/senj\/#\/schema\/person\/c6b0893cdaca205d44fe2c322c042ac7\"},\"breadcrumb\":{\"@id\":\"https:\/\/knjiznice.nsk.hr\/senj\/book-klub-i-dalje-uziva-na-otvorenom\/#breadcrumb\"},\"inLanguage\":\"hr\",\"potentialAction\":[{\"@type\":\"ReadAction\",\"target\":[\"https:\/\/knjiznice.nsk.hr\/senj\/book-klub-i-dalje-uziva-na-otvorenom\/\"]}]},{\"@type\":\"BreadcrumbList\",\"@id\":\"https:\/\/knjiznice.nsk.hr\/senj\/book-klub-i-dalje-uziva-na-otvorenom\/#breadcrumb\",\"itemListElement\":[{\"@type\":\"ListItem\",\"position\":1,\"item\":{\"@type\":\"WebPage\",\"@id\":\"https:\/\/knjiznice.nsk.hr\/senj\/\",\"url\":\"https:\/\/knjiznice.nsk.hr\/senj\/\",\"name\":\"Po\\u010detna stranica\"}},{\"@type\":\"ListItem\",\"position\":2,\"item\":{\"@id\":\"https:\/\/knjiznice.nsk.hr\/senj\/book-klub-i-dalje-uziva-na-otvorenom\/#webpage\"}}]},{\"@type\":\"Person\",\"@id\":\"https:\/\/knjiznice.nsk.hr\/senj\/#\/schema\/person\/c6b0893cdaca205d44fe2c322c042ac7\",\"name\":\"senj\",\"image\":{\"@type\":\"ImageObject\",\"@id\":\"https:\/\/knjiznice.nsk.hr\/senj\/#personlogo\",\"inLanguage\":\"hr\",\"url\":\"https:\/\/secure.gravatar.com\/avatar\/b00e8e1a99b5ba41772fe68c6bcfd17c?s=96&d=mm&r=g\",\"contentUrl\":\"https:\/\/secure.gravatar.com\/avatar\/b00e8e1a99b5ba41772fe68c6bcfd17c?s=96&d=mm&r=g\",\"caption\":\"senj\"}}]}<\/script>\n<!-- \/ Yoast SEO plugin. -->","_links":{"self":[{"href":"https:\/\/knjiznice.nsk.hr\/senj\/wp-json\/wp\/v2\/posts\/1171"}],"collection":[{"href":"https:\/\/knjiznice.nsk.hr\/senj\/wp-json\/wp\/v2\/posts"}],"about":[{"href":"https:\/\/knjiznice.nsk.hr\/senj\/wp-json\/wp\/v2\/types\/post"}],"author":[{"embeddable":true,"href":"https:\/\/knjiznice.nsk.hr\/senj\/wp-json\/wp\/v2\/users\/58"}],"replies":[{"embeddable":true,"href":"https:\/\/knjiznice.nsk.hr\/senj\/wp-json\/wp\/v2\/comments?post=1171"}],"version-history":[{"count":1,"href":"https:\/\/knjiznice.nsk.hr\/senj\/wp-json\/wp\/v2\/posts\/1171\/revisions"}],"predecessor-version":[{"id":1173,"href":"https:\/\/knjiznice.nsk.hr\/senj\/wp-json\/wp\/v2\/posts\/1171\/revisions\/1173"}],"wp:featuredmedia":[{"embeddable":true,"href":"https:\/\/knjiznice.nsk.hr\/senj\/wp-json\/wp\/v2\/media\/1172"}],"wp:attachment":[{"href":"https:\/\/knjiznice.nsk.hr\/senj\/wp-json\/wp\/v2\/media?parent=1171"}],"wp:term":[{"taxonomy":"category","embeddable":true,"href":"https:\/\/knjiznice.nsk.hr\/senj\/wp-json\/wp\/v2\/categories?post=1171"},{"taxonomy":"post_tag","embeddable":true,"href":"https:\/\/knjiznice.nsk.hr\/senj\/wp-json\/wp\/v2\/tags?post=1171"}],"curies":[{"name":"wp","href":"https:\/\/api.w.org\/{rel}","templated":true}]}}