{"id":1160,"date":"2017-05-13T07:51:53","date_gmt":"2017-05-13T07:51:53","guid":{"rendered":"http:\/\/knjiznice.nsk.hr\/senj\/?p=1160"},"modified":"2017-05-13T07:51:53","modified_gmt":"2017-05-13T07:51:53","slug":"book-klub-otvorili-smo-sezonu-citanja-na-otvorenom","status":"publish","type":"post","link":"https:\/\/knjiznice.nsk.hr\/senj\/book-klub-otvorili-smo-sezonu-citanja-na-otvorenom\/","title":{"rendered":"BOOK KLUB-OTVORILI SMO SEZONU \u010cITANJA NA OTVORENOM"},"content":{"rendered":"<p>&nbsp;<\/p>\n<p>U petak, 12. svibnja odr\u017eao se novi susret na\u0161eg Book Kluba, a ovaj put na\u0161e knji\u017eevno dru\u017eenje bilo je ne\u0161to druga\u010dije nego ina\u010de. Lijepo vrijeme izmamilo je \u010dita\u010dice van pa smo na\u0161 prostor unutar knji\u017enice odlu\u010dili zamijeniti onim vanjskim, \u201eterasom\u201c ispred knji\u017enice.<\/p>\n<p>Na fri\u0161kome zraku, uz kavu i kola\u010de, razgovarali smo o na\u0161oj Zori koju smo \u010ditali za ovaj susret. Roman \u201eCrvenokosa Zora i njezina dru\u017eina\u201c sve nas je odu\u0161evio-\u0161to zbog brojnih referenca s na\u0161im gradom, \u0161to zbog kvalitetne radnje koja je zanimljiva i djeci i odraslima.<\/p>\n<p>Uz Zoru smo pro\u017eivjeli neka stara vremena koja nismo poznavali. Bilo je lijepo \u010ditati i pri\u010dati o tome kako je Senj izgledao prije. Knjiga budi nostalgiju za pro\u0161lim vremenima, ali i otvara mnoge va\u017ene teme vezane za dru\u0161tvo, grad, odnose me\u0111u ljudima. Svevremenska pri\u010da o borbi za vlastito mjesto pod suncem primjenjiva je u svako doba, kako u vrijeme kad su Zora i dru\u017eina tr\u010darali Velikom placom i Nehajem, tako i sada u na\u0161e doba.<\/p>\n<p>Kao i uvijek, na\u0161e book dru\u017eenje je proteklo u ugodnoj atmosferi. Vodile su se brojne debate i polemike, a posebno je zanimljivo bilo rekonstrirati gdje se zapravo nalaze lokacije iz romana. Naravno, nikad ni\u0161ta bez smijeha i humora, a nije ga manjkalo ni ovaj put.<\/p>\n<p>Hvala svim knjigoljupkama na dolasku i ugodnom dru\u017eenju!&nbsp;<\/p>\n<p>Sljede\u0107i sastanak Book Kluba je 23. svibnja u 18 sati, a \u010dita se \u201eSarin klju\u010d\u201c.<\/p>\n<p>Va\u0161e book voditeljice Maja i Ana<\/p>\n","protected":false},"excerpt":{"rendered":"<p>&nbsp; U petak, 12. svibnja odr\u017eao se novi susret na\u0161eg Book Kluba, a ovaj put na\u0161e knji\u017eevno dru\u017eenje bilo je ne\u0161to druga\u010dije nego ina\u010de. Lijepo vrijeme izmamilo je \u010dita\u010dice van pa smo na\u0161 prostor unutar knji\u017enice odlu\u010dili zamijeniti onim vanjskim, \u201eterasom\u201c ispred knji\u017enice. Na fri\u0161kome zraku, uz kavu i kola\u010de, razgovarali smo o na\u0161oj Zori [&hellip;]<\/p>\n","protected":false},"author":58,"featured_media":1161,"comment_status":"closed","ping_status":"closed","sticky":false,"template":"","format":"standard","meta":{"ngg_post_thumbnail":0},"categories":[8],"tags":[],"yoast_head":"<!-- This site is optimized with the Yoast SEO plugin v16.4 - https:\/\/yoast.com\/wordpress\/plugins\/seo\/ -->\n<meta name=\"robots\" content=\"index, follow, max-snippet:-1, max-image-preview:large, max-video-preview:-1\" \/>\n<link rel=\"canonical\" href=\"https:\/\/knjiznice.nsk.hr\/senj\/book-klub-otvorili-smo-sezonu-citanja-na-otvorenom\/\" \/>\n<meta property=\"og:locale\" content=\"hr_HR\" \/>\n<meta property=\"og:type\" content=\"article\" \/>\n<meta property=\"og:title\" content=\"BOOK KLUB-OTVORILI SMO SEZONU \u010cITANJA NA OTVORENOM - Gradska knji\u017enica Senj\" \/>\n<meta property=\"og:description\" content=\"&nbsp; U petak, 12. svibnja odr\u017eao se novi susret na\u0161eg Book Kluba, a ovaj put na\u0161e knji\u017eevno dru\u017eenje bilo je ne\u0161to druga\u010dije nego ina\u010de. Lijepo vrijeme izmamilo je \u010dita\u010dice van pa smo na\u0161 prostor unutar knji\u017enice odlu\u010dili zamijeniti onim vanjskim, \u201eterasom\u201c ispred knji\u017enice. Na fri\u0161kome zraku, uz kavu i kola\u010de, razgovarali smo o na\u0161oj Zori [&hellip;]\" \/>\n<meta property=\"og:url\" content=\"https:\/\/knjiznice.nsk.hr\/senj\/book-klub-otvorili-smo-sezonu-citanja-na-otvorenom\/\" \/>\n<meta property=\"og:site_name\" content=\"Gradska knji\u017enica Senj\" \/>\n<meta property=\"article:publisher\" content=\"http:\/\/facebook.com\/Gradska-knji%c5%benica-SENJ\" \/>\n<meta property=\"article:published_time\" content=\"2017-05-13T07:51:53+00:00\" \/>\n<meta property=\"og:image\" content=\"http:\/\/knjiznice.nsk.hr\/senj\/wp-content\/uploads\/sites\/60\/2017\/05\/image-0-02-05-e4ea2820c24c5e74ea76956977c81ccb53067127b28d67044e98cdad4b0c5fec-V.jpg\" \/>\n\t<meta property=\"og:image:width\" content=\"1280\" \/>\n\t<meta property=\"og:image:height\" content=\"720\" \/>\n<meta name=\"twitter:label1\" content=\"Procijenjeno vrijeme \u010ditanja\" \/>\n\t<meta name=\"twitter:data1\" content=\"1 minuta\" \/>\n<script type=\"application\/ld+json\" class=\"yoast-schema-graph\">{\"@context\":\"https:\/\/schema.org\",\"@graph\":[{\"@type\":\"WebSite\",\"@id\":\"https:\/\/knjiznice.nsk.hr\/senj\/#website\",\"url\":\"https:\/\/knjiznice.nsk.hr\/senj\/\",\"name\":\"Gradska knji\\u017enica Senj\",\"description\":\"S vama od 1835. godine\",\"potentialAction\":[{\"@type\":\"SearchAction\",\"target\":\"https:\/\/knjiznice.nsk.hr\/senj\/?s={search_term_string}\",\"query-input\":\"required name=search_term_string\"}],\"inLanguage\":\"hr\"},{\"@type\":\"ImageObject\",\"@id\":\"https:\/\/knjiznice.nsk.hr\/senj\/book-klub-otvorili-smo-sezonu-citanja-na-otvorenom\/#primaryimage\",\"inLanguage\":\"hr\",\"url\":\"https:\/\/knjiznice.nsk.hr\/senj\/wp-content\/uploads\/sites\/60\/2017\/05\/image-0-02-05-e4ea2820c24c5e74ea76956977c81ccb53067127b28d67044e98cdad4b0c5fec-V.jpg\",\"contentUrl\":\"https:\/\/knjiznice.nsk.hr\/senj\/wp-content\/uploads\/sites\/60\/2017\/05\/image-0-02-05-e4ea2820c24c5e74ea76956977c81ccb53067127b28d67044e98cdad4b0c5fec-V.jpg\",\"width\":1280,\"height\":720},{\"@type\":\"WebPage\",\"@id\":\"https:\/\/knjiznice.nsk.hr\/senj\/book-klub-otvorili-smo-sezonu-citanja-na-otvorenom\/#webpage\",\"url\":\"https:\/\/knjiznice.nsk.hr\/senj\/book-klub-otvorili-smo-sezonu-citanja-na-otvorenom\/\",\"name\":\"BOOK KLUB-OTVORILI SMO SEZONU \\u010cITANJA NA OTVORENOM - Gradska knji\\u017enica Senj\",\"isPartOf\":{\"@id\":\"https:\/\/knjiznice.nsk.hr\/senj\/#website\"},\"primaryImageOfPage\":{\"@id\":\"https:\/\/knjiznice.nsk.hr\/senj\/book-klub-otvorili-smo-sezonu-citanja-na-otvorenom\/#primaryimage\"},\"datePublished\":\"2017-05-13T07:51:53+00:00\",\"dateModified\":\"2017-05-13T07:51:53+00:00\",\"author\":{\"@id\":\"https:\/\/knjiznice.nsk.hr\/senj\/#\/schema\/person\/c6b0893cdaca205d44fe2c322c042ac7\"},\"breadcrumb\":{\"@id\":\"https:\/\/knjiznice.nsk.hr\/senj\/book-klub-otvorili-smo-sezonu-citanja-na-otvorenom\/#breadcrumb\"},\"inLanguage\":\"hr\",\"potentialAction\":[{\"@type\":\"ReadAction\",\"target\":[\"https:\/\/knjiznice.nsk.hr\/senj\/book-klub-otvorili-smo-sezonu-citanja-na-otvorenom\/\"]}]},{\"@type\":\"BreadcrumbList\",\"@id\":\"https:\/\/knjiznice.nsk.hr\/senj\/book-klub-otvorili-smo-sezonu-citanja-na-otvorenom\/#breadcrumb\",\"itemListElement\":[{\"@type\":\"ListItem\",\"position\":1,\"item\":{\"@type\":\"WebPage\",\"@id\":\"https:\/\/knjiznice.nsk.hr\/senj\/\",\"url\":\"https:\/\/knjiznice.nsk.hr\/senj\/\",\"name\":\"Po\\u010detna stranica\"}},{\"@type\":\"ListItem\",\"position\":2,\"item\":{\"@id\":\"https:\/\/knjiznice.nsk.hr\/senj\/book-klub-otvorili-smo-sezonu-citanja-na-otvorenom\/#webpage\"}}]},{\"@type\":\"Person\",\"@id\":\"https:\/\/knjiznice.nsk.hr\/senj\/#\/schema\/person\/c6b0893cdaca205d44fe2c322c042ac7\",\"name\":\"senj\",\"image\":{\"@type\":\"ImageObject\",\"@id\":\"https:\/\/knjiznice.nsk.hr\/senj\/#personlogo\",\"inLanguage\":\"hr\",\"url\":\"https:\/\/secure.gravatar.com\/avatar\/b00e8e1a99b5ba41772fe68c6bcfd17c?s=96&d=mm&r=g\",\"contentUrl\":\"https:\/\/secure.gravatar.com\/avatar\/b00e8e1a99b5ba41772fe68c6bcfd17c?s=96&d=mm&r=g\",\"caption\":\"senj\"}}]}<\/script>\n<!-- \/ Yoast SEO plugin. -->","_links":{"self":[{"href":"https:\/\/knjiznice.nsk.hr\/senj\/wp-json\/wp\/v2\/posts\/1160"}],"collection":[{"href":"https:\/\/knjiznice.nsk.hr\/senj\/wp-json\/wp\/v2\/posts"}],"about":[{"href":"https:\/\/knjiznice.nsk.hr\/senj\/wp-json\/wp\/v2\/types\/post"}],"author":[{"embeddable":true,"href":"https:\/\/knjiznice.nsk.hr\/senj\/wp-json\/wp\/v2\/users\/58"}],"replies":[{"embeddable":true,"href":"https:\/\/knjiznice.nsk.hr\/senj\/wp-json\/wp\/v2\/comments?post=1160"}],"version-history":[{"count":1,"href":"https:\/\/knjiznice.nsk.hr\/senj\/wp-json\/wp\/v2\/posts\/1160\/revisions"}],"predecessor-version":[{"id":1162,"href":"https:\/\/knjiznice.nsk.hr\/senj\/wp-json\/wp\/v2\/posts\/1160\/revisions\/1162"}],"wp:featuredmedia":[{"embeddable":true,"href":"https:\/\/knjiznice.nsk.hr\/senj\/wp-json\/wp\/v2\/media\/1161"}],"wp:attachment":[{"href":"https:\/\/knjiznice.nsk.hr\/senj\/wp-json\/wp\/v2\/media?parent=1160"}],"wp:term":[{"taxonomy":"category","embeddable":true,"href":"https:\/\/knjiznice.nsk.hr\/senj\/wp-json\/wp\/v2\/categories?post=1160"},{"taxonomy":"post_tag","embeddable":true,"href":"https:\/\/knjiznice.nsk.hr\/senj\/wp-json\/wp\/v2\/tags?post=1160"}],"curies":[{"name":"wp","href":"https:\/\/api.w.org\/{rel}","templated":true}]}}